{"id":65406,"date":"2019-10-24T14:50:02","date_gmt":"2019-10-24T18:50:02","guid":{"rendered":"https:\/\/linitiative.ca\/International\/le-genie-de-leonard-de-vinci-decrypte-par-les-experts\/"},"modified":"2019-10-24T14:50:02","modified_gmt":"2019-10-24T18:50:02","slug":"le-genie-de-leonard-de-vinci-decrypte-par-les-experts","status":"publish","type":"post","link":"https:\/\/linitiative.ca\/International\/le-genie-de-leonard-de-vinci-decrypte-par-les-experts\/","title":{"rendered":"Le g\u00e9nie de L\u00e9onard de Vinci d\u00e9crypt\u00e9 par les experts"},"content":{"rendered":"<div readability=\"32\">\n<p>Publi\u00e9 le 24.10.2019 \u00e0 19h50 par AFP<\/p>\n<\/div>\n<div readability=\"120\">\n<p>L\u00e9onard de Vinci (1459-1519) a \u00e9t\u00e9 reconnu d\u2019embl\u00e9e comme un peintre hors du commun par ses contemporains. Les commissaires de l\u2019exposition s\u2019ouvrant jeudi au Louvre expliquent en quoi r\u00e9side la singularit\u00e9 de cet artiste qui a travers\u00e9 les si\u00e8cles.<\/p>\n<p>\u2013 La peinture au-dessus de tout \u2013<\/p>\n<p>A la fois artiste et scientifique, incarnation du savoir universel, L\u00e9onard de Vinci place la peinture au-dessus de tout, et la consid\u00e8re comme \u00ab\u00a0la reine des sciences\u00a0\u00bb par sa capacit\u00e9 \u00e0 \u00ab\u00a0recr\u00e9er le monde\u00a0\u00bb, explique Louis Frank, co-commissaire de l\u2019exposition.<\/p>\n<p>Passionn\u00e9 d\u2019anatomie comme de math\u00e9matiques, de botanique comme de cosmologie, il va mettre toutes ses connaissances au service de la peinture. Cette grande exigence \u00ab\u00a0l\u2019am\u00e8ne \u00e0 vouloir comprendre le monde dans son essence, plut\u00f4t que de le restituer imm\u00e9diatement dans sa peinture\u00a0\u00bb, ce qui va se traduire par une production tout sauf pl\u00e9thorique.<\/p>\n<p>\u00ab\u00a0Qu\u2019il ait peu peint n\u2019est pas le signe d\u2019un d\u00e9sint\u00e9r\u00eat; \u00e7a lui a permis de peindre des tableaux parfaits. Ses contemporains en \u00e9taient conscients, les oeuvres de L\u00e9onard de Vinci les \u00e9blouissent au point que certains parlent m\u00eame de terreur\u00a0\u00bb, souligne Vincent Delieuvin, conservateur en chef du Patrimoine, en particulier des peintures.<\/p>\n<p>\u2013 La \u00ab\u00a0vibration\u00a0\u00bb de la vie \u2013<\/p>\n<p>Le sourire de la \u00ab\u00a0Joconde\u00a0\u00bb en est la preuve \u00e9clatante, L\u00e9onard de Vinci est passionn\u00e9 par l\u2019expression des sentiments humains. \u00ab\u00a0Pour lui, le sourire est l\u2019expression la plus subtile: c\u2019est l\u2019essence m\u00eame de l\u2019humanit\u00e9, c\u2019est par essence transitoire. Rien de mieux qu\u2019un sourire pour exprimer la magie de l\u2019expression humaine\u00a0\u00bb.<\/p>\n<p>R\u00e9sultat: il va supprimer peu \u00e0 peu \u00ab\u00a0les gestes trop artificiels\u00a0\u00bb de ses peintures pour se concentrer sur les expressions, r\u00e9v\u00e8lent les dessins et les r\u00e9flectographies infrarouge pr\u00e9sent\u00e9es au Louvre et mettant en \u00e9vidence les diff\u00e9rentes \u00e9tapes de son travail.<\/p>\n<p>\u00ab\u00a0C\u2019est un artiste qui, peu \u00e0 peu, utilise de moins en moins de mati\u00e8re, avec des transitions presque imperceptibles de l\u2019ombre \u00e0 la lumi\u00e8re. Sa mati\u00e8re s\u2019affine et presque tout est fait de couches tr\u00e8s fines de peinture, de glacis. \u00c7a va lui permettre de poser des voiles d\u2019ombre et de donner une vibration \u00e0 la peinture\u00a0\u00bb, souligne Vincent Delieuvin.<\/p>\n<p>Cet effet dit \u00ab\u00a0de sfumato\u00a0\u00bb est une technique picturale donnant l\u00a0\u00bb\u2018impression que les contours d\u2019un sujet sont \u00ab\u00a0l\u00e9g\u00e8rement vibrants\u00a0\u00bb et donnant \u00e0 l\u2019ensemble un air vaporeux.<\/p>\n<p>\u2013 L\u2019art de l\u2019inachev\u00e9 \u2013<\/p>\n<p>Laiss\u00e9e inachev\u00e9e \u00e0 la mort de l\u2019artiste en 1519, la \u00ab\u00a0Sainte Anne\u00a0\u00bb \u2014 un des chefs d\u2019oeuvre de l\u2019exposition \u2014 n\u2019est pas une exception dans le parcours du ma\u00eetre italien. Si ses premiers tableaux \u00ab\u00a0sont parfaitement finis, il se rend compte, vers 25 ans, que les formes abouties sont mortes. En exp\u00e9rimentant, il se rend compte de la puissance d\u2019une peinture pas parfaitement achev\u00e9e\u00a0\u00bb, souligne le commissaire de l\u2019exposition.<\/p>\n<p>L\u2019inach\u00e8vement (le \u00ab\u00a0non finito\u00a0\u00bb) va prendre une dimension presque philosophique dans le travail de L\u00e9onard de Vinci qui, comme penseur, \u00e9tait ouvert \u00e0 l\u2019exploration d\u2019id\u00e9es, souvent au d\u00e9triment de la fermeture et de la conclusion.<\/p>\n<p>\u00ab\u00a0Une de ses grandes conqu\u00eates, c\u2019est d\u2019avoir ouvert les yeux de ses contemporains sur la puissance que peut avoir l\u2019inach\u00e8vement\u00a0\u00bb, estime Vincent Delieuvin. \u00ab\u00a0Il apporte une c\u00e9sure dans l\u2019obsession pour la forme achev\u00e9e. Si on \u00e9tait po\u00e8te, on pourrait dire qu\u2019il ouvre une grande voie qui aboutira \u00e0 l\u2019abstraction au XXe si\u00e8cle\u00a0\u00bb, sugg\u00e8re l\u2019expert.<\/p>\n<\/div>\n<p>Auteur: AFP<br \/>\n<a href=\"https:\/\/www.journalducameroun.com\/le-genie-de-leonard-de-vinci-decrypte-par-les-experts\/\">Cliquez ici pour lire l&rsquo;article depuis sa source.<\/a><\/p>\n","protected":false},"excerpt":{"rendered":"<p>Publi\u00e9 le 24.10.2019 \u00e0 19h50 par AFP L\u00e9onard de Vinci (1459-1519) a \u00e9t\u00e9 reconnu d\u2019embl\u00e9e comme un peintre hors du commun par ses contemporains. Les commissaires de l\u2019exposition s\u2019ouvrant jeudi au Louvre expliquent en quoi r\u00e9side la singularit\u00e9 de cet artiste qui a travers\u00e9 les si\u00e8cles. \u2013 La peinture au-dessus de tout \u2013 A la [&hellip;]<\/p>\n","protected":false},"author":1965,"featured_media":0,"comment_status":"closed","ping_status":"closed","sticky":false,"template":"","format":"standard","meta":{"fifu_image_url":"","fifu_image_alt":"","footnotes":""},"categories":[73,82],"tags":[],"class_list":["post-65406","post","type-post","status-publish","format-standard","hentry","category-actualite","category-cameroun"],"_links":{"self":[{"href":"https:\/\/linitiative.ca\/International\/wp-json\/wp\/v2\/posts\/65406","targetHints":{"allow":["GET"]}}],"collection":[{"href":"https:\/\/linitiative.ca\/International\/wp-json\/wp\/v2\/posts"}],"about":[{"href":"https:\/\/linitiative.ca\/International\/wp-json\/wp\/v2\/types\/post"}],"author":[{"embeddable":true,"href":"https:\/\/linitiative.ca\/International\/wp-json\/wp\/v2\/users\/1965"}],"replies":[{"embeddable":true,"href":"https:\/\/linitiative.ca\/International\/wp-json\/wp\/v2\/comments?post=65406"}],"version-history":[{"count":0,"href":"https:\/\/linitiative.ca\/International\/wp-json\/wp\/v2\/posts\/65406\/revisions"}],"wp:attachment":[{"href":"https:\/\/linitiative.ca\/International\/wp-json\/wp\/v2\/media?parent=65406"}],"wp:term":[{"taxonomy":"category","embeddable":true,"href":"https:\/\/linitiative.ca\/International\/wp-json\/wp\/v2\/categories?post=65406"},{"taxonomy":"post_tag","embeddable":true,"href":"https:\/\/linitiative.ca\/International\/wp-json\/wp\/v2\/tags?post=65406"}],"curies":[{"name":"wp","href":"https:\/\/api.w.org\/{rel}","templated":true}]}}