{"id":65409,"date":"2019-10-24T14:50:05","date_gmt":"2019-10-24T18:50:05","guid":{"rendered":"https:\/\/linitiative.ca\/International\/leonard-un-homme-aux-multiples-facettes\/"},"modified":"2019-10-24T14:50:05","modified_gmt":"2019-10-24T18:50:05","slug":"leonard-un-homme-aux-multiples-facettes","status":"publish","type":"post","link":"https:\/\/linitiative.ca\/International\/leonard-un-homme-aux-multiples-facettes\/","title":{"rendered":"L\u00e9onard: un homme aux multiples facettes"},"content":{"rendered":"<p>Qui \u00e9tait L\u00e9onard de Vinci (1452-1519), ce \u00ab\u00a0g\u00e9nie universel\u00a0\u00bb? Parmi les multiples facettes qui le caract\u00e9risent: une curiosit\u00e9 insatiable pour d\u00e9crypter le monde et une insatisfaction qui le contraint \u00e0 remanier sans cesse pour \u00eatre au plus pr\u00e8s la r\u00e9alit\u00e9.<\/p>\n<p>-Le b\u00e2tard-<\/p>\n<p>N\u00e9 hors mariage, b\u00e2tard, malheureux affectivement mais non mat\u00e9riellement \u2013il est issu d\u2019une lign\u00e9e de notaires de Toscane (Italie)\u2013 il va tr\u00e8s t\u00f4t se passionner pour les sciences naturelles. Son go\u00fbt pour la science est peut-\u00eatre une fa\u00e7on de fuir une r\u00e9alit\u00e9 douloureuse, a-t-on analys\u00e9.<\/p>\n<p>Freud s\u2019est int\u00e9ress\u00e9 \u00e0 cette jeunesse dans son essai \u00ab\u00a0Un souvenir d\u2019enfance de L\u00e9onard de Vinci\u00a0\u00bb, dans lequel il tente de percer l\u2019inconscient de l\u2019artiste.<\/p>\n<p>-Chez les puissants-<\/p>\n<p>Tr\u00e8s vite, quand il s\u2019\u00e9tablit \u00e0 Florence, il d\u00e9couvre l\u2019atelier du r\u00e9put\u00e9 Verrocchio et fr\u00e9quente les puissants.<\/p>\n<p>Selon Louis Frank, un des commissaires de l\u2019exposition, il \u00e9tait \u00ab\u00a0un homme grand, fort, tr\u00e8s beau, lucide et m\u00e9lancolique\u00a0\u00bb, qui \u00ab\u00a0aimait beaucoup parler de ce qu\u2019il faisait. Sa d\u00e9marche \u00e9tait tr\u00e8s rationnelle et pas du tout \u00e9sot\u00e9rique\u00a0\u00bb. Il s\u2019habillait d\u2019une fa\u00e7on qui le faisait remarquer.<\/p>\n<p>En outre, n\u2019ayant besoin de rien, mat\u00e9riellement assist\u00e9 par les m\u00e9c\u00e8nes et les princes, \u00ab\u00a0il avait fondamentalement le temps et il le prenait\u00a0\u00bb.<\/p>\n<p>-Homosexualit\u00e9-<\/p>\n<p>Son homosexualit\u00e9 a beaucoup \u00e9t\u00e9 comment\u00e9e. Y compris \u00e0 travers certains de ses portraits de femmes, assez androgynes. Il sera accus\u00e9 \u00e0 Florence de \u00ab\u00a0sodomie\u00a0\u00bb avec un prostitu\u00e9. On a parl\u00e9 d\u2019une liaison avec son assistant Salai et d\u2019autres jeunes hommes. Mais rien n\u2019est attest\u00e9. \u00ab\u00a0En fait, on ne sait presque rien de sa vie priv\u00e9e. Il n\u2019a pas laiss\u00e9 de documents, alors qu\u2019il a \u00e9crit de tr\u00e8s beaux textes\u00a0\u00bb, d\u00e9clare, prudent, M. Frank.<\/p>\n<p>\u2013 Spectacles grandioses-<\/p>\n<p>Son vrai m\u00e9tier sera d\u2019organiser des spectacles extraordinaires pour les princes et leur cour. \u00ab\u00a0C\u2019\u00e9tait son m\u00e9tier de distraire, de raconter des histoires, il \u00e9tait tr\u00e8s amusant\u00a0\u00bb, dit le commissaire. Il y consacrait beaucoup de temps.<\/p>\n<p>-Chercheur-<\/p>\n<p>Il y a ensuite le chercheur n\u00e9, passionn\u00e9. Recherches en anatomie, botanique, m\u00e9canique, astronomie, architecture. Il veut comprendre l\u2019int\u00e9rieur des ph\u00e9nom\u00e8nes. \u00ab\u00a0Il avait un sentiment intense du passage des choses, de l\u2019universelle destruction. Il estimait que les quatre \u00e9l\u00e9ments \u2013terre, air, feu, eau\u2013 d\u00e9siraient revenir au chaos initial\u00a0\u00bb, souligne encore Louis Frank.<\/p>\n<p>\u2013 Inspiration mystique \u2013<\/p>\n<p>Les th\u00e8mes religieux du Salut \u2013autour la Vierge, Sainte-Anne, Saint Jean-Baptiste, le Christ \u00ab\u00a0Salvator Mundi\u00a0\u00bb, Saint J\u00e9r\u00f4me\u2013 l\u2019inspirent profond\u00e9ment. Croyant mais pas pieux. Dans sa Sainte-Anne, il met beaucoup d\u2019humanit\u00e9, d\u2019humanisme: la Vierge doit-elle retenir son enfant ou le laisser partir vers son destin?<\/p>\n<p>\u2013 Corps et machines \u2013<\/p>\n<p>Le corps humain, ses proportions, son harmonie ou sa disharmonie, le visage, ses expressions le fascinent. Ainsi son \u00ab\u00a0Homme de Vitruve\u00a0\u00bb expos\u00e9 au Louvre d\u00e9finit les proportions du corps.<\/p>\n<p>Ses d\u00e9couvertes scientifiques qu\u2019il couche dans les multiples croquis de ses codex lui permettront d\u2019imaginer des machines et seront des sources d\u2019inspiration pour les savants. Parfois, ses machines sont purement utopiques. Il r\u00eave s\u00fbrement de voler.<\/p>\n<p>Au service du condottiere Borgia, il sera m\u00eame un temps ing\u00e9nieur militaire et concevra des plans de machines de guerre.<\/p>\n<p>Surtout la botanique le fascine jusqu\u2019\u00e0 la fin de sa vie, pr\u00e8s d\u2019Amboise en France. Il se plait \u00e0 l\u2019\u00e9tude de la lumi\u00e8re, du relief, des plantes, des animaux. Cela donne dans ses tableaux des fonds, des d\u00e9tails extr\u00eamement bien \u00e9tudi\u00e9s, m\u00eame si les personnages focalisent l\u2019attention.<\/p>\n<p>\u2013 Le peintre g\u00e9nial \u2013<\/p>\n<p>Toute cette connaissance d\u2019une vie, il la verse dans sa recherche picturale des visages, des expressions, de la vibration qui \u00e9mane des silhouettes (qu\u2019il va rendre gr\u00e2ce \u00e0 la technique du \u00ab\u00a0sfumato\u00a0\u00bb). Il laisse inachev\u00e9 des parties enti\u00e8res pour faire ressortir l\u2019essentiel.<\/p>\n<p>\u00ab\u00a0Plus il avance dans sa carri\u00e8re, plus il se concentre sur l\u2019expression lui-m\u00eame \u2026 Il supprime pour mettre en valeur les visages et l\u2019expression des sentiments humains,\u00a0\u00bb souligne l\u2019autre commissaire Vincent Delieuvin. Comme s\u2019il ressentait avec l\u2019\u00e2ge la n\u00e9cessit\u00e9 d\u2019aller \u00e0 l\u2019essentiel.<\/p>\n<p>Pour L\u00e9onard, \u00ab\u00a0la peinture doit restituer la v\u00e9rit\u00e9 de l\u2019\u00eatre humain, son anatomie, les passions de l\u2019\u00e2me, mais aussi le monde\u00a0\u00bb, souligne-t-il.<\/p>\n<p>Auteur: AFP<br \/>\n<a href=\"https:\/\/www.journalducameroun.com\/leonard-un-homme-aux-multiples-facettes\/\">Cliquez ici pour lire l&rsquo;article depuis sa source.<\/a><\/p>\n","protected":false},"excerpt":{"rendered":"<p>Qui \u00e9tait L\u00e9onard de Vinci (1452-1519), ce \u00ab\u00a0g\u00e9nie universel\u00a0\u00bb? Parmi les multiples facettes qui le caract\u00e9risent: une curiosit\u00e9 insatiable pour d\u00e9crypter le monde et une insatisfaction qui le contraint \u00e0 remanier sans cesse pour \u00eatre au plus pr\u00e8s la r\u00e9alit\u00e9. -Le b\u00e2tard- N\u00e9 hors mariage, b\u00e2tard, malheureux affectivement mais non mat\u00e9riellement \u2013il est issu d\u2019une [&hellip;]<\/p>\n","protected":false},"author":1965,"featured_media":0,"comment_status":"closed","ping_status":"closed","sticky":false,"template":"","format":"standard","meta":{"fifu_image_url":"","fifu_image_alt":"","footnotes":""},"categories":[73,82],"tags":[],"class_list":["post-65409","post","type-post","status-publish","format-standard","hentry","category-actualite","category-cameroun"],"_links":{"self":[{"href":"https:\/\/linitiative.ca\/International\/wp-json\/wp\/v2\/posts\/65409","targetHints":{"allow":["GET"]}}],"collection":[{"href":"https:\/\/linitiative.ca\/International\/wp-json\/wp\/v2\/posts"}],"about":[{"href":"https:\/\/linitiative.ca\/International\/wp-json\/wp\/v2\/types\/post"}],"author":[{"embeddable":true,"href":"https:\/\/linitiative.ca\/International\/wp-json\/wp\/v2\/users\/1965"}],"replies":[{"embeddable":true,"href":"https:\/\/linitiative.ca\/International\/wp-json\/wp\/v2\/comments?post=65409"}],"version-history":[{"count":0,"href":"https:\/\/linitiative.ca\/International\/wp-json\/wp\/v2\/posts\/65409\/revisions"}],"wp:attachment":[{"href":"https:\/\/linitiative.ca\/International\/wp-json\/wp\/v2\/media?parent=65409"}],"wp:term":[{"taxonomy":"category","embeddable":true,"href":"https:\/\/linitiative.ca\/International\/wp-json\/wp\/v2\/categories?post=65409"},{"taxonomy":"post_tag","embeddable":true,"href":"https:\/\/linitiative.ca\/International\/wp-json\/wp\/v2\/tags?post=65409"}],"curies":[{"name":"wp","href":"https:\/\/api.w.org\/{rel}","templated":true}]}}