{"id":65412,"date":"2019-10-24T15:22:35","date_gmt":"2019-10-24T19:22:35","guid":{"rendered":"https:\/\/linitiative.ca\/International\/developpement-durable-le-burkina-integre-linstitut-de-la-croissance-verte-mondiale\/"},"modified":"2019-10-24T15:22:35","modified_gmt":"2019-10-24T19:22:35","slug":"developpement-durable-le-burkina-integre-linstitut-de-la-croissance-verte-mondiale","status":"publish","type":"post","link":"https:\/\/linitiative.ca\/International\/developpement-durable-le-burkina-integre-linstitut-de-la-croissance-verte-mondiale\/","title":{"rendered":"D\u00e9veloppement durable  : le Burkina int\u00e8gre l\u2019Institut de la croissance verte mondiale"},"content":{"rendered":"<div class=\"td-post-featured-image\"><a href=\"https:\/\/i0.wp.com\/www.sidwaya.info\/wp-content\/uploads\/2019\/10\/1-59.jpg?fit=612%2C352&#038;ssl=1\" data-caption=\"\"><img loading=\"lazy\" decoding=\"async\" width=\"612\" height=\"352\" class=\"entry-thumb td-modal-image\" src=\"https:\/\/i0.wp.com\/www.sidwaya.info\/wp-content\/uploads\/2019\/10\/1-59.jpg?resize=612%2C352&#038;ssl=1\" srcset=\"https:\/\/i0.wp.com\/www.sidwaya.info\/wp-content\/uploads\/2019\/10\/1-59.jpg?w=612&#038;ssl=1 612w, https:\/\/i0.wp.com\/www.sidwaya.info\/wp-content\/uploads\/2019\/10\/1-59.jpg?resize=300%2C173&#038;ssl=1 300w\" sizes=\"auto, (max-width: 612px) 100vw, 612px\" alt=\"\" title=\"1\"\/><\/a><\/div>\n<div class=\"td-a-rec td-a-rec-id-content_top td_uid_30_5db1fb4b26d1b_rand td_block_template_1\"><img loading=\"lazy\" decoding=\"async\" class=\"aligncenter size-full wp-image-15084\" src=\"https:\/\/www.sidwaya.info\/wp-content\/uploads\/2019\/10\/Bannie%CC%80re.png\" alt=\"\" width=\"720\" height=\"90\"\/><\/div>\n<p><strong>L\u2019Institut de croissance verte mondiale (GGGI en anglais) a tenu le 24 octobre \u00e0 S\u00e9oul, en Cor\u00e9e du Sud, sa huiti\u00e8me session, au cours de laquelle, plusieurs pays dont le Burkina Faso ont int\u00e9gr\u00e9 l\u2019organisation.<\/strong><\/p>\n<p>Le Burkina Faso est officiellement membre de l\u2019Institut de la croissance verte mondiale(GGGI). Il a \u00e9t\u00e9 admis, le 24 octobre 2019, \u00e0 S\u00e9oul, en Cor\u00e9e du Sud, au cours de la huiti\u00e8me assembl\u00e9e de l\u2019organisation. F\u00e9licit\u00e9 par le pr\u00e9sident<br \/>de cet organisme intergouvernemental, Ban Ki-Moon, le ministre de l\u2019Environnement, de l\u2019Economie verte et du Changement climatique, Batio Bassi\u00e8re, a r\u00e9it\u00e9r\u00e9 l\u2019engagement de son pays dans la transition vers une \u00e9conomie verte et inclusive. Il a promis que le pays des Hommes int\u00e8gres mettra l\u2019accent sur l\u2019appui \u00e0 l\u2019accr\u00e9ditation des entit\u00e9s d\u2019acc\u00e8s directs au cr\u00e9dit du Fonds vert pour le climat, \u00e0 la mise en \u0153uvre des directives-cadres pour les villes vertes et du programme d\u2019investissement dans les \u00e9covillages.<\/p>\n<p>Il a invit\u00e9 la communaut\u00e9 internationale \u00e0 s\u2019engager pour un d\u00e9veloppement \u00e9conomique solidaire, car, \u00e0 son avis, c\u2019est \u00e0 ce prix que la g\u00e9n\u00e9ration actuelle jouera sa partition pour celles qui lui succ\u00e9deront. M. Bassi\u00e8re a \u00e9galement remerci\u00e9 le GGGI d\u2019avoir fait du Pr\u00e9sident du Faso, Roch Marc Christian Kabor\u00e9, un des champions de la croissance verte. Cette responsabilit\u00e9, selon le directeur en charge de la division, gouvernance, partenariat, strat\u00e9gie et communication de GGGI, Mahamadou Tounkara, invite le chef de l\u2019Etat, \u00e0 travers les foras, \u00e0 mener un plaidoyer aupr\u00e8s de ses pairs, \u00e0 adopter la croissance verte \u00e0 l\u2019\u00e9chelle du continent, voire du monde. L\u2019assembl\u00e9e a aussi admis l\u2019Ouzb\u00e9kistan, le Sri Lanka, l\u2019Equateur, l\u2019Ouganda et les Etats des Cara\u00efbes, regroup\u00e9s en une entit\u00e9, dans l\u2019organisation, portant \u00e0 36 le nombre de pays membres.<\/p>\n<p>Au cours des travaux, les participants ont en outre discut\u00e9 des questions li\u00e9es \u00e0 l\u2019organisation de GGGI, orienter ses ambitions pour la strat\u00e9gie 2030 en vue d\u2019appuyer les pays membres dans la mise en \u0153uvre de leurs Objectifs de d\u00e9veloppement durable et de l\u2019Accord de Paris. D\u2019apr\u00e8s M. Tounkara, la huiti\u00e8me session a aussi planch\u00e9 sur la mise en \u0153uvre de la finance climat, afin de susciter des ambitions, cr\u00e9er des emplois et services verts, renforcer l\u2019adaptation au changement climatique. Ce qui, pour lui, va donner un coup de fouet aux ambitions du Burkina Faso en mati\u00e8re de r\u00e9duction des gaz \u00e0 effets de serre. Il a par ailleurs \u00e9t\u00e9 question de passer en revue les r\u00e9alisations GGGI et les planifications \u00e0 op\u00e9rer pour ses actions en 2020, ann\u00e9e o\u00f9 chaque pays va soumettre sa contribution d\u00e9termin\u00e9e r\u00e9vis\u00e9e au plan national. Il est pr\u00e9vu le lancement d\u2019une campagne afin de faire de la mobilisation institutionnelle et financi\u00e8re pour l\u2019atteinte des objectifs des pays membres. En marge des travaux de l\u2019assembl\u00e9e, le Burkina Faso a sign\u00e9 le document-cadre pays de programmation 2019-2023. Un protocole, a confi\u00e9 le directeur g\u00e9n\u00e9ral de GGGI, Frank Rijsbermann, qui d\u00e9finit les priorit\u00e9s entre le pays des Hommes int\u00e8gres et son organisation en mati\u00e8re d\u2019\u00e9conomie durable.<\/p>\n<p class=\"c1\"><strong>Anselme KAMBIRE<\/strong><br \/><strong>(\u00e0 S\u00e9oul)<\/strong><\/p>\n<div class=\"td-a-rec td-a-rec-id-content_bottom td_uid_31_5db1fb4b26ee3_rand td_block_template_1\"><img loading=\"lazy\" decoding=\"async\" class=\"aligncenter size-full wp-image-9623\" src=\"https:\/\/www.sidwaya.info\/wp-content\/uploads\/2019\/06\/Projet-bannie%CC%80re-Orange-mobile.jpg\" alt=\"\" width=\"728\" height=\"81\"\/><\/div>\n<p>Auteur: DD. Sidwaya<br \/>\n<a href=\"https:\/\/www.sidwaya.info\/blog\/2019\/10\/24\/developpement-durable-le-burkina-integre-linstitut-de-la-croissance-verte-mondiale\/\">Cliquez ici pour lire l&rsquo;article depuis sa source.<\/a><\/p>\n","protected":false},"excerpt":{"rendered":"<p>L\u2019Institut de croissance verte mondiale (GGGI en anglais) a tenu le 24 octobre \u00e0 S\u00e9oul, en Cor\u00e9e du Sud, sa huiti\u00e8me session, au cours de laquelle, plusieurs pays dont le Burkina Faso ont int\u00e9gr\u00e9 l\u2019organisation. Le Burkina Faso est officiellement membre de l\u2019Institut de la croissance verte mondiale(GGGI). Il a \u00e9t\u00e9 admis, le 24 octobre [&hellip;]<\/p>\n","protected":false},"author":1816,"featured_media":0,"comment_status":"closed","ping_status":"closed","sticky":false,"template":"","format":"standard","meta":{"fifu_image_url":"","fifu_image_alt":"","footnotes":""},"categories":[73,81],"tags":[],"class_list":["post-65412","post","type-post","status-publish","format-standard","hentry","category-actualite","category-burkina-faso"],"_links":{"self":[{"href":"https:\/\/linitiative.ca\/International\/wp-json\/wp\/v2\/posts\/65412","targetHints":{"allow":["GET"]}}],"collection":[{"href":"https:\/\/linitiative.ca\/International\/wp-json\/wp\/v2\/posts"}],"about":[{"href":"https:\/\/linitiative.ca\/International\/wp-json\/wp\/v2\/types\/post"}],"author":[{"embeddable":true,"href":"https:\/\/linitiative.ca\/International\/wp-json\/wp\/v2\/users\/1816"}],"replies":[{"embeddable":true,"href":"https:\/\/linitiative.ca\/International\/wp-json\/wp\/v2\/comments?post=65412"}],"version-history":[{"count":0,"href":"https:\/\/linitiative.ca\/International\/wp-json\/wp\/v2\/posts\/65412\/revisions"}],"wp:attachment":[{"href":"https:\/\/linitiative.ca\/International\/wp-json\/wp\/v2\/media?parent=65412"}],"wp:term":[{"taxonomy":"category","embeddable":true,"href":"https:\/\/linitiative.ca\/International\/wp-json\/wp\/v2\/categories?post=65412"},{"taxonomy":"post_tag","embeddable":true,"href":"https:\/\/linitiative.ca\/International\/wp-json\/wp\/v2\/tags?post=65412"}],"curies":[{"name":"wp","href":"https:\/\/api.w.org\/{rel}","templated":true}]}}