{"id":65413,"date":"2019-10-24T13:22:05","date_gmt":"2019-10-24T17:22:05","guid":{"rendered":"https:\/\/linitiative.ca\/International\/des-maires-exclus-de-toute-activite-de-passation-des-marches-pour-au-moins-12-mois\/"},"modified":"2019-10-24T13:22:05","modified_gmt":"2019-10-24T17:22:05","slug":"des-maires-exclus-de-toute-activite-de-passation-des-marches-pour-au-moins-12-mois","status":"publish","type":"post","link":"https:\/\/linitiative.ca\/International\/des-maires-exclus-de-toute-activite-de-passation-des-marches-pour-au-moins-12-mois\/","title":{"rendered":"Des maires exclus de toute activit\u00e9 de passation des march\u00e9s pour au moins 12 mois"},"content":{"rendered":"<div class=\"featured-area featured-area-inner\"><img loading=\"lazy\" decoding=\"async\" width=\"400\" height=\"400\" src=\"https:\/\/i0.wp.com\/ecomatin.net\/wp-content\/uploads\/2019\/10\/ecomatin.net-des-maires-exclus-de-toute-activite-de-passation-des-marches-pour-au-moins-12-mois-mairie-eseka.jpg?resize=400%2C400&#038;ssl=1&#038;is-pending-load=1\" class=\"attachment-jannah-image-post size-jannah-image-post wp-post-image jetpack-lazy-image\" alt=\"\" data-attachment-id=\"13340\" data-permalink=\"https:\/\/ecomatin.net\/des-maires-exclus-de-toute-activite-de-passation-des-marches-pour-au-moins-12-mois\/mairie-eseka\/\" data-orig-file=\"https:\/\/i0.wp.com\/ecomatin.net\/wp-content\/uploads\/2019\/10\/ecomatin.net-des-maires-exclus-de-toute-activite-de-passation-des-marches-pour-au-moins-12-mois-mairie-eseka.jpg?fit=400%2C400&#038;ssl=1\" data-orig-size=\"400,400\" data-comments-opened=\"0\" data-image-meta=\"{\"aperture\":\"0\",\"credit\":\"\",\"camera\":\"\",\"caption\":\"\",\"created_timestamp\":\"0\",\"copyright\":\"\",\"focal_length\":\"0\",\"iso\":\"0\",\"shutter_speed\":\"0\",\"title\":\"\",\"orientation\":\"0\"}\" data-image-title=\"mairie es\u00e9ka\" data-image-description=\"\" data-medium-file=\"https:\/\/i0.wp.com\/ecomatin.net\/wp-content\/uploads\/2019\/10\/ecomatin.net-des-maires-exclus-de-toute-activite-de-passation-des-marches-pour-au-moins-12-mois-mairie-eseka.jpg?fit=300%2C300&#038;ssl=1\" data-large-file=\"https:\/\/i0.wp.com\/ecomatin.net\/wp-content\/uploads\/2019\/10\/ecomatin.net-des-maires-exclus-de-toute-activite-de-passation-des-marches-pour-au-moins-12-mois-mairie-eseka.jpg?fit=400%2C400&#038;ssl=1\" data-lazy-srcset=\"https:\/\/i0.wp.com\/ecomatin.net\/wp-content\/uploads\/2019\/10\/ecomatin.net-des-maires-exclus-de-toute-activite-de-passation-des-marches-pour-au-moins-12-mois-mairie-eseka.jpg?w=400&#038;ssl=1 400w, https:\/\/i0.wp.com\/ecomatin.net\/wp-content\/uploads\/2019\/10\/ecomatin.net-des-maires-exclus-de-toute-activite-de-passation-des-marches-pour-au-moins-12-mois-mairie-eseka.jpg?resize=150%2C150&#038;ssl=1 150w, https:\/\/i0.wp.com\/ecomatin.net\/wp-content\/uploads\/2019\/10\/ecomatin.net-des-maires-exclus-de-toute-activite-de-passation-des-marches-pour-au-moins-12-mois-mairie-eseka.jpg?resize=300%2C300&#038;ssl=1 300w\" data-lazy-sizes=\"(max-width: 400px) 100vw, 400px\" srcset=\"data:image\/gif;base64,R0lGODlhAQABAIAAAAAAAP\/\/\/yH5BAEAAAAALAAAAAABAAEAAAIBRAA7\"\/><\/div>\n<div class=\"entry-content entry clearfix\" readability=\"66.3698630137\">\n<p><strong>Ibrahim Talba Malla<\/strong>, ministre en charge des March\u00e9s publics (<strong>MINMAP<\/strong>) au Cameroun, vient d\u2019exclure<strong>\u00a0Jean Marie Nguele<\/strong>, maire de la commune de Nguelemendouka et\u00a0<strong>Jean Ren\u00e9 Libog Lilim Bayiha,<\/strong>\u00a0maire de la commune d\u2019Eseka\u00a0\u00a0de toutes les activit\u00e9s en relation avec la passation des march\u00e9s. Les deux personnalit\u00e9s ont \u00e9t\u00e9 d\u00e9chues pour des motifs diff\u00e9rents.<\/p>\n<p>Le maire de la commune de\u00a0\u00a0<strong>Nguelemendouka,<\/strong> d\u00e9partement du Haut-Nyong, r\u00e9gion de l\u2019Est, il est r\u00e9voqu\u00e9 pour une p\u00e9riode de deux ans. Il est accus\u00e9 de violation des dispositions du Code dans la passation de certains march\u00e9s. Il s\u2019agit notamment de <em>\u00ab\u00a0la violation des dispositions de\u00a0<strong>l\u2019article 178<\/strong>\u00a0(1) \u00e0 travers la signature de la d\u00e9cision d\u2019attribution\u00a0\u00bb\u00a0<\/em>du march\u00e9 relatif \u00e0 l\u2019appel d\u2019offres du 9 ao\u00fbt 2018 pour l\u2019ex\u00e9cution des travaux de r\u00e9habilitation du tron\u00e7on de la route<strong>\u00a0Azomekout-Manmedjap<\/strong>\u00a0\u00a0\u00e0 <strong>Nguelemendouka<\/strong>. Ce march\u00e9 de\u00a0<strong>27 millions de FCFA<\/strong>\u00a0a \u00e9t\u00e9 attribu\u00e9 aux\u00a0<strong>Ets groupe NNAM<\/strong>, alors que le maire n\u2019avait pas sollicit\u00e9, au pr\u00e9alable, un r\u00e9examen de la Commission ou saisi l\u2019autorit\u00e9 charg\u00e9e des march\u00e9s publics. Le <strong>MINMAP<\/strong> sanctionne \u00e9galement\u00a0<strong>Jean Marie Nguele<\/strong>\u00a0pour violation des dispositions de l\u2019article 9 durant la signature de 5 lettres commandes en faveur du m\u00eame prestataire, sans avoir saisi la Commission comp\u00e9tente \u00e0 quelque \u00e9tape que ce soit de la proc\u00e9dure.\u00a0\u00a0Les march\u00e9s des projets contenus dans ces lettres commandes sont estim\u00e9s \u00e0\u00a0<strong>80 millions de FCFA<\/strong>.<\/p>\n<hr\/>\n<h5>>> Lire aussi \u2013<a href=\"https:\/\/ecomatin.net\/cameroun-fixation-des-seuils-des-marches-publics-reserves-aux-artisans-pme-et-osc\/\">Fixation des seuils des march\u00e9s publics r\u00e9serv\u00e9s aux artisans, Pme et OSC<\/a><\/h5>\n<hr\/>\n<p>Quant au maire de la commune d\u2019\u00c9s\u00e9ka, d\u00e9partement du <strong>Nyong-et-Kell\u00e9,<\/strong> r\u00e9gion du Centre, il est r\u00e9primand\u00e9 pour\u00a0<em>\u00ab\u00a0entraves r\u00e9p\u00e9t\u00e9es au fonctionnement de la Commission interne de passation des march\u00e9s plac\u00e9e aupr\u00e8s\u00a0\u00a0du maire d\u2019Eseka\u00a0; refus syst\u00e9matique d\u2019ex\u00e9cuter les d\u00e9cisions de l\u2019autorit\u00e9 charg\u00e9e des march\u00e9s publics\u00a0\u00bb.<\/em>\u00a0Exclu pour 12 mois,\u00a0\u00a0toutes les activit\u00e9s relatives \u00e0 la passation des march\u00e9s publics seront assur\u00e9es par son premier adjoint. Ainsi,\u00a0<em>\u00ab\u00a0tout acte pos\u00e9 par monsieur\u00a0<strong>Libog Lilim Bayiha Jean Rene<\/strong>\u00a0est nul et de nul effet\u00a0<\/em>\u00bb, pr\u00e9cise le ministre\u00a0<strong>Ibrahim Talba Malla<\/strong>.<\/p>\n<hr\/>\n<h5>>> Lire aussi \u2013<a href=\"https:\/\/ecomatin.net\/le-ministre-des-marches-publics-redefinit-les-indemnites-au-sein-des-commissions\/\">Le ministre des March\u00e9s publics red\u00e9finit les indemnit\u00e9s au sein des commissions<\/a><\/h5>\n<hr\/>\n<p>Le membre du gouvernement a \u00e9galement \u00e9cart\u00e9 deux autres personnes de toute activit\u00e9 relative \u00e0 la passation, l\u2019ex\u00e9cution et au contr\u00f4le de l\u2019ex\u00e9cution des march\u00e9s publics. Il s\u2019agit d\u2019<strong>Arrey Divine Takem,\u00a0<\/strong>charg\u00e9 d\u2019\u00e9tudes n\u00b03 \u00e0 la direction des march\u00e9s des autres infrastructures. Et\u00a0<strong>Francis Cyr Gansob<\/strong>, charg\u00e9 d\u2019\u00e9tudes n\u00b02 \u00e0 la cellule des statistiques \u00e0 la division des \u00e9tudes et de la prospective. Ils ont \u00e9t\u00e9 bannis durant une p\u00e9riode de 12 mois pour\u00a0<em>\u00ab\u00a0manquement grave \u00e0 l\u2019\u00e9thique et \u00e0 la d\u00e9ontologie professionnelle\u00a0\u00bb.<\/em><\/p>\n<div class=\"about-author about-author-box container-wrapper\">\n<div class=\"author-avatar\">\n<p><img decoding=\"async\" src=\"http:\/\/\" alt=\"\"\/><\/p>\n<\/div>\n<p><h4>La R\u00e9daction EcoMatin<\/h4>\n<\/p>\n<\/div>\n<div class=\"awac-wrapper awac widget blog_subscription-2\">\n<h4 class=\"widget-title\">Abonnez-vous \u00e0 notre lettre d&rsquo;information<\/h4>\n<\/div>\n<\/div>\n<div class=\"toggle-post-content clearfix\"><a id=\"toggle-post-button\" class=\"button\" href=\"#\">Afficher plus <\/a><\/div>\n<p>Auteur: EcoMatin<br \/>\n<a href=\"https:\/\/ecomatin.net\/des-maires-exclus-de-toute-activite-de-passation-des-marches-pour-au-moins-12-mois\/\">Cliquez ici pour lire l&rsquo;article depuis sa source.<\/a><\/p>\n","protected":false},"excerpt":{"rendered":"<p>Ibrahim Talba Malla, ministre en charge des March\u00e9s publics (MINMAP) au Cameroun, vient d\u2019exclure\u00a0Jean Marie Nguele, maire de la commune de Nguelemendouka et\u00a0Jean Ren\u00e9 Libog Lilim Bayiha,\u00a0maire de la commune d\u2019Eseka\u00a0\u00a0de toutes les activit\u00e9s en relation avec la passation des march\u00e9s. Les deux personnalit\u00e9s ont \u00e9t\u00e9 d\u00e9chues pour des motifs diff\u00e9rents. Le maire de la [&hellip;]<\/p>\n","protected":false},"author":1969,"featured_media":0,"comment_status":"closed","ping_status":"closed","sticky":false,"template":"","format":"standard","meta":{"fifu_image_url":"","fifu_image_alt":"","footnotes":""},"categories":[82,78],"tags":[],"class_list":["post-65413","post","type-post","status-publish","format-standard","hentry","category-cameroun","category-economie"],"_links":{"self":[{"href":"https:\/\/linitiative.ca\/International\/wp-json\/wp\/v2\/posts\/65413","targetHints":{"allow":["GET"]}}],"collection":[{"href":"https:\/\/linitiative.ca\/International\/wp-json\/wp\/v2\/posts"}],"about":[{"href":"https:\/\/linitiative.ca\/International\/wp-json\/wp\/v2\/types\/post"}],"author":[{"embeddable":true,"href":"https:\/\/linitiative.ca\/International\/wp-json\/wp\/v2\/users\/1969"}],"replies":[{"embeddable":true,"href":"https:\/\/linitiative.ca\/International\/wp-json\/wp\/v2\/comments?post=65413"}],"version-history":[{"count":0,"href":"https:\/\/linitiative.ca\/International\/wp-json\/wp\/v2\/posts\/65413\/revisions"}],"wp:attachment":[{"href":"https:\/\/linitiative.ca\/International\/wp-json\/wp\/v2\/media?parent=65413"}],"wp:term":[{"taxonomy":"category","embeddable":true,"href":"https:\/\/linitiative.ca\/International\/wp-json\/wp\/v2\/categories?post=65413"},{"taxonomy":"post_tag","embeddable":true,"href":"https:\/\/linitiative.ca\/International\/wp-json\/wp\/v2\/tags?post=65413"}],"curies":[{"name":"wp","href":"https:\/\/api.w.org\/{rel}","templated":true}]}}