{"id":65417,"date":"2019-10-24T09:09:46","date_gmt":"2019-10-24T13:09:46","guid":{"rendered":"https:\/\/linitiative.ca\/International\/marche-des-avocats-a-alger-liberez-la-justice\/"},"modified":"2019-10-24T09:09:46","modified_gmt":"2019-10-24T13:09:46","slug":"marche-des-avocats-a-alger-liberez-la-justice","status":"publish","type":"post","link":"https:\/\/linitiative.ca\/International\/marche-des-avocats-a-alger-liberez-la-justice\/","title":{"rendered":"Marche des avocats \u00e0 Alger : \u00ab Lib\u00e9rez la justice ! \u00bb"},"content":{"rendered":"<h4 class=\"title-14\"\/>\n<div class=\"featured_image\"><img width=\"1994\" height=\"781\" data-cfsrc=\"https:\/\/www.elwatan.com\/wp-content\/uploads\/2019\/10\/avocats-alger.jpg\" class=\"attachment-post-thumbnail size-post-thumbnail wp-post-image c2\" alt=\"\" srcset=\"https:\/\/www.elwatan.com\/wp-content\/uploads\/2019\/10\/avocats-alger.jpg 1994w, https:\/\/www.elwatan.com\/wp-content\/uploads\/2019\/10\/avocats-alger-300x118.jpg 300w, https:\/\/www.elwatan.com\/wp-content\/uploads\/2019\/10\/avocats-alger-768x301.jpg 768w, https:\/\/www.elwatan.com\/wp-content\/uploads\/2019\/10\/avocats-alger-1024x401.jpg 1024w, https:\/\/www.elwatan.com\/wp-content\/uploads\/2019\/10\/avocats-alger-1320x517.jpg 1320w\" sizes=\"(max-width: 1994px) 100vw, 1994px\"\/><noscript><\/p>\n<p><img loading=\"lazy\" decoding=\"async\" width=\"1994\" height=\"781\" src=\"https:\/\/www.elwatan.com\/wp-content\/uploads\/2019\/10\/avocats-alger.jpg\" class=\"attachment-post-thumbnail size-post-thumbnail wp-post-image\" alt=\"\" srcset=\"https:\/\/www.elwatan.com\/wp-content\/uploads\/2019\/10\/avocats-alger.jpg 1994w, https:\/\/www.elwatan.com\/wp-content\/uploads\/2019\/10\/avocats-alger-300x118.jpg 300w, https:\/\/www.elwatan.com\/wp-content\/uploads\/2019\/10\/avocats-alger-768x301.jpg 768w, https:\/\/www.elwatan.com\/wp-content\/uploads\/2019\/10\/avocats-alger-1024x401.jpg 1024w, https:\/\/www.elwatan.com\/wp-content\/uploads\/2019\/10\/avocats-alger-1320x517.jpg 1320w\" sizes=\"auto, (max-width: 1994px) 100vw, 1994px\"\/><\/p>\n<p><\/noscript> <span class=\"featured-image-caption\">Marche des avocats \u00e0 Alger (24\/10\/2019).<\/span><\/div>\n<p>Des centaines d\u2019avocats ont march\u00e9, aujourd\u2019hui jeudi \u00e0 Alger, pour exprimer leur soutien au hirak et r\u00e9clamer la lib\u00e9ration des d\u00e9tenus d\u2019opinion.<\/p>\n<p>Le cort\u00e8ge des toges noires s\u2019est \u00e9branl\u00e9 du tribunal de Sidi M\u2019hamed, sis \u00e0 la rue Abane Ramdane, vers 10h30, avant de sillonner les rues du centre de la capitale, en scandant \u00ab Barakat adalat t\u00e9l\u00e9phone (assez de la justice du t\u00e9l\u00e9phone\u00a0!\u00bb.<\/p>\n<p>Munis de pancartes sur\u00a0 lesquelles \u00e9tait \u00e9crit \u00ab\u00a0Lib\u00e9rez la justice\u00a0\u00bb, \u00ab\u00a0Lib\u00e9rez les d\u00e9tenus\u00a0\u00bb et \u00abNon \u00e0 la r\u00e9pression\u00a0\u00bb, les avocats protestataires ont repris les chants hostiles au pouvoir et au chef d\u2019\u00e9tat-major de l\u2019arm\u00e9e, Ahmed Gaid Salah. \u00ab\u00a0Cette ann\u00e9e, il n\u2019y aura pas d\u2019\u00e9lection\u00a0\u00bb et \u00ab\u00a0Etat civil, non militaire\u00a0\u00bb, ont scand\u00e9 les avocats qui ont exprim\u00e9 avec force leur soutien aux d\u00e9tenus d\u2019opinion en criant \u00ab\u00a0<a href=\"https:\/\/www.elwatan.com\/edition\/actualite\/le-message-fort-de-lakhdar-bouregaa-devant-le-juge-dinstruction-22-10-2019\">lib\u00e9rez Boureg\u00e2a<\/a> !\u00bb.<\/p>\n<p>Arriv\u00e9s devant le si\u00e8ge de l\u2019APN, au boulevard Zighout Youcef, les manifestants ont lanc\u00e9 en direction de parlementaires :\u00a0\u00ab\u00a0Vous avez vendu le pays, voleurs\u00a0!\u00a0\u00bb.<\/p>\n<p>Il est \u00e0 rappeler que les avocats avaient organis\u00e9 une marche similaire \u00e0 Alger en juillet dernier, pour dire \u00ab<a href=\"https:\/\/www.elwatan.com\/edition\/actualite\/marche-des-avocats-a-alger-non-a-la-justice-du-telephone-11-07-2019\">Non \u00e0 la justice du t\u00e9l\u00e9phone<\/a>\u00a0\u00bb.<\/p>\n<p><iframe loading=\"lazy\" class=\"c9\" src=\"https:\/\/www.facebook.com\/plugins\/video.php?href=https%3A%2F%2Fwww.facebook.com%2Fbob.hamaili%2Fvideos%2F2592927570772352%2F&#038;show_text=0&#038;width=267\" width=\"267\" height=\"476\" frameborder=\"0\" scrolling=\"no\" allowfullscreen=\"allowfullscreen\">[embedded content]<\/iframe><\/p>\n<p><span class=\"post-views-label\">Post Views:<\/span> <span class=\"post-views-count\">1\u00a0090<\/span><\/p>\n<p><br class=\"c4\"\/><\/p>\n<p>Auteur: Farouk Djouadi<br \/>\n<a href=\"https:\/\/www.elwatan.com\/edition\/actualite\/marche-des-avocats-a-alger-liberez-la-justice-24-10-2019\">Cliquez ici pour lire l&rsquo;article depuis sa source.<\/a><\/p>\n","protected":false},"excerpt":{"rendered":"<p>Marche des avocats \u00e0 Alger (24\/10\/2019). Des centaines d\u2019avocats ont march\u00e9, aujourd\u2019hui jeudi \u00e0 Alger, pour exprimer leur soutien au hirak et r\u00e9clamer la lib\u00e9ration des d\u00e9tenus d\u2019opinion. Le cort\u00e8ge des toges noires s\u2019est \u00e9branl\u00e9 du tribunal de Sidi M\u2019hamed, sis \u00e0 la rue Abane Ramdane, vers 10h30, avant de sillonner les rues du centre [&hellip;]<\/p>\n","protected":false},"author":1743,"featured_media":65419,"comment_status":"closed","ping_status":"closed","sticky":false,"template":"","format":"standard","meta":{"fifu_image_url":"","fifu_image_alt":"","footnotes":""},"categories":[73,53],"tags":[],"class_list":["post-65417","post","type-post","status-publish","format-standard","has-post-thumbnail","hentry","category-actualite","category-algerie"],"_links":{"self":[{"href":"https:\/\/linitiative.ca\/International\/wp-json\/wp\/v2\/posts\/65417","targetHints":{"allow":["GET"]}}],"collection":[{"href":"https:\/\/linitiative.ca\/International\/wp-json\/wp\/v2\/posts"}],"about":[{"href":"https:\/\/linitiative.ca\/International\/wp-json\/wp\/v2\/types\/post"}],"author":[{"embeddable":true,"href":"https:\/\/linitiative.ca\/International\/wp-json\/wp\/v2\/users\/1743"}],"replies":[{"embeddable":true,"href":"https:\/\/linitiative.ca\/International\/wp-json\/wp\/v2\/comments?post=65417"}],"version-history":[{"count":0,"href":"https:\/\/linitiative.ca\/International\/wp-json\/wp\/v2\/posts\/65417\/revisions"}],"wp:featuredmedia":[{"embeddable":true,"href":"https:\/\/linitiative.ca\/International\/wp-json\/"}],"wp:attachment":[{"href":"https:\/\/linitiative.ca\/International\/wp-json\/wp\/v2\/media?parent=65417"}],"wp:term":[{"taxonomy":"category","embeddable":true,"href":"https:\/\/linitiative.ca\/International\/wp-json\/wp\/v2\/categories?post=65417"},{"taxonomy":"post_tag","embeddable":true,"href":"https:\/\/linitiative.ca\/International\/wp-json\/wp\/v2\/tags?post=65417"}],"curies":[{"name":"wp","href":"https:\/\/api.w.org\/{rel}","templated":true}]}}