{"id":65420,"date":"2019-10-24T15:26:33","date_gmt":"2019-10-24T19:26:33","guid":{"rendered":"https:\/\/linitiative.ca\/International\/commercialisation-de-terminaux-de-communications-electroniques-hadja-ouattara-prone-la-qualite-a-prix-reduit\/"},"modified":"2019-10-24T15:26:33","modified_gmt":"2019-10-24T19:26:33","slug":"commercialisation-de-terminaux-de-communications-electroniques-hadja-ouattara-prone-la-qualite-a-prix-reduit","status":"publish","type":"post","link":"https:\/\/linitiative.ca\/International\/commercialisation-de-terminaux-de-communications-electroniques-hadja-ouattara-prone-la-qualite-a-prix-reduit\/","title":{"rendered":"Commercialisation de terminaux  de communications \u00e9lectroniques : Hadja Ouattara pr\u00f4ne  la qualit\u00e9 \u00e0 prix r\u00e9duit"},"content":{"rendered":"<div class=\"td-post-featured-image\"><a href=\"https:\/\/i0.wp.com\/www.sidwaya.info\/wp-content\/uploads\/2019\/10\/1-58.jpg?fit=612%2C406&#038;ssl=1\" data-caption=\"\"><img loading=\"lazy\" decoding=\"async\" width=\"612\" height=\"406\" class=\"entry-thumb td-modal-image\" src=\"https:\/\/i0.wp.com\/www.sidwaya.info\/wp-content\/uploads\/2019\/10\/1-58.jpg?resize=612%2C406&#038;ssl=1\" srcset=\"https:\/\/i0.wp.com\/www.sidwaya.info\/wp-content\/uploads\/2019\/10\/1-58.jpg?w=612&#038;ssl=1 612w, https:\/\/i0.wp.com\/www.sidwaya.info\/wp-content\/uploads\/2019\/10\/1-58.jpg?resize=300%2C199&#038;ssl=1 300w\" sizes=\"auto, (max-width: 612px) 100vw, 612px\" alt=\"\" title=\"1\"\/><\/a><\/div>\n<div class=\"td-a-rec td-a-rec-id-content_top td_uid_30_5db1fb517d3dc_rand td_block_template_1\"><img loading=\"lazy\" decoding=\"async\" class=\"aligncenter size-full wp-image-15084\" src=\"https:\/\/www.sidwaya.info\/wp-content\/uploads\/2019\/10\/Bannie%CC%80re.png\" alt=\"\" width=\"720\" height=\"90\"\/><\/div>\n<p><strong>La ministre de l\u2019Economie num\u00e9rique et des Postes, Hadja Fatimata Ouattara\/Sanon, a rendu visite aux vendeurs de terminaux de communications \u00e9lectroniques du march\u00e9 de Zabre-Daaga, situ\u00e9 au centre-ville de Ouagadougou, le jeudi 24 octobre 2019.<\/strong><\/p>\n<p>De boutique en boutique, en passant par des ateliers de r\u00e9paration, la ministre de l\u2019Economie num\u00e9rique et des Postes, Hadja Fatimata Ouattara\/Sanon, a pu, le jeudi 24 octobre 2019, toucher du doigt les r\u00e9alit\u00e9s des vendeurs de terminaux \u00e9lectroniques (t\u00e9l\u00e9phones, ordinateurs et accessoires, solutions informatiques\u2026) et des r\u00e9parateurs install\u00e9s au march\u00e9 de Zabre-Daaga au centre-ville de Ouagadougou. Apr\u00e8s avoir d\u00e9couvert la gamme vari\u00e9e de produits propos\u00e9s et des diff\u00e9rents m\u00e9tiers d\u00e9velopp\u00e9s autour, la ministre s\u2019est dit satisfaite de ce qu\u2019elle a vu. \u00abLa commercialisation de terminaux \u00e9lectroniques est une v\u00e9ritable industrie qui emploie beaucoup de jeunes\u00bb, a-t-elle soutenu. La visite visait, selon elle, \u00e0 comprendre le travail de ceux qui, en collaboration avec l\u2019Etat, offrent des services de t\u00e9l\u00e9communications aux populations. \u00abEn mati\u00e8re de communication \u00e9lectronique, les op\u00e9rateurs et l\u2019Etat s\u2019emploient \u00e0 d\u00e9ployer des r\u00e9seaux. Mais les populations y acc\u00e8dent \u00e0 travers des terminaux qui sont mis sur la place du march\u00e9 par les vendeurs de t\u00e9l\u00e9phone.<\/p>\n<p>Il est donc important que nous nous comprenions pour que les terminaux qui entrent dans notre pays soient de qualit\u00e9 et accessibles\u00bb, a-t-elle fait savoir. Dans cette lanc\u00e9e, elle a \u00e9chang\u00e9 avec les membres de l\u2019Association des jeunes vendeurs de t\u00e9l\u00e9phones cellulaires et cr\u00e9dits pr\u00e9pay\u00e9s. Comme entraves \u00e0 l\u2019essor de leurs activit\u00e9s, ces derniers ont cit\u00e9 le co\u00fbt \u00e9lev\u00e9 des taxes de douane et des imp\u00f4ts, du transport, la concurrence d\u00e9loyale que les Chinois pourraient exercer sur les commer\u00e7ants burkinab\u00e8. Concernant la premi\u00e8re difficult\u00e9, Mme Ouattara a rappel\u00e9 que l\u2019importation de t\u00e9l\u00e9phone \u00e9tait auparavant soustraite de taxes douani\u00e8res pour booster le secteur. \u00abMais une \u00e9tude a montr\u00e9 que cela n\u2019a pas eu d\u2019impact r\u00e9el. C\u2019est pourquoi, le minist\u00e8re en charge de l\u2019\u00e9conomie a d\u00e9cid\u00e9 d\u2019appliquer des taxes. C\u2019est donc aux acteurs de travailler pour prouver le contraire afin qu\u2019on revienne \u00e0 la situation d\u2019avant\u00bb, a-t-elle soutenu.<\/p>\n<p><strong>Un terrain acquis pour le projet technop\u00f4le<\/strong><\/p>\n<p>S\u2019agissant du co\u00fbt des transports, elle a invit\u00e9 les commer\u00e7ants \u00e0 travailler en synergie plut\u00f4t qu\u2019individuellement afin de r\u00e9duire les d\u00e9penses. Pour ce qui est des Chinois, la ministre a rassur\u00e9 que les termes de la coop\u00e9ration ne leur permettent pas de faire la vente en d\u00e9tail et le service apr\u00e8s-vente. En outre, elle a inform\u00e9 que des mesures conservatoires pourraient \u00eatre prises en cas de besoin. A quel stade se trouvent les projets de construction du march\u00e9 \u00e9lectronique annonc\u00e9 depuis des ann\u00e9es et de technopole ? A cette question des vendeurs de terminaux de communication \u00e9lectronique, la ministre a soutenu qu\u2019un terrain a \u00e9t\u00e9 acquis \u00e0 Gamp\u00e8la \u00e0 la sortie Est de Ouagadougou pour technopole. \u00ab Les \u00e9tudes sont en cours.<\/p>\n<p>Pour ce qui est du march\u00e9, nous allons le concevoir ensemble afin qu\u2019elles r\u00e9pondent \u00e0 vos aspirations\u00bb, a-t-elle dit \u00e0 ses interlocuteurs. \u00abR\u00e9jouie\u00bb par le travail des r\u00e9parateurs de t\u00e9l\u00e9phones et ordinaires qui ont appris leur m\u00e9tier dans le tas mais qui donnent satisfaction aux clients, elle a indiqu\u00e9 que son d\u00e9partement s\u2019engage \u00e0 \u00e9valuer leur niveau et \u00e0 leur d\u00e9livrer des certificats. Aussi, de commun accord, il a \u00e9t\u00e9 d\u00e9cid\u00e9 de tenir r\u00e9guli\u00e8rement des rencontres entre le minist\u00e8re en charge de l\u2019\u00e9conomie num\u00e9rique et les acteurs du domaine, pour le d\u00e9veloppement du secteur. En attendant la formalisation de ce cadre, le pr\u00e9sident de l\u2019association des jeunes vendeurs de t\u00e9l\u00e9phones cellulaires et cartes pr\u00e9pay\u00e9es, Oumarou Compaor\u00e9, s\u2019est r\u00e9joui de la visite de la ministre. A l\u2019\u00e9couter, le secteur des t\u00e9l\u00e9communications est rentable et ne demande que des accompagnements pour l\u2019\u00eatre davantage.<\/p>\n<p class=\"c1\"><strong>Eliane SOME<\/strong><br \/><strong>elianesome4@gmail.com<\/strong><\/p>\n<div class=\"td-a-rec td-a-rec-id-content_bottom td_uid_31_5db1fb517d5a6_rand td_block_template_1\"><img loading=\"lazy\" decoding=\"async\" class=\"aligncenter size-full wp-image-9623\" src=\"https:\/\/www.sidwaya.info\/wp-content\/uploads\/2019\/06\/Projet-bannie%CC%80re-Orange-mobile.jpg\" alt=\"\" width=\"728\" height=\"81\"\/><\/div>\n<p>Auteur: DD. Sidwaya<br \/>\n<a href=\"https:\/\/www.sidwaya.info\/blog\/2019\/10\/24\/commercialisation-de-terminaux-de-communications-electroniques-hadja-ouattara-prone-la-qualite-a-prix-reduit\/\">Cliquez ici pour lire l&rsquo;article depuis sa source.<\/a><\/p>\n","protected":false},"excerpt":{"rendered":"<p>La ministre de l\u2019Economie num\u00e9rique et des Postes, Hadja Fatimata Ouattara\/Sanon, a rendu visite aux vendeurs de terminaux de communications \u00e9lectroniques du march\u00e9 de Zabre-Daaga, situ\u00e9 au centre-ville de Ouagadougou, le jeudi 24 octobre 2019. De boutique en boutique, en passant par des ateliers de r\u00e9paration, la ministre de l\u2019Economie num\u00e9rique et des Postes, Hadja [&hellip;]<\/p>\n","protected":false},"author":1816,"featured_media":0,"comment_status":"closed","ping_status":"closed","sticky":false,"template":"","format":"standard","meta":{"fifu_image_url":"","fifu_image_alt":"","footnotes":""},"categories":[73,81],"tags":[],"class_list":["post-65420","post","type-post","status-publish","format-standard","hentry","category-actualite","category-burkina-faso"],"_links":{"self":[{"href":"https:\/\/linitiative.ca\/International\/wp-json\/wp\/v2\/posts\/65420","targetHints":{"allow":["GET"]}}],"collection":[{"href":"https:\/\/linitiative.ca\/International\/wp-json\/wp\/v2\/posts"}],"about":[{"href":"https:\/\/linitiative.ca\/International\/wp-json\/wp\/v2\/types\/post"}],"author":[{"embeddable":true,"href":"https:\/\/linitiative.ca\/International\/wp-json\/wp\/v2\/users\/1816"}],"replies":[{"embeddable":true,"href":"https:\/\/linitiative.ca\/International\/wp-json\/wp\/v2\/comments?post=65420"}],"version-history":[{"count":0,"href":"https:\/\/linitiative.ca\/International\/wp-json\/wp\/v2\/posts\/65420\/revisions"}],"wp:attachment":[{"href":"https:\/\/linitiative.ca\/International\/wp-json\/wp\/v2\/media?parent=65420"}],"wp:term":[{"taxonomy":"category","embeddable":true,"href":"https:\/\/linitiative.ca\/International\/wp-json\/wp\/v2\/categories?post=65420"},{"taxonomy":"post_tag","embeddable":true,"href":"https:\/\/linitiative.ca\/International\/wp-json\/wp\/v2\/tags?post=65420"}],"curies":[{"name":"wp","href":"https:\/\/api.w.org\/{rel}","templated":true}]}}