{"id":65422,"date":"2019-10-24T12:33:19","date_gmt":"2019-10-24T16:33:19","guid":{"rendered":"https:\/\/linitiative.ca\/International\/startup-cest-parti-pour-la-4e-edition-du-digital-challenge-de-lafd\/"},"modified":"2019-10-24T12:33:19","modified_gmt":"2019-10-24T16:33:19","slug":"startup-cest-parti-pour-la-4e-edition-du-digital-challenge-de-lafd","status":"publish","type":"post","link":"https:\/\/linitiative.ca\/International\/startup-cest-parti-pour-la-4e-edition-du-digital-challenge-de-lafd\/","title":{"rendered":"Startup : c\u2019est parti pour la 4\u00e8 \u00e9dition du Digital Challenge de l\u2019AFD"},"content":{"rendered":"<p><strong>Bonne nouvelle pour les startupeurs et porteurs de projets du continent. L\u2019Agence Fran\u00e7aise de D\u00e9veloppement (AFD) lance la 4\u00e8 \u00e9dition de son concours \u00ab\u00a0Digital Challenge\u00a0\u00bb. Les porteurs de projets ont jusqu\u2019au 18 novembre 2019 pour d\u00e9poser leur candidature en ligne.<\/strong><\/p>\n<div class=\"c10\"\/>\n<p>Tremplin pour les jeunes porteurs de projets et les <strong>startups innovantes<\/strong>, ce concours vise \u00e0 favoriser le d\u00e9veloppement des villes durables en Afrique. \u00ab\u00a0AFD Digital Challenge\u00a0\u00bb s\u2019adresse notamment aux startups, associations, centres de recherche du continent africain, proposant des solutions innovantes pour stimuler le <strong>d\u00e9veloppement \u00e9conomique local<\/strong>, faciliter les \u00e9changes entre les autorit\u00e9s et les citoyens, am\u00e9liorer la gestion des services urbains et planifier la ville pour les plus vuln\u00e9rables.<\/p>\n<p>Lire aussi : <a href=\"https:\/\/www.challenge.ma\/startups-lecosysteme-recoit-un-appui-de-taille-111634\/\">Startups\u00a0: L\u2019\u00e9cosyst\u00e8me re\u00e7oit un appui de taille<\/a><\/p>\n<p>Ainsi, les porteurs de projets ont jusqu\u2019au 18 novembre 2019 pour postuler en ligne sur <a href=\"http:\/\/www.afddigitalchallenge.afd.fr\">www.afddigitalchallenge.afd.fr<\/a>. Dans le d\u00e9tail, ce sont les 10 meilleurs projets s\u00e9lectionn\u00e9s qui\u00a0 b\u00e9n\u00e9ficieront d\u2019un <strong>accompagnement financier<\/strong>, d\u2019un appui pour acc\u00e9l\u00e9rer leur r\u00e9alisation et ainsi participer au d\u00e9veloppement des villes durables en Afrique. Notons que les laur\u00e9ats seront accompagn\u00e9s par l\u2019Agence Fran\u00e7aise de D\u00e9v\u00e9loppement via un \u00ab pack acc\u00e9l\u00e9ration \u00bb, et un appui technique et financier d\u2019une valeur de 20000 euros.<\/p>\n<p>L\u2019 AFD souligne que son objectif, \u00e0 travers Digital Challenge, est de stimuler la r\u00e9volution num\u00e9rique qui est en train de transformer le continent africain, port\u00e9e par une <strong>nouvelle g\u00e9n\u00e9ration<\/strong> d\u2019entrepreneurs et entrepreneuses qui concilie innovation, performance \u00e9conomique et impact social et\/ou environnemental.<\/p>\n<div class=\"c17\">\n<fieldset class=\"c16\">\n<legend><strong><span class=\"c11\">Challenge<\/span><span class=\"c12\">news<\/span><\/strong><\/legend>\n<div class=\"c15\">Le meilleur de la r\u00e9daction s\u00e9lectionn\u00e9 par Challenge :<\/p>\n<\/div>\n<\/fieldset>\n<\/div>\n<p>Auteur: Roland Amoussou<br \/>\n<a href=\"https:\/\/www.challenge.ma\/startup-cest-parti-pour-la-4e-edition-du-digital-challenge-de-lafd-121306\/\">Cliquez ici pour lire l&rsquo;article depuis sa source.<\/a><\/p>\n","protected":false},"excerpt":{"rendered":"<p>Bonne nouvelle pour les startupeurs et porteurs de projets du continent. L\u2019Agence Fran\u00e7aise de D\u00e9veloppement (AFD) lance la 4\u00e8 \u00e9dition de son concours \u00ab\u00a0Digital Challenge\u00a0\u00bb. Les porteurs de projets ont jusqu\u2019au 18 novembre 2019 pour d\u00e9poser leur candidature en ligne. Tremplin pour les jeunes porteurs de projets et les startups innovantes, ce concours vise \u00e0 [&hellip;]<\/p>\n","protected":false},"author":1787,"featured_media":0,"comment_status":"closed","ping_status":"closed","sticky":false,"template":"","format":"standard","meta":{"fifu_image_url":"","fifu_image_alt":"","footnotes":""},"categories":[78,54],"tags":[],"class_list":["post-65422","post","type-post","status-publish","format-standard","hentry","category-economie","category-maroc"],"_links":{"self":[{"href":"https:\/\/linitiative.ca\/International\/wp-json\/wp\/v2\/posts\/65422","targetHints":{"allow":["GET"]}}],"collection":[{"href":"https:\/\/linitiative.ca\/International\/wp-json\/wp\/v2\/posts"}],"about":[{"href":"https:\/\/linitiative.ca\/International\/wp-json\/wp\/v2\/types\/post"}],"author":[{"embeddable":true,"href":"https:\/\/linitiative.ca\/International\/wp-json\/wp\/v2\/users\/1787"}],"replies":[{"embeddable":true,"href":"https:\/\/linitiative.ca\/International\/wp-json\/wp\/v2\/comments?post=65422"}],"version-history":[{"count":0,"href":"https:\/\/linitiative.ca\/International\/wp-json\/wp\/v2\/posts\/65422\/revisions"}],"wp:attachment":[{"href":"https:\/\/linitiative.ca\/International\/wp-json\/wp\/v2\/media?parent=65422"}],"wp:term":[{"taxonomy":"category","embeddable":true,"href":"https:\/\/linitiative.ca\/International\/wp-json\/wp\/v2\/categories?post=65422"},{"taxonomy":"post_tag","embeddable":true,"href":"https:\/\/linitiative.ca\/International\/wp-json\/wp\/v2\/tags?post=65422"}],"curies":[{"name":"wp","href":"https:\/\/api.w.org\/{rel}","templated":true}]}}