{"id":65424,"date":"2019-10-24T10:42:45","date_gmt":"2019-10-24T14:42:45","guid":{"rendered":"https:\/\/linitiative.ca\/International\/le-defenseur-des-droits-de-lhomme-kaddour-chouicha-arrete-par-la-police-a-oran\/"},"modified":"2019-10-24T10:42:45","modified_gmt":"2019-10-24T14:42:45","slug":"le-defenseur-des-droits-de-lhomme-kaddour-chouicha-arrete-par-la-police-a-oran","status":"publish","type":"post","link":"https:\/\/linitiative.ca\/International\/le-defenseur-des-droits-de-lhomme-kaddour-chouicha-arrete-par-la-police-a-oran\/","title":{"rendered":"Le d\u00e9fenseur des droits de l\u2019Homme Kaddour Chouicha arr\u00eat\u00e9 par la police \u00e0 Oran"},"content":{"rendered":"<h4 class=\"title-14\"\/>\n<div class=\"featured_image\"><img width=\"609\" height=\"408\" data-cfsrc=\"https:\/\/www.elwatan.com\/wp-content\/uploads\/2019\/10\/kaddour-chouicha-ph.jpg\" class=\"attachment-post-thumbnail size-post-thumbnail wp-post-image c2\" alt=\"\" srcset=\"https:\/\/www.elwatan.com\/wp-content\/uploads\/2019\/10\/kaddour-chouicha-ph.jpg 609w, https:\/\/www.elwatan.com\/wp-content\/uploads\/2019\/10\/kaddour-chouicha-ph-300x201.jpg 300w\" sizes=\"(max-width: 609px) 100vw, 609px\"\/><noscript><\/p>\n<p><img loading=\"lazy\" decoding=\"async\" width=\"609\" height=\"408\" src=\"https:\/\/www.elwatan.com\/wp-content\/uploads\/2019\/10\/kaddour-chouicha-ph.jpg\" class=\"attachment-post-thumbnail size-post-thumbnail wp-post-image\" alt=\"\" srcset=\"https:\/\/www.elwatan.com\/wp-content\/uploads\/2019\/10\/kaddour-chouicha-ph.jpg 609w, https:\/\/www.elwatan.com\/wp-content\/uploads\/2019\/10\/kaddour-chouicha-ph-300x201.jpg 300w\" sizes=\"auto, (max-width: 609px) 100vw, 609px\"\/><\/p>\n<p><\/noscript> <span class=\"featured-image-caption\">Kaddour Chouicha.<\/span><\/div>\n<p>Le d\u00e9fenseur des droits de l\u2019homme, Kaddour Chouicha, a \u00e9t\u00e9 arr\u00eat\u00e9, aujourd\u2019hui jeudi, par des \u00e9l\u00e9ments des services de s\u00e9curit\u00e9 lors d\u2019un rassemblement de soutien aux d\u00e9tenus d\u2019opinion, organis\u00e9 ce matin devant le tribunal d\u2019Oran.<\/p>\n<p>Keddour Chouicha, pr\u00e9sident de la section de la Laddh \u00e0 Oran, se trouve actuellement dans le commissariat de la police judiciaire de Dar El Beida (Oran), selon la militante Fatima Boufenik qui cite la famille du d\u00e9fenseur des droits de l\u2019Homme.<\/p>\n<p><span class=\"post-views-label\">Post Views:<\/span> <span class=\"post-views-count\">1\u00a0092<\/span><\/p>\n<p><br class=\"c4\"\/><\/p>\n<p>Auteur: Farouk Djouadi<br \/>\n<a href=\"https:\/\/www.elwatan.com\/edition\/actualite\/le-defenseur-de-droits-de-lhomme-kaddour-chouicha-arrete-par-la-police-a-oran-24-10-2019\">Cliquez ici pour lire l&rsquo;article depuis sa source.<\/a><\/p>\n","protected":false},"excerpt":{"rendered":"<p>Kaddour Chouicha. Le d\u00e9fenseur des droits de l\u2019homme, Kaddour Chouicha, a \u00e9t\u00e9 arr\u00eat\u00e9, aujourd\u2019hui jeudi, par des \u00e9l\u00e9ments des services de s\u00e9curit\u00e9 lors d\u2019un rassemblement de soutien aux d\u00e9tenus d\u2019opinion, organis\u00e9 ce matin devant le tribunal d\u2019Oran. Keddour Chouicha, pr\u00e9sident de la section de la Laddh \u00e0 Oran, se trouve actuellement dans le commissariat de [&hellip;]<\/p>\n","protected":false},"author":1743,"featured_media":65429,"comment_status":"closed","ping_status":"closed","sticky":false,"template":"","format":"standard","meta":{"fifu_image_url":"","fifu_image_alt":"","footnotes":""},"categories":[73,53],"tags":[],"class_list":["post-65424","post","type-post","status-publish","format-standard","has-post-thumbnail","hentry","category-actualite","category-algerie"],"_links":{"self":[{"href":"https:\/\/linitiative.ca\/International\/wp-json\/wp\/v2\/posts\/65424","targetHints":{"allow":["GET"]}}],"collection":[{"href":"https:\/\/linitiative.ca\/International\/wp-json\/wp\/v2\/posts"}],"about":[{"href":"https:\/\/linitiative.ca\/International\/wp-json\/wp\/v2\/types\/post"}],"author":[{"embeddable":true,"href":"https:\/\/linitiative.ca\/International\/wp-json\/wp\/v2\/users\/1743"}],"replies":[{"embeddable":true,"href":"https:\/\/linitiative.ca\/International\/wp-json\/wp\/v2\/comments?post=65424"}],"version-history":[{"count":0,"href":"https:\/\/linitiative.ca\/International\/wp-json\/wp\/v2\/posts\/65424\/revisions"}],"wp:featuredmedia":[{"embeddable":true,"href":"https:\/\/linitiative.ca\/International\/wp-json\/"}],"wp:attachment":[{"href":"https:\/\/linitiative.ca\/International\/wp-json\/wp\/v2\/media?parent=65424"}],"wp:term":[{"taxonomy":"category","embeddable":true,"href":"https:\/\/linitiative.ca\/International\/wp-json\/wp\/v2\/categories?post=65424"},{"taxonomy":"post_tag","embeddable":true,"href":"https:\/\/linitiative.ca\/International\/wp-json\/wp\/v2\/tags?post=65424"}],"curies":[{"name":"wp","href":"https:\/\/api.w.org\/{rel}","templated":true}]}}