{"id":65428,"date":"2019-10-24T06:00:00","date_gmt":"2019-10-24T10:00:00","guid":{"rendered":"https:\/\/linitiative.ca\/International\/quand-oran-etait-une-terre-dasile-pour-les-refugies-republicains-espagnols\/"},"modified":"2019-10-24T06:00:00","modified_gmt":"2019-10-24T10:00:00","slug":"quand-oran-etait-une-terre-dasile-pour-les-refugies-republicains-espagnols","status":"publish","type":"post","link":"https:\/\/linitiative.ca\/International\/quand-oran-etait-une-terre-dasile-pour-les-refugies-republicains-espagnols\/","title":{"rendered":"Quand Oran \u00e9tait une terre d\u2019asile pour les r\u00e9fugi\u00e9s r\u00e9publicains espagnols"},"content":{"rendered":"<p>Le r\u00f4le d\u2019Oran comme terre d&rsquo;asile pour les r\u00e9fugi\u00e9s r\u00e9publicains espagnols a \u00e9t\u00e9 mis en exergue au cours d\u2019un s\u00e9minaire comm\u00e9morant, mardi \u00e0 Oran, le 80e anniversaire de \u00abL&rsquo;exil r\u00e9publicain espagnol en Alg\u00e9rie\u00bb.<br \/>\u00abOran, terre d&rsquo;asile pour les r\u00e9fugi\u00e9s espagnols, a \u00e9t\u00e9 d\u00e9crite comme le paradis des malheureux, mais \u00e9galement un lieu de rel\u00e9gation pour des r\u00e9fugi\u00e9s ayant souffert l&rsquo;exil et le d\u00e9racinement\u00bb, a d\u00e9clar\u00e9 le chercheur et \u00e9crivain Alfred Salinas, rappelant que la fin de la guerre civile en Espagne et la d\u00e9faite des r\u00e9publicains entra\u00eena un important flux migratoire vers la France, l&rsquo;Afrique du Nord et le continent am\u00e9ricain. Une diaspora de masse, estim\u00e9e \u00e0 quelque 480 000 \u00e2mes de toutes couches sociales, politiques et \u00e9conomiques, qui a fui l\u2019Espagne pour regagner Oran \u00e0 bord du navire Stanbrook le 19 mars 1939. Pr\u00e8s de 2 700 r\u00e9fugi\u00e9s ont \u00e9t\u00e9 bloqu\u00e9s au port d&rsquo;Oran pendant plus d&rsquo;un mois par l&rsquo;administration fran\u00e7aise. Il a fallu de nombreuses tractations pour les lib\u00e9rer et les mettre ensuite dans des camps d&rsquo;internement \u00e0 Oran, ainsi que dans d&rsquo;autres villes comme A\u00efn-T\u00e9mouchent et Relizane, a \u00e9voqu\u00e9, pour sa part, Juan Martinez Leal, de l&rsquo;universit\u00e9 d&rsquo;Alicante.<br \/>L&rsquo;universitaire d&rsquo;Oran, Wafa Elfekair, a d\u00e9crit, pour sa part, les conditions de vie effroyables des r\u00e9fugi\u00e9s dans les nombreux centres d&rsquo;internement dont plusieurs \u00e0 Oran, notamment l&rsquo;ancienne prison civile \u00e0 Oran et \u00e0 A\u00efn El-Turck. Le chercheur espagnol, Juan Ramon Roca, a abord\u00e9, quant \u00e0 lui, la situation \u00e9conomique des r\u00e9fugi\u00e9s \u00e0 Oran qui se sont int\u00e9ress\u00e9s \u00e0 la cueillette de l&rsquo;Alfa \u00e0 Sa\u00efda, mais aussi \u00e0 d&rsquo;autres m\u00e9tiers comme l&rsquo;agriculture, soulignant que nombreux parmi eux ont refus\u00e9 la naturalisation fran\u00e7aise.<br \/>Selon l&rsquo;Institut Cervant\u00e8s, l\u2019objectif de cette manifestation est de rendre hommage \u00e0 tous ceux que La Retirada (La Retraite) de 1939 a repr\u00e9sent\u00e9 pour les exil\u00e9s r\u00e9publicains espagnols, mais aussi pour les pays qui les ont accueillis, notamment l&rsquo;Alg\u00e9rie, qui \u00e9tait alors sous l\u2019occupation fran\u00e7aise.<br \/>La rencontre comm\u00e9morative est organis\u00e9e par l\u2019ambassade d\u2019Espagne en Alg\u00e9rie et les instituts Cervant\u00e8s d\u2019Alger et d\u2019Oran, en collaboration avec le minist\u00e8re de la Justice d\u2019Espagne et les minist\u00e8res alg\u00e9riens de l\u2019Enseignement sup\u00e9rieur et de la Recherche scientifique, et de la Culture et l\u2019Assembl\u00e9e populaire communale d\u2019Oran. Le s\u00e9minaire, de deux jours, a \u00e9t\u00e9 marqu\u00e9 par la pr\u00e9sence de l&rsquo;ambassadeur d&rsquo;Espagne en Alg\u00e9rie, Morane Fernando et celui du Mexique en Alg\u00e9rie, Juan Jos\u00e9 Gonzal\u00e8s.<\/p>\n<p>Auteur:<br \/>\n<a href=\"https:\/\/www.lesoirdalgerie.com\/culture\/quand-oran-etait-une-terre-dasile-pour-les-refugies-republicains-espagnols-32374\">Cliquez ici pour lire l&rsquo;article depuis sa source.<\/a><\/p>\n","protected":false},"excerpt":{"rendered":"<p>Le r\u00f4le d\u2019Oran comme terre d&rsquo;asile pour les r\u00e9fugi\u00e9s r\u00e9publicains espagnols a \u00e9t\u00e9 mis en exergue au cours d\u2019un s\u00e9minaire comm\u00e9morant, mardi \u00e0 Oran, le 80e anniversaire de \u00abL&rsquo;exil r\u00e9publicain espagnol en Alg\u00e9rie\u00bb.\u00abOran, terre d&rsquo;asile pour les r\u00e9fugi\u00e9s espagnols, a \u00e9t\u00e9 d\u00e9crite comme le paradis des malheureux, mais \u00e9galement un lieu de rel\u00e9gation pour des [&hellip;]<\/p>\n","protected":false},"author":1741,"featured_media":0,"comment_status":"closed","ping_status":"closed","sticky":false,"template":"","format":"standard","meta":{"fifu_image_url":"","fifu_image_alt":"","footnotes":""},"categories":[73,53],"tags":[],"class_list":["post-65428","post","type-post","status-publish","format-standard","hentry","category-actualite","category-algerie"],"_links":{"self":[{"href":"https:\/\/linitiative.ca\/International\/wp-json\/wp\/v2\/posts\/65428","targetHints":{"allow":["GET"]}}],"collection":[{"href":"https:\/\/linitiative.ca\/International\/wp-json\/wp\/v2\/posts"}],"about":[{"href":"https:\/\/linitiative.ca\/International\/wp-json\/wp\/v2\/types\/post"}],"author":[{"embeddable":true,"href":"https:\/\/linitiative.ca\/International\/wp-json\/wp\/v2\/users\/1741"}],"replies":[{"embeddable":true,"href":"https:\/\/linitiative.ca\/International\/wp-json\/wp\/v2\/comments?post=65428"}],"version-history":[{"count":0,"href":"https:\/\/linitiative.ca\/International\/wp-json\/wp\/v2\/posts\/65428\/revisions"}],"wp:attachment":[{"href":"https:\/\/linitiative.ca\/International\/wp-json\/wp\/v2\/media?parent=65428"}],"wp:term":[{"taxonomy":"category","embeddable":true,"href":"https:\/\/linitiative.ca\/International\/wp-json\/wp\/v2\/categories?post=65428"},{"taxonomy":"post_tag","embeddable":true,"href":"https:\/\/linitiative.ca\/International\/wp-json\/wp\/v2\/tags?post=65428"}],"curies":[{"name":"wp","href":"https:\/\/api.w.org\/{rel}","templated":true}]}}