{"id":65432,"date":"2019-10-24T13:06:40","date_gmt":"2019-10-24T17:06:40","guid":{"rendered":"https:\/\/linitiative.ca\/International\/ft-future-of-the-car-summit-usa-2019-lecosysteme-automobile-marocain-en-tete-daffiche-a-detroit\/"},"modified":"2019-10-24T13:06:40","modified_gmt":"2019-10-24T17:06:40","slug":"ft-future-of-the-car-summit-usa-2019-lecosysteme-automobile-marocain-en-tete-daffiche-a-detroit","status":"publish","type":"post","link":"https:\/\/linitiative.ca\/International\/ft-future-of-the-car-summit-usa-2019-lecosysteme-automobile-marocain-en-tete-daffiche-a-detroit\/","title":{"rendered":"\u00abFT Future of the Car Summit USA 2019\u00bb L\u2019\u00e9cosyst\u00e8me automobile marocain en t\u00eate d\u2019affiche \u00e0 Detroit"},"content":{"rendered":"<p><strong>Une importante d\u00e9l\u00e9gation marocaine sera pr\u00e9sente au \u00abFT Future of the Car Summit USA 2019\u00bb le 29 octobre courant avec \u00e0 sa t\u00eate le minist\u00e8re de l\u2019Industrie, du Commerce, de l\u2019\u00c9conomie verte et num\u00e9rique. Il sera accompagn\u00e9 de son Excellence Mme l\u2019Ambassadeur Lalla Joumala Alaoui et de plusieurs personnes repr\u00e9sentant de l\u2019Agence marocaine pour le d\u00e9veloppement des investissements et des exportations (AMDIE), l\u2019Association Marocaine pour l\u2019Industrie et le Commerce de l\u2019Automobile (AMICA). Objectif : valoriser les potentialit\u00e9s du Maroc \u00e0 travers son \u00e9cosyst\u00e8me automobile, tant en termes d\u2019exportations que d\u2019attractivit\u00e9 des investissements et des nouvelles mobilit\u00e9s. \u00a0<\/strong><\/p>\n<div class=\"c10\"\/>\n<p>C\u2019est \u00e0 D\u00e9troit, en plein c\u0153ur de la capitale de l\u2019automobile am\u00e9ricaine, que se tiendra le 29 octobre courant le \u00abFT Future of the Car Summit USA 2019\u00bb. Un sommet plac\u00e9 sous le th\u00e8me \u00abLeading the mobility revolution\u00bb ;<br \/>autrement dit, comment accompagner cette nouvelle r\u00e9volution en mati\u00e8re de mobilit\u00e9 qui gagne peu \u00e0 peu nos soci\u00e9t\u00e9s modernes et dans lesquelles l\u2019\u00e9cosyst\u00e8me automobile mondial et son environnement doivent imp\u00e9rativement s\u2019adapter ? Dans la perspective de ce sommet, plus de 150 acteurs parmi les plus influents du secteur automobile vont se succ\u00e9der \u00e0 la tribune pour aborder, exposer et d\u00e9battre sur de grandes questions et autres th\u00e9matiques qui constitueront le fil conducteur de cette journ\u00e9e de d\u00e9bats. Parmi ces th\u00e9matiques, la question est pos\u00e9e de savoir comment les constructeurs automobiles se pr\u00e9parent-ils \u00e0 l\u2019avenir de la voiture dans le nouvel \u00e9cosyst\u00e8me de la mobilit\u00e9 ? Leurs lignes de production et leurs cha\u00eenes d\u2019approvisionnement seront-elles mises \u00e0 jour ?<br \/>De quoi aiguiser l\u2019app\u00e9tit des conf\u00e9renciers qui donneront sans sourciller leurs appr\u00e9ciations. Ils embrayeront sur le volet durabilit\u00e9 et long\u00e9vit\u00e9 des v\u00e9hicules autonomes et se demanderont comment cela affectera-t-il les mod\u00e8les commerciaux ? Du reste, les intervenants \u00e9voqueront \u00e9galement la question li\u00e9e aux d\u00e9fis environnementaux et celle relative \u00e0 l\u2019\u00e9volution des attentes des consommateurs dans un tel environnement. Faut-il pr\u00e9ciser que les diff\u00e9rents orateurs gravitent autour du monde de l\u2019automobile, au rang desquels Jim Farley, Pr\u00e9sident des nouvelles entreprises, technologie et strat\u00e9gie chez Ford, Rachel Kuhn, Directeur de l\u2019Innovation globale chez General Motors, Mamatha Chamarthi, Dirigeant principal de l\u2019information chez FCA, Am\u00e9rique du Nord et Asie Pacifique ou encore Mike Flewitt, PDG de McLaren Automotive\u2026<\/p>\n<p><strong>L\u2019AMDIE, en ma\u00eetre d\u2019\u0153uvre<\/strong><\/p>\n<p>Point d\u2019orgue de ce sommet, la participation marocaine. En effet, sous l\u2019impulsion de l\u2019Agence marocaine de D\u00e9veloppement des Investissements et des Exportations (AMDIE), une importante d\u00e9l\u00e9gation conduite par le minist\u00e8re de l\u2019Industrie, du Commerce, de l\u2019\u00c9conomie verte et num\u00e9rique sera pr\u00e9sente au \u00abFT Future of the Car Summit USA 2019\u00bb. Celle-ci accueillera, outre l\u2019AMDIE et le minist\u00e8re, son Excellence Mme l\u2019Ambassadeur Lalla Joumala Alaoui et plusieurs op\u00e9rateurs industriels, membre de l\u2019Association Marocaine pour l\u2019Industrie et le Commerce de l\u2019Automobile (AMICA). Faut-il pr\u00e9ciser que discours d\u2019ouverture de ce sommet qui r\u00e9pond au th\u00e8me : \u00abComment le Maroc a-t-il construit un \u00e9cosyst\u00e8me automobile durable et innovant pour un \u00e9cosyst\u00e8me de mobilit\u00e9 durable ? \u00bb, sera effectu\u00e9 par Ali Seddiki, Directeur G\u00e9n\u00e9ral de l\u2019Industrie aupr\u00e8s du minist\u00e8re de l\u2019Industrie, du Commerce, de l\u2019\u00c9conomie verte et num\u00e9rique. \u00c0 noter que plusieurs activit\u00e9s sont organis\u00e9es en parall\u00e8le et en marge du Sommet en partenariat avec l\u2019AMDIE et en collaboration avec l\u2019ambassade du Maroc aux USA.\u00a0<\/p>\n<p><strong>Le Maroc sur orbite\u00a0<\/strong><\/p>\n<p>En l\u2019espace de quelques ann\u00e9es, le Maroc a \u00e9merg\u00e9 comme \u00e9tant l\u2019un des acteurs les plus en vue de l\u2019industrie automobile, un choix d\u2019autant plus strat\u00e9gique que le secteur affiche de belles performances tant en termes d\u2019exportations que d\u2019attractivit\u00e9 des investissements. Selon le groupe Fitch, le Maroc demeure le 5\u00e8me plus grand exportateur \u00e9tranger en Europe avec une capacit\u00e9 install\u00e9e de 700 000 v\u00e9hicules, ce qui fait du Royaume le n\u00b01 en Afrique. Aujourd\u2019hui, le taux d\u2019int\u00e9gration locale de l\u2019industrie est de 60%. La conception et la fabrication du moteur sont confi\u00e9es \u00e0 des ing\u00e9nieurs marocains pour des \u00e9quipementiers. Ceci a \u00e9t\u00e9 r\u00e9alis\u00e9 gr\u00e2ce \u00e0 une politique ambitieuse de cinq ans pour le secteur. C\u2019est d\u2019ailleurs tout l\u2019enjeu de ce sommet pour lequel la d\u00e9l\u00e9gation marocaine s\u2019emploiera \u00e0 vanter la destination \u00e0 l\u2019occasion du \u00abFT Future of the Car Summit\u00bb. L\u2019envol\u00e9e des exportations combin\u00e9es \u00e0 l\u2019implantation d\u2019\u00e9quipementiers de r\u00e9f\u00e9rence mondiale et de g\u00e9ants de la construction automobile illustre la place du Royaume dans la cour des grands en Afrique et dans le pourtour euro-m\u00e9diterran\u00e9en.<\/p>\n<p><img decoding=\"async\" src=\"https:\/\/www.challenge.ma\/wp-content\/uploads\/2019\/10\/AMDIE.jpg\" alt=\"\" class=\"wp-image-121312\" srcset=\"https:\/\/www.challenge.ma\/wp-content\/uploads\/2019\/10\/AMDIE.jpg 821w, https:\/\/www.challenge.ma\/wp-content\/uploads\/2019\/10\/AMDIE-300x138.jpg 300w, https:\/\/www.challenge.ma\/wp-content\/uploads\/2019\/10\/AMDIE-768x355.jpg 768w, https:\/\/www.challenge.ma\/wp-content\/uploads\/2019\/10\/AMDIE-360x166.jpg 360w, https:\/\/www.challenge.ma\/wp-content\/uploads\/2019\/10\/AMDIE-750x346.jpg 750w\" sizes=\"(max-width: 821px) 100vw, 821px\"\/><\/p>\n<p><strong>L\u2019AMDIE, catalyseur d\u2019opportunit\u00e9s\u00a0<\/strong><\/p>\n<p>Pour rappel, l\u2019Agence marocaine pour le d\u00e9veloppement des investissements et des exportations est charg\u00e9e de promouvoir les investissements nationaux et \u00e9trangers ainsi que l\u2019exportation de biens et de services. Pour l\u2019industrie automobile, elle fournit des services essentiels qui permettent aux constructeurs automobiles et aux acteurs du secteur de prendre des d\u00e9cisions plus \u00e9clair\u00e9es :<\/p>\n<p>> En leur assurant le suivi tout au long du projet, de sa pr\u00e9paration \u00e0 son financement et \u00e0 son ex\u00e9cution.<\/p>\n<p>> En leur identifiant les meilleurs partenaires au Maroc et en les accompagnant tout au long du processus de n\u00e9gociation.<\/p>\n<p>> En leur facilitant un acc\u00e8s aux march\u00e9s automobiles internationaux et en les aidant \u00e0 signer des contrats d\u2019exportation avec des acteurs locaux.<\/p>\n<p>> En les assistant \u00e0 identifier les meilleures opportunit\u00e9s \u00e0 l\u2019\u00e9tranger et vous suivra tout au long du processus d\u2019investissement, quel que soit votre pays d\u2019origine.<\/p>\n<div class=\"c17\">\n<fieldset class=\"c16\">\n<legend><strong><span class=\"c11\">Challenge<\/span><span class=\"c12\">news<\/span><\/strong><\/legend>\n<div class=\"c15\">Le meilleur de la r\u00e9daction s\u00e9lectionn\u00e9 par Challenge :<\/p>\n<\/div>\n<\/fieldset>\n<\/div>\n<p>Auteur: David J\u00e9r\u00e9mie<br \/>\n<a href=\"https:\/\/www.challenge.ma\/ft-future-of-the-car-summit-usa-2019-lecosysteme-automobile-marocain-en-tete-daffiche-a-detroit-121310\/\">Cliquez ici pour lire l&rsquo;article depuis sa source.<\/a><\/p>\n","protected":false},"excerpt":{"rendered":"<p>Une importante d\u00e9l\u00e9gation marocaine sera pr\u00e9sente au \u00abFT Future of the Car Summit USA 2019\u00bb le 29 octobre courant avec \u00e0 sa t\u00eate le minist\u00e8re de l\u2019Industrie, du Commerce, de l\u2019\u00c9conomie verte et num\u00e9rique. Il sera accompagn\u00e9 de son Excellence Mme l\u2019Ambassadeur Lalla Joumala Alaoui et de plusieurs personnes repr\u00e9sentant de l\u2019Agence marocaine pour le [&hellip;]<\/p>\n","protected":false},"author":1787,"featured_media":65435,"comment_status":"closed","ping_status":"closed","sticky":false,"template":"","format":"standard","meta":{"fifu_image_url":"","fifu_image_alt":"","footnotes":""},"categories":[78,54],"tags":[],"class_list":["post-65432","post","type-post","status-publish","format-standard","has-post-thumbnail","hentry","category-economie","category-maroc"],"_links":{"self":[{"href":"https:\/\/linitiative.ca\/International\/wp-json\/wp\/v2\/posts\/65432","targetHints":{"allow":["GET"]}}],"collection":[{"href":"https:\/\/linitiative.ca\/International\/wp-json\/wp\/v2\/posts"}],"about":[{"href":"https:\/\/linitiative.ca\/International\/wp-json\/wp\/v2\/types\/post"}],"author":[{"embeddable":true,"href":"https:\/\/linitiative.ca\/International\/wp-json\/wp\/v2\/users\/1787"}],"replies":[{"embeddable":true,"href":"https:\/\/linitiative.ca\/International\/wp-json\/wp\/v2\/comments?post=65432"}],"version-history":[{"count":0,"href":"https:\/\/linitiative.ca\/International\/wp-json\/wp\/v2\/posts\/65432\/revisions"}],"wp:featuredmedia":[{"embeddable":true,"href":"https:\/\/linitiative.ca\/International\/wp-json\/"}],"wp:attachment":[{"href":"https:\/\/linitiative.ca\/International\/wp-json\/wp\/v2\/media?parent=65432"}],"wp:term":[{"taxonomy":"category","embeddable":true,"href":"https:\/\/linitiative.ca\/International\/wp-json\/wp\/v2\/categories?post=65432"},{"taxonomy":"post_tag","embeddable":true,"href":"https:\/\/linitiative.ca\/International\/wp-json\/wp\/v2\/tags?post=65432"}],"curies":[{"name":"wp","href":"https:\/\/api.w.org\/{rel}","templated":true}]}}