{"id":65436,"date":"2019-10-24T06:00:00","date_gmt":"2019-10-24T10:00:00","guid":{"rendered":"https:\/\/linitiative.ca\/International\/apercu-sur-la-culture-et-les-chants-amazighs-dans-les-aures-ouargla-et-la-kabylie-un-nouveau-livre-de-salim-sahali\/"},"modified":"2019-10-24T06:00:00","modified_gmt":"2019-10-24T10:00:00","slug":"apercu-sur-la-culture-et-les-chants-amazighs-dans-les-aures-ouargla-et-la-kabylie-un-nouveau-livre-de-salim-sahali","status":"publish","type":"post","link":"https:\/\/linitiative.ca\/International\/apercu-sur-la-culture-et-les-chants-amazighs-dans-les-aures-ouargla-et-la-kabylie-un-nouveau-livre-de-salim-sahali\/","title":{"rendered":"Aper\u00e7u sur la culture et les chants amazighs dans les Aur\u00e8s, Ouargla et la Kabylie, un nouveau livre de Salim Sahali"},"content":{"rendered":"<p>Un nouveau livre, intitul\u00e9 Aper\u00e7u sur la culture et des chants amazighs dans les Aur\u00e8s, Ouargla et la Kabylie, repr\u00e9sente le nouvel ouvrage publi\u00e9 par l\u2019artiste Salim Sahali.<br \/>Edit\u00e9 par la maison Dar Anzar, cet ouvrage met la lumi\u00e8re, \u00e0 travers ses 340 pages, sur les chants des Aur\u00e8s, de la Kabylie et de Ouargla, en mettant l\u2019accent sur les diff\u00e9rents types de chants caract\u00e9ristiques de ces r\u00e9gions sous tous leurs aspects, concernant les textes et les rythmes musicaux. Selon l\u2019auteur, un artiste aux multiples talents, l\u2019introduction du livre est un pr\u00e9lude historique \u00e9voquant les influences qui ont pes\u00e9 sur le patrimoine folklorique et musical amazigh de ces trois r\u00e9gions du pays, \u00e0 commencer par le Sud qui a subi l\u2019influence africaine donnant lieu \u00e0 la cr\u00e9ation de la musique diwane, appel\u00e9e \u00e0 l\u2019ouest du pays musique gnaoua, soulignant que ce genre musical est \u00abun m\u00e9lange de rythme africain avec une pointe de soufisme\u00bb.<br \/>Ce livre sera pr\u00e9sent \u00e0 la 24e \u00e9dition du Salon international du livre, selon M. Sahali, qui a ajout\u00e9 que son ouvrage est \u00able r\u00e9sultat d&rsquo;une recherche d&rsquo;environ 30 ans et constitue une tentative de contribuer \u00e0 la revalorisation de la musique et des arts amazighs\u00bb.<br \/>N\u00e9 en 1956 dans la r\u00e9gion de Rhaouet, dans la commune de Hidoussa (wilaya de Batna), Salim Sahali est un artiste plasticien, dramaturge et musicien, ayant compos\u00e9 de nombreuses chansons et \u00e9crit plusieurs ouvrages. Actuellement, il est en train de finaliser l\u2019\u00e9criture d\u2019un livre sur la reine Kahina d&rsquo;une mani\u00e8re diff\u00e9rente de ce qui a \u00e9t\u00e9 \u00e9crit et publi\u00e9 jusqu\u2019\u00e0 pr\u00e9sent.<\/p>\n<p>Auteur:<br \/>\n<a href=\"https:\/\/www.lesoirdalgerie.com\/culture\/apercu-sur-la-culture-et-les-chants-amazighs-dans-les-aures-ouargla-et-la-kabylie-un-nouveau-livre-de-salim-sahali-32373\">Cliquez ici pour lire l&rsquo;article depuis sa source.<\/a><\/p>\n","protected":false},"excerpt":{"rendered":"<p>Un nouveau livre, intitul\u00e9 Aper\u00e7u sur la culture et des chants amazighs dans les Aur\u00e8s, Ouargla et la Kabylie, repr\u00e9sente le nouvel ouvrage publi\u00e9 par l\u2019artiste Salim Sahali.Edit\u00e9 par la maison Dar Anzar, cet ouvrage met la lumi\u00e8re, \u00e0 travers ses 340 pages, sur les chants des Aur\u00e8s, de la Kabylie et de Ouargla, en [&hellip;]<\/p>\n","protected":false},"author":1741,"featured_media":0,"comment_status":"closed","ping_status":"closed","sticky":false,"template":"","format":"standard","meta":{"fifu_image_url":"","fifu_image_alt":"","footnotes":""},"categories":[73,53],"tags":[],"class_list":["post-65436","post","type-post","status-publish","format-standard","hentry","category-actualite","category-algerie"],"_links":{"self":[{"href":"https:\/\/linitiative.ca\/International\/wp-json\/wp\/v2\/posts\/65436","targetHints":{"allow":["GET"]}}],"collection":[{"href":"https:\/\/linitiative.ca\/International\/wp-json\/wp\/v2\/posts"}],"about":[{"href":"https:\/\/linitiative.ca\/International\/wp-json\/wp\/v2\/types\/post"}],"author":[{"embeddable":true,"href":"https:\/\/linitiative.ca\/International\/wp-json\/wp\/v2\/users\/1741"}],"replies":[{"embeddable":true,"href":"https:\/\/linitiative.ca\/International\/wp-json\/wp\/v2\/comments?post=65436"}],"version-history":[{"count":0,"href":"https:\/\/linitiative.ca\/International\/wp-json\/wp\/v2\/posts\/65436\/revisions"}],"wp:attachment":[{"href":"https:\/\/linitiative.ca\/International\/wp-json\/wp\/v2\/media?parent=65436"}],"wp:term":[{"taxonomy":"category","embeddable":true,"href":"https:\/\/linitiative.ca\/International\/wp-json\/wp\/v2\/categories?post=65436"},{"taxonomy":"post_tag","embeddable":true,"href":"https:\/\/linitiative.ca\/International\/wp-json\/wp\/v2\/tags?post=65436"}],"curies":[{"name":"wp","href":"https:\/\/api.w.org\/{rel}","templated":true}]}}