{"id":65441,"date":"2019-10-24T06:00:00","date_gmt":"2019-10-24T10:00:00","guid":{"rendered":"https:\/\/linitiative.ca\/International\/hommage-a-ahmed-gouri\/"},"modified":"2019-10-24T06:00:00","modified_gmt":"2019-10-24T10:00:00","slug":"hommage-a-ahmed-gouri","status":"publish","type":"post","link":"https:\/\/linitiative.ca\/International\/hommage-a-ahmed-gouri\/","title":{"rendered":"Hommage \u00e0 Ahmed Gouri"},"content":{"rendered":"<p>La treizi\u00e8me \u00e9dition des Journ\u00e9es de Annaba du court m\u00e9trage se d\u00e9roulera du 26 au 28 octobre courant au niveau du palais de la culture et des arts Mohamed-Boudiaf.<br \/>Lors de sa conf\u00e9rence de presse tenue mardi dernier au Palais de la culture, le directeur du palais, Rachid Sa\u00efdi, a estim\u00e9 que \u00abl\u2019organisation de ce genre d\u2019\u00e9v\u00e9nements cin\u00e9matographiques est d\u2019une importance capitale pour la promotion et l\u2019enrichissement du secteur du 7e art au niveau de la wilaya de Annaba, mais aussi \u00e0 travers l\u2019ensemble du territoire alg\u00e9rien\u00bb.<br \/>Le directeur des Journ\u00e9es a, par ailleurs, affirm\u00e9 que l\u2019encouragement des jeunes talents en mati\u00e8re de production cin\u00e9matographique et l\u2019accompagnement des \u00e9l\u00e8ves de l\u2019atelier d\u2019audio-visuel du Palais de la culture font partie des objectifs de cette treizi\u00e8me \u00e9dition qui \u00ableur permettra d\u2019accro\u00eetre leurs comp\u00e9tences en se frottant \u00e0 d\u2019autres artistes \u00e0 travers les \u00e9changes avec leurs pairs\u00bb. De son c\u00f4t\u00e9, le charg\u00e9 de communication des Journ\u00e9es de Annaba du court m\u00e9trage, M. Abdelhakim Djebnoune, a d\u00e9taill\u00e9 le programme de l\u2019\u00e9v\u00e9nement bas\u00e9 sur trois axes, qui sont aussi les diff\u00e9rentes cat\u00e9gories de cette comp\u00e9tition, \u00e0 savoir \u00abfiction\u00bb, \u00abdocumentaire\u00bb et \u00abamateur\u00bb. il a ainsi r\u00e9v\u00e9l\u00e9 que 26 courts m\u00e9trages seront en lice pour tenter de d\u00e9crocher l\u2019un des trois prix des Journ\u00e9es.<br \/>Djebnoune a, en outre, annonc\u00e9 le lancement, lors des journ\u00e9es, de deux ateliers de formation en la mati\u00e8re. Le premier atelier concerne l\u2019\u00abart de l\u2019acteur\u00bb, alors que le second est d\u00e9di\u00e9 aux \u00abtechniques de montage\u00bb. Le jury sera compos\u00e9 du journaliste et critique cin\u00e9matographique, Fay\u00e7al Metaoui, en sa qualit\u00e9 de pr\u00e9sident du jury, ainsi que du directeur de la Cin\u00e9math\u00e8que d\u2019Alg\u00e9rie, M. Salim Agar, et du cin\u00e9aste ,Ahmed Zir, en leur qualit\u00e9 de membres. Un hommage particulier sera rendu \u00e0 l\u2019acteur Ahmed Gouri pour ses qualit\u00e9s d\u2019acteur et son parcours artistique au th\u00e9\u00e2tre et \u00e0 la t\u00e9l\u00e9vision, ainsi qu\u2019au producteur Hamid Benattia.<br \/>Pour sa part, le directeur artistique de l\u2019\u00e9v\u00e9nement a attest\u00e9 de l\u2019excellent niveau artistique des \u00e9l\u00e8ves de l\u2019atelier de formation en audio-visuel du palais de la culture Mohamed-Boudiaf.<br \/>\u00abLes r\u00e9compenses qu\u2019ont re\u00e7ues plusieurs de ces \u00e9l\u00e8ves lors d\u2019\u00e9v\u00e8nements cin\u00e9matographiques organis\u00e9s en Alg\u00e9rie et ailleurs dans le monde arabe ne peuvent qu\u2019en t\u00e9moigner\u00bb, rel\u00e8vera-t-il. Les films participant \u00e0 la treizi\u00e8me \u00e9dition sont au nombre de 26, dont 11 de fiction, 8 amateurs et 7 documentaires.<br \/>A. Bouacha<\/p>\n<p>Auteur:<br \/>\n<a href=\"https:\/\/www.lesoirdalgerie.com\/culture\/hommage-a-ahmed-gouri-32372\">Cliquez ici pour lire l&rsquo;article depuis sa source.<\/a><\/p>\n","protected":false},"excerpt":{"rendered":"<p>La treizi\u00e8me \u00e9dition des Journ\u00e9es de Annaba du court m\u00e9trage se d\u00e9roulera du 26 au 28 octobre courant au niveau du palais de la culture et des arts Mohamed-Boudiaf.Lors de sa conf\u00e9rence de presse tenue mardi dernier au Palais de la culture, le directeur du palais, Rachid Sa\u00efdi, a estim\u00e9 que \u00abl\u2019organisation de ce genre [&hellip;]<\/p>\n","protected":false},"author":1741,"featured_media":0,"comment_status":"closed","ping_status":"closed","sticky":false,"template":"","format":"standard","meta":{"fifu_image_url":"","fifu_image_alt":"","footnotes":""},"categories":[73,53],"tags":[],"class_list":["post-65441","post","type-post","status-publish","format-standard","hentry","category-actualite","category-algerie"],"_links":{"self":[{"href":"https:\/\/linitiative.ca\/International\/wp-json\/wp\/v2\/posts\/65441","targetHints":{"allow":["GET"]}}],"collection":[{"href":"https:\/\/linitiative.ca\/International\/wp-json\/wp\/v2\/posts"}],"about":[{"href":"https:\/\/linitiative.ca\/International\/wp-json\/wp\/v2\/types\/post"}],"author":[{"embeddable":true,"href":"https:\/\/linitiative.ca\/International\/wp-json\/wp\/v2\/users\/1741"}],"replies":[{"embeddable":true,"href":"https:\/\/linitiative.ca\/International\/wp-json\/wp\/v2\/comments?post=65441"}],"version-history":[{"count":0,"href":"https:\/\/linitiative.ca\/International\/wp-json\/wp\/v2\/posts\/65441\/revisions"}],"wp:attachment":[{"href":"https:\/\/linitiative.ca\/International\/wp-json\/wp\/v2\/media?parent=65441"}],"wp:term":[{"taxonomy":"category","embeddable":true,"href":"https:\/\/linitiative.ca\/International\/wp-json\/wp\/v2\/categories?post=65441"},{"taxonomy":"post_tag","embeddable":true,"href":"https:\/\/linitiative.ca\/International\/wp-json\/wp\/v2\/tags?post=65441"}],"curies":[{"name":"wp","href":"https:\/\/api.w.org\/{rel}","templated":true}]}}