{"id":65445,"date":"2019-10-24T14:19:00","date_gmt":"2019-10-24T18:19:00","guid":{"rendered":"https:\/\/linitiative.ca\/International\/fondation-arts-culture-by-uib-mecene-principal-des-dunes-electroniques\/"},"modified":"2019-10-24T14:19:00","modified_gmt":"2019-10-24T18:19:00","slug":"fondation-arts-culture-by-uib-mecene-principal-des-dunes-electroniques","status":"publish","type":"post","link":"https:\/\/linitiative.ca\/International\/fondation-arts-culture-by-uib-mecene-principal-des-dunes-electroniques\/","title":{"rendered":"<div>Fondation Arts &#038; Culture by UIB, m\u00e9c\u00e8ne principal des \u00abDunes Electroniques\u00bb<\/div>"},"content":{"rendered":"<p>Les organisateurs des \u00ab Dunes Electroniques \u00bb ont tenu une conf\u00e9rence de presse le jeudi 24 Octobre 2019 \u00e0 Tunis. Anim\u00e9e par Patrick Ali El Ouerghi, la conf\u00e9rence de presse a \u00e9t\u00e9 marqu\u00e9e par la pr\u00e9sence de nombreux journalistes et influenceurs et rehauss\u00e9e par la pr\u00e9sence du Ministre du Tourisme et des partenaires de l\u2019\u00e9v\u00e8nement parmi lesquels la Fondation Arts &#038; Culture by UIB \u2013 m\u00e9c\u00e8ne principal des \u00ab Dunes Electroniques \u00bb.<\/p>\n<p>L\u2019\u00e9pisode III des \u00ab Dunes Electroniques \u00bb qui se tiendra les 16 et 17 novembre 2019 \u00e0 Nefta, offrira un programme \u00e9clectique et vari\u00e9. Plusieurs DJs de renomm\u00e9e et des producteurs mondialement reconnus se succ\u00e9deront avec une line-up in\u00e9dite dans le d\u00e9sert d\u2019Ong Jmel. L\u2019\u00e9v\u00e9nement s\u2019articulera notamment autour d\u2019un spectacle de 30 heures de musique non-stop, avec plus de 30 artistes mobilis\u00e9s sur 2 sc\u00e8nes dans le site mythique de Star Wars, en plein d\u00e9sert de Nefta.<\/p>\n<p>Patrick Ali El Ouerghi a saisi l\u2019occasion pour remercier les diverses parties prenantes dont l\u2019apport a permis \u00e0 ce rendez-vous de revoir le jour apr\u00e8s 4 ans d\u2019absence.<\/p>\n<p class=\"c2\"><img decoding=\"async\" src=\"\/uploads\/FCK_files\/Sans-titre-2(45).jpg\" alt=\"\" width=\"50%\" vspace=\"5\" hspace=\"5\" align=\"middle\"\/><\/p>\n<p>Cette conf\u00e9rence a \u00e9t\u00e9, \u00e9galement, l\u2019occasion pour annoncer la conclusion d\u2019une convention de partenariat entre \u00ab Les Dunes Electroniques \u00bb et la Fondation Arts &#038; Culture by UIB, pr\u00e9sid\u00e9e par Monsieur Kamel NEJI. M\u00e9c\u00e8ne principal des 3 \u00e9ditions \u00e0 venir, la Fondation Arts &#038; Culture by UIB LES DUNES ELECTRONIQUES accompagnera et fera b\u00e9n\u00e9ficier les \u00ab Dunes Electroniques \u00bb d\u2019un apport in\u00e9dit avec notamment la mise \u00e0 disposition d\u2019un Espace Libre-Service bancaire in-situ dot\u00e9 de 2 GABs aux fonctionnalit\u00e9s multiples (Change, Retrait esp\u00e8ces, \u2026), la commercialisation d\u2019une carte bancaire estamp\u00e9e \u00ab Dunes Electroniques \u00bb et d\u2019un Pack jeunes \u00ab Edition Dunes Electroniques \u00bb donnant droit \u00e0 un compte de d\u00e9p\u00f4t \u00e0 vue, \u00e0 une carte bancaire collector \u00ab Dunes \u00e9lectroniques \u00bb, \u00e0 un acc\u00e8s digital omicanal web et mobile, \u00e0 une carte d\u2019abonnement Club privil\u00e8ges avec des r\u00e9ductions dans plus de 200 enseignes,&#8230;<\/p>\n<p>La conf\u00e9rence de presse a \u00e9t\u00e9 l\u2019occasion pour remettre la premi\u00e8re carte de cette \u00e9dition Collector \u00ab Dunes Electroniques \u00bb \u00e0 Patrick Ali El Ouerghi. Une carte bancaire avec le visuel embl\u00e9matique des \u00ab Dunes \u00e9lectroniques \u00bb cr\u00e9\u00e9 et d\u00e9velopp\u00e9 par l\u2019illustre designer fran\u00e7aise Matali Crasset. Celle-ci a, en outre, r\u00e9alis\u00e9 toute la sc\u00e9nographie de l\u2019\u00e9v\u00e9nement et am\u00e9nag\u00e9 le Site de Star Wars \u00e0 Ong Jmel, avec la participation d\u2019associations locales, d\u2019\u00e9tudiants et de jeunes de la r\u00e9gion conf\u00e9rant ainsi \u00e0 ce rendez-vous une dimension sociale et culturelle inestimable.<\/p>\n<p class=\"c2\"><img decoding=\"async\" src=\"\/uploads\/FCK_files\/Sans-titre-001(1).jpg\" alt=\"\" width=\"100%\" vspace=\"5\" hspace=\"5\" align=\"middle\"\/><\/p>\n<p>Au cours de cette conf\u00e9rence, les repr\u00e9sentants de la Fondation Arts &#038; Culture by UIB ont soulign\u00e9 que la convention de m\u00e9c\u00e9nat conclue avec Les \u00ab Dunes Electroniques \u00bb vise \u00e0 faire d\u00e9couvrir \u00e0 un large public diff\u00e9rents artistes via l\u2019originalit\u00e9 du concept et la richesse de la programmation. Elle s\u2019inscrit, \u00e9galement, dans le cadre de la promotion continue d\u2019un projet culturel in\u00e9dit visant \u00e0 donner \u00e0 la musique \u00e9lectronique et \u00e0 la r\u00e9gion de Nefta une plus grande place dans la vie de la cit\u00e9. Ils ont, en outre, ajout\u00e9 \u00ab Proche du cercle des artistes et des milieux de l\u2019art et de la culture, la Fondation Arts &#038; Culture by UIB a pour ambition de faciliter l\u2019acc\u00e8s du grand public aux arts et \u00e0 la culture, de parrainer et de faciliter l\u2019\u00e9mergence de nouveaux talents \u00e0 m\u00eame d\u2019accro\u00eetre l\u2019attractivit\u00e9 de la Tunisie culturelle et artistique \u00bb.<\/p>\n<p>Auteur:<br \/>\n<a href=\"https:\/\/www.leaders.com.tn\/article\/28261-fondation-arts-culture-by-uib-mecene-principal-des-dunes-electroniques\">Cliquez ici pour lire l&rsquo;article depuis sa source.<\/a><\/p>\n","protected":false},"excerpt":{"rendered":"<p>Les organisateurs des \u00ab Dunes Electroniques \u00bb ont tenu une conf\u00e9rence de presse le jeudi 24 Octobre 2019 \u00e0 Tunis. Anim\u00e9e par Patrick Ali El Ouerghi, la conf\u00e9rence de presse a \u00e9t\u00e9 marqu\u00e9e par la pr\u00e9sence de nombreux journalistes et influenceurs et rehauss\u00e9e par la pr\u00e9sence du Ministre du Tourisme et des partenaires de l\u2019\u00e9v\u00e8nement [&hellip;]<\/p>\n","protected":false},"author":1772,"featured_media":65451,"comment_status":"closed","ping_status":"closed","sticky":false,"template":"","format":"standard","meta":{"fifu_image_url":"","fifu_image_alt":"","footnotes":""},"categories":[73,55],"tags":[],"class_list":["post-65445","post","type-post","status-publish","format-standard","has-post-thumbnail","hentry","category-actualite","category-tunisie"],"_links":{"self":[{"href":"https:\/\/linitiative.ca\/International\/wp-json\/wp\/v2\/posts\/65445","targetHints":{"allow":["GET"]}}],"collection":[{"href":"https:\/\/linitiative.ca\/International\/wp-json\/wp\/v2\/posts"}],"about":[{"href":"https:\/\/linitiative.ca\/International\/wp-json\/wp\/v2\/types\/post"}],"author":[{"embeddable":true,"href":"https:\/\/linitiative.ca\/International\/wp-json\/wp\/v2\/users\/1772"}],"replies":[{"embeddable":true,"href":"https:\/\/linitiative.ca\/International\/wp-json\/wp\/v2\/comments?post=65445"}],"version-history":[{"count":0,"href":"https:\/\/linitiative.ca\/International\/wp-json\/wp\/v2\/posts\/65445\/revisions"}],"wp:featuredmedia":[{"embeddable":true,"href":"https:\/\/linitiative.ca\/International\/wp-json\/"}],"wp:attachment":[{"href":"https:\/\/linitiative.ca\/International\/wp-json\/wp\/v2\/media?parent=65445"}],"wp:term":[{"taxonomy":"category","embeddable":true,"href":"https:\/\/linitiative.ca\/International\/wp-json\/wp\/v2\/categories?post=65445"},{"taxonomy":"post_tag","embeddable":true,"href":"https:\/\/linitiative.ca\/International\/wp-json\/wp\/v2\/tags?post=65445"}],"curies":[{"name":"wp","href":"https:\/\/api.w.org\/{rel}","templated":true}]}}