{"id":65464,"date":"2019-10-24T15:47:38","date_gmt":"2019-10-24T19:47:38","guid":{"rendered":"https:\/\/linitiative.ca\/International\/limage-du-jour-le-peuple-veut\/"},"modified":"2019-10-24T15:47:38","modified_gmt":"2019-10-24T19:47:38","slug":"limage-du-jour-le-peuple-veut","status":"publish","type":"post","link":"https:\/\/linitiative.ca\/International\/limage-du-jour-le-peuple-veut\/","title":{"rendered":"L\u2019image du jour : \u201cLe peuple veut\u201d!"},"content":{"rendered":"<div class=\"post-cont-in left relative\">\n<div class=\"swp_social_panel swp_horizontal_panel swp_flat_fresh swp_default_full_color swp_individual_full_color swp_other_full_color scale-100 scale-\" data-min-width=\"1100\" data-float-color=\"#ffffff\" data-float=\"none\" data-float-mobile=\"none\" data-transition=\"slide\">\n<div class=\"nc_tweetContainer swp_share_button total_shares total_sharesalt\"><span class=\"swp_count\">9 <span class=\"swp_label\">Partages<\/span><\/span><\/div>\n<\/div>\n<p>Le genre de revendications d\u2019un peuple auquel le pr\u00e9sident de la R\u00e9publique a donn\u00e9 la libert\u00e9 de lancer des initiatives qui pourraient \u00eatre prises en consid\u00e9ration au niveau central.<\/p>\n<p>Quand un de ceux qui, au\u00a0nom du fait d\u2019avoir vot\u00e9 Ka\u00efs Sa\u00efed, se permet de lui sugg\u00e9rer d\u2019amnistier les terroristes cach\u00e9s dans les montagnes et de les int\u00e9grer dans les administrations tunisiennes!<\/p>\n<div class=\"code-block code-block-1 c3\"><ins class=\"adsbygoogle c2\" data-ad-layout=\"in-article\" data-ad-format=\"fluid\" data-ad-client=\"ca-pub-2102118777505746\" data-ad-slot=\"7301775417\"\/> <\/div>\n<p><img loading=\"lazy\" decoding=\"async\" class=\"aligncenter wp-image-470371\" src=\"https:\/\/www.tunisienumerique.com\/wp-content\/uploads\/2019\/10\/image-5.jpg\" alt=\"\" width=\"606\" height=\"576\" srcset=\"https:\/\/www.tunisienumerique.com\/wp-content\/uploads\/2019\/10\/image-5.jpg 720w, https:\/\/www.tunisienumerique.com\/wp-content\/uploads\/2019\/10\/image-5-600x570.jpg 600w\" sizes=\"auto, (max-width: 606px) 100vw, 606px\"\/><\/p>\n<p><strong>Que se passe-t-il en Tunisie?<\/strong><br \/>Nous expliquons sur notre <a href=\"https:\/\/www.youtube.com\/channel\/UCRzypVq0B_yBad5eGrwBx0Q?sub_confirmation=1\" target=\"_blank\" rel=\"noopener noreferrer\">cha\u00eene YouTube<\/a> . <a href=\"https:\/\/www.youtube.com\/channel\/UCRzypVq0B_yBad5eGrwBx0Q?sub_confirmation=1\" target=\"_blank\" rel=\"noopener noreferrer\">Abonnez-vous!<\/a><\/p>\n<div class=\"mvp-org-wrap mvp-org-logo\" itemprop=\"publisher\" itemscope=\"\" itemtype=\"https:\/\/schema.org\/Organization\"><img decoding=\"async\" src=\"https:\/\/www.tunisienumerique.com\/wp-content\/uploads\/2017\/02\/logo_tunisie_numerique.png\"\/><\/div>\n<div class=\"swp_social_panel swp_horizontal_panel swp_flat_fresh swp_default_full_color swp_individual_full_color swp_other_full_color scale-100 scale-\" data-min-width=\"1100\" data-float-color=\"#ffffff\" data-float=\"none\" data-float-mobile=\"none\" data-transition=\"slide\">\n<div class=\"nc_tweetContainer swp_share_button total_shares total_sharesalt\"><span class=\"swp_count\">9 <span class=\"swp_label\">Partages<\/span><\/span><\/div>\n<\/div>\n<div class=\"mvp-related-posts left relative\">\n<h4 class=\"post-header\"><span class=\"post-header\">Lire aussi<\/span><\/h4>\n<\/div>\n<\/div>\n<p>Auteur: LM<br \/>\n<a href=\"https:\/\/www.tunisienumerique.com\/limage-du-jour-le-peuple-veut\/\">Cliquez ici pour lire l&rsquo;article depuis sa source.<\/a><\/p>\n","protected":false},"excerpt":{"rendered":"<p>9 Partages Le genre de revendications d\u2019un peuple auquel le pr\u00e9sident de la R\u00e9publique a donn\u00e9 la libert\u00e9 de lancer des initiatives qui pourraient \u00eatre prises en consid\u00e9ration au niveau central. Quand un de ceux qui, au\u00a0nom du fait d\u2019avoir vot\u00e9 Ka\u00efs Sa\u00efed, se permet de lui sugg\u00e9rer d\u2019amnistier les terroristes cach\u00e9s dans les montagnes [&hellip;]<\/p>\n","protected":false},"author":1789,"featured_media":65465,"comment_status":"closed","ping_status":"closed","sticky":false,"template":"","format":"standard","meta":{"fifu_image_url":"","fifu_image_alt":"","footnotes":""},"categories":[73,55],"tags":[],"class_list":["post-65464","post","type-post","status-publish","format-standard","has-post-thumbnail","hentry","category-actualite","category-tunisie"],"_links":{"self":[{"href":"https:\/\/linitiative.ca\/International\/wp-json\/wp\/v2\/posts\/65464","targetHints":{"allow":["GET"]}}],"collection":[{"href":"https:\/\/linitiative.ca\/International\/wp-json\/wp\/v2\/posts"}],"about":[{"href":"https:\/\/linitiative.ca\/International\/wp-json\/wp\/v2\/types\/post"}],"author":[{"embeddable":true,"href":"https:\/\/linitiative.ca\/International\/wp-json\/wp\/v2\/users\/1789"}],"replies":[{"embeddable":true,"href":"https:\/\/linitiative.ca\/International\/wp-json\/wp\/v2\/comments?post=65464"}],"version-history":[{"count":0,"href":"https:\/\/linitiative.ca\/International\/wp-json\/wp\/v2\/posts\/65464\/revisions"}],"wp:featuredmedia":[{"embeddable":true,"href":"https:\/\/linitiative.ca\/International\/wp-json\/"}],"wp:attachment":[{"href":"https:\/\/linitiative.ca\/International\/wp-json\/wp\/v2\/media?parent=65464"}],"wp:term":[{"taxonomy":"category","embeddable":true,"href":"https:\/\/linitiative.ca\/International\/wp-json\/wp\/v2\/categories?post=65464"},{"taxonomy":"post_tag","embeddable":true,"href":"https:\/\/linitiative.ca\/International\/wp-json\/wp\/v2\/tags?post=65464"}],"curies":[{"name":"wp","href":"https:\/\/api.w.org\/{rel}","templated":true}]}}