{"id":65468,"date":"2019-10-24T15:42:19","date_gmt":"2019-10-24T19:42:19","guid":{"rendered":"https:\/\/linitiative.ca\/International\/meeting-de-soutien-aux-fds-nous-voulons-un-peuple-uni-autour-de-son-armee-dixit-emmanuel-kabore\/"},"modified":"2019-10-24T15:42:19","modified_gmt":"2019-10-24T19:42:19","slug":"meeting-de-soutien-aux-fds-nous-voulons-un-peuple-uni-autour-de-son-armee-dixit-emmanuel-kabore","status":"publish","type":"post","link":"https:\/\/linitiative.ca\/International\/meeting-de-soutien-aux-fds-nous-voulons-un-peuple-uni-autour-de-son-armee-dixit-emmanuel-kabore\/","title":{"rendered":"Meeting de soutien aux FDS  : \u00abNous voulons un peuple uni autour de son arm\u00e9e\u00bb, dixit Emmanuel Kabor\u00e9"},"content":{"rendered":"<div class=\"td-post-featured-image\"><a href=\"https:\/\/i0.wp.com\/www.sidwaya.info\/wp-content\/uploads\/2019\/10\/1-65.jpg?fit=738%2C553&#038;ssl=1\" data-caption=\"\"><img loading=\"lazy\" decoding=\"async\" width=\"696\" height=\"522\" class=\"entry-thumb td-modal-image\" src=\"https:\/\/i0.wp.com\/www.sidwaya.info\/wp-content\/uploads\/2019\/10\/1-65.jpg?resize=696%2C522&#038;ssl=1\" srcset=\"https:\/\/i0.wp.com\/www.sidwaya.info\/wp-content\/uploads\/2019\/10\/1-65.jpg?w=738&#038;ssl=1 738w, https:\/\/i0.wp.com\/www.sidwaya.info\/wp-content\/uploads\/2019\/10\/1-65.jpg?resize=300%2C225&#038;ssl=1 300w, https:\/\/i0.wp.com\/www.sidwaya.info\/wp-content\/uploads\/2019\/10\/1-65.jpg?resize=80%2C60&#038;ssl=1 80w, https:\/\/i0.wp.com\/www.sidwaya.info\/wp-content\/uploads\/2019\/10\/1-65.jpg?resize=265%2C198&#038;ssl=1 265w, https:\/\/i0.wp.com\/www.sidwaya.info\/wp-content\/uploads\/2019\/10\/1-65.jpg?resize=696%2C522&#038;ssl=1 696w, https:\/\/i0.wp.com\/www.sidwaya.info\/wp-content\/uploads\/2019\/10\/1-65.jpg?resize=561%2C420&#038;ssl=1 561w\" sizes=\"auto, (max-width: 696px) 100vw, 696px\" alt=\"\" title=\"1\"\/><\/a><\/div>\n<div class=\"td-a-rec td-a-rec-id-content_top td_uid_30_5db21ab477fb2_rand td_block_template_1\"><img loading=\"lazy\" decoding=\"async\" class=\"aligncenter size-full wp-image-15084\" src=\"https:\/\/www.sidwaya.info\/wp-content\/uploads\/2019\/10\/Bannie%CC%80re.png\" alt=\"\" width=\"720\" height=\"90\"\/><\/div>\n<p><strong>Demain samedi 26 octobre 2019, se tient au stade municipal de Ouagadougou, un grand meeting d\u00e9di\u00e9 aux Forces de d\u00e9fense et de s\u00e9curit\u00e9 (FDS). Dans cet entretien, le pr\u00e9sident du comit\u00e9 d\u2019organisation, Emmanuel Kabor\u00e9, explique les motivations et les enjeux de ce rassemblement.<\/strong><\/p>\n<p><strong>Sidwaya\u00a0(S.)\u00a0: Que faut-il entendre par meeting de soutien aux FDS\u00a0?<\/strong><br \/>Emmanuel Kabor\u00e9 (E.K.)\u00a0: Il s\u2019agit d\u2019un grand rassemblement pour manifester notre reconnaissance aux Forces de d\u00e9fense et de s\u00e9curit\u00e9 (FDS), ainsi qu\u2019au chef supr\u00eame des arm\u00e9es, le pr\u00e9sident Roch Marc Christian Kabor\u00e9, pour leur abn\u00e9gation dans la lutte anti-terroriste. Nous voulons rendre hommage, reconna\u00eetre le sacrifice consenti par les hommes en armes, afin d\u2019inviter les Burkinab\u00e8 \u00e0 s\u2019unir autour de nos FDS pour des victoires \u00e9clatantes. C\u2019est aussi le lieu, d\u2019avoir une pens\u00e9e pieuse \u00e0 l\u2019endroit de tous ces guerriers tomb\u00e9s sur le champ de bataille d\u2019une part, et d\u2019autre part, s\u2019accorder pour venir en aide aux familles des victimes du terrorisme.<\/p>\n<p><strong>S.\u00a0: Qui sont les initiateurs\u00a0?<\/strong><br \/>E.K.\u00a0: L\u2019id\u00e9e est venue de plusieurs associations et regroupements de jeunes, de femmes, de vieux, de religieux, etc. Lass\u00e9s par les attaques \u00e0 r\u00e9p\u00e9tition, ils ont d\u00e9cid\u00e9 de galvaniser les troupes. Mais pour que notre action ait un \u00e9cho national, nous avons approch\u00e9 le Larl\u00e9 Naaba en tant que leader coutumier, ministre de Sa Majest\u00e9 le Moogho Naaba pour lui demander de parrainer l\u2019initiative. Apr\u00e8s un temps de r\u00e9ticence, il a finalement accept\u00e9 volontiers, car il s\u2019agit d\u2019une cause noble. Aujourd\u2019hui, ces associations sont fi\u00e8res de voir leur r\u00eave se r\u00e9aliser. La manifestation sera nationale et des d\u00e9l\u00e9gations viendront de toutes les r\u00e9gions du pays. Plus de 25 000 participants de toutes les couches sociales, de toutes les communaut\u00e9s sans aucune distinction sont attendus pour raffermir ensemble notre volont\u00e9 commune d\u2019honorer nos soldats.<\/p>\n<p><strong>S.\u00a0: Qui sont les potentiels participants \u00e0 ce forum\u00a0?<\/strong><br \/>E.K.\u00a0: Toutes les composantes de la soci\u00e9t\u00e9 burkinab\u00e8 sans exclusion. Au stade, vous constaterez de visu cette mosa\u00efque. C\u2019est le Burkina Faso dans toute sa dimension qui soit.<\/p>\n<p><strong>S.\u00a0: Quel est votre objectif \u00e0 court terme\u00a0?<\/strong><br \/>E.K\u00a0.\u00a0: Au sortir, nous allons r\u00e9ussir \u00e0 taire les divergences qui gangr\u00e8nent la coh\u00e9sion, mutualiser nos efforts pour participer \u00e0 l\u2019effort de guerre. Nous devons trouver des solutions endog\u00e8nes pour faire face au terrorisme. Pour ce faire, il faut s\u2019unir pour vaincre. C\u2019est ce d\u00e9clic, que nous allons donner, pour une marche vers des lendemains meilleurs.<\/p>\n<p><strong>S.\u00a0: Quelle est votre solution pour lutter efficacement contre le terrorisme au Burkina Faso\u00a0?<\/strong><br \/>E\u00a0.K.\u00a0: Il n\u2019y a pas de solution miracle. Pour nous, seule l\u2019unit\u00e9 d\u2019action dans la lutte peut permettre au pays de triompher. Raison pour laquelle, nous appelons \u00e0 la solidarit\u00e9 envers nos FDS qui d\u00e9fendent au p\u00e9ril de leur vie, les couleurs nationales.<\/p>\n<p><strong>S.\u00a0: Que r\u00e9pondez-vous \u00e0 ceux qui voient une main politique derri\u00e8re ce rassemblement\u00a0?<\/strong><br \/>E.K.\u00a0: Ces personnes doivent se d\u00e9tromper. La composition des acteurs impliqu\u00e9s dans cette initiative se d\u00e9marque de toute mobilisation politique. Nous avons les leaders religieux de tout bord (catholiques, protestants, musulmans), des chefs coutumiers et traditionnels, des responsables d\u2019associations, d\u2019ONG, des syndicats, des repr\u00e9sentants de partis et formations politiques de l\u2019opposition comme de la majorit\u00e9. Toutes ces personnes sont guid\u00e9es par le principe du mieux-\u00eatre social, de la coh\u00e9sion pacifique, de l\u2019unit\u00e9 nationale (\u2026) et ils ont adh\u00e9r\u00e9 \u00e0 l\u2019initiative pour sensibiliser d\u2019une m\u00eame voix. Dans le comit\u00e9 d\u2019organisation, aucun membre n\u2019est issu de bureau politique d\u2019un parti. Donc, soyez- en s\u00fbr, qu\u2019il s\u2019agit d\u2019une manifestation libre, citoyenne et apolitique.<\/p>\n<p><strong>S.\u00a0: De fa\u00e7on pratique, comment va se d\u00e9rouler le meeting\u00a0?<\/strong><br \/>E.K.\u00a0: Nous aurons une s\u00e9rie d\u2019allocutions. Des discours qui font la promotion de la paix, de la concorde et de l\u2019unit\u00e9. Il y aura des pri\u00e8res de b\u00e9n\u00e9diction \u00e0 la nation enti\u00e8re. Des prestations d\u2019artistes qui sensibilisent \u00e0 la non-violence et qui pr\u00f4nent la fraternit\u00e9.<br \/>Nous allons parler de paix, de coh\u00e9sion, de solidarit\u00e9 et de soutien aux \u00e9l\u00e9ments des FDS qui veillent jours et nuits pour garantir la protection des personnes et de leurs biens. A l\u2019issue, nous allons faire une remise symbolique de don compos\u00e9 de trois pick-up de type militaire, une soixantaine de motos, 200 tonnes de vivres et 5 000 tenues \u00e0 nos FDS, ainsi qu\u2019aux familles des victimes du terrorisme. Mais la qu\u00eate va se poursuivre apr\u00e8s le meeting, afin d\u2019inscrire dans la dur\u00e9e notre reconnaissance aux troupes et au commandement des arm\u00e9es.<\/p>\n<p><strong>S.\u00a0: Qui parle de terrorisme s\u2019expose, dit-on. Alors, avez-vous un plan de s\u00e9curisation du site\u00a0?<\/strong><br \/>E\u00a0.K.\u00a0: Oui, nous avons un plan qui est sous la coupe du minist\u00e8re de la S\u00e9curit\u00e9 mais que nous nous gardons de d\u00e9voiler. Retenez juste que l\u2019acc\u00e8s \u00e0 la cuvette du stade est conditionn\u00e9 par la pr\u00e9sentation d\u2019un badge, seuls les v\u00e9hicules ayant un \u00ab\u00a0laisser passer\u00a0\u00bb peuvent approcher de plus pr\u00e8s. Un p\u00e9rim\u00e8tre de s\u00e9curit\u00e9 sera \u00e9tabli \u00e0 plusieurs m\u00e8tres du stade. Il y aura des fouilles par palpation sommaire, des d\u00e9tecteurs de m\u00e9taux, une surveillance terrestre (patrouilles) et a\u00e9rienne, etc. En un mot, un dispositif op\u00e9rationnel sera mis en place pour assurer la qui\u00e9tude des participants au meeting.<\/p>\n<p><strong>S.\u00a0: Quel appel avez-vous \u00e0 lancer \u00e0 la population\u00a0?<\/strong><br \/>E.K.\u00a0: L\u2019heure est suffisamment grave. Le pays est en guerre, et nous nous devons de nous donner la main afin de venir \u00e0 bout des ennemis de la nation. Sans consid\u00e9ration aucune, d\u2019ethnie, de religion, de banni\u00e8re politique, de classe sociale, il est imp\u00e9ratif de faire un sursaut patriotique pour sauver la terre libre du Burkina Faso.<\/p>\n<p class=\"c1\"><strong>Wanl\u00e9 G\u00e9rard COULIBALY<\/strong><\/p>\n<div class=\"td-a-rec td-a-rec-id-content_bottom td_uid_31_5db21ab47816a_rand td_block_template_1\"><img loading=\"lazy\" decoding=\"async\" class=\"aligncenter size-full wp-image-9623\" src=\"https:\/\/www.sidwaya.info\/wp-content\/uploads\/2019\/06\/Projet-bannie%CC%80re-Orange-mobile.jpg\" alt=\"\" width=\"728\" height=\"81\"\/><\/div>\n<p>Auteur: DD. Sidwaya<br \/>\n<a href=\"https:\/\/www.sidwaya.info\/blog\/2019\/10\/24\/meeting-de-soutien-aux-fds-nous-voulons-un-peuple-uni-autour-de-son-armee-dixit-emmanuel-kabore\/\">Cliquez ici pour lire l&rsquo;article depuis sa source.<\/a><\/p>\n","protected":false},"excerpt":{"rendered":"<p>Demain samedi 26 octobre 2019, se tient au stade municipal de Ouagadougou, un grand meeting d\u00e9di\u00e9 aux Forces de d\u00e9fense et de s\u00e9curit\u00e9 (FDS). Dans cet entretien, le pr\u00e9sident du comit\u00e9 d\u2019organisation, Emmanuel Kabor\u00e9, explique les motivations et les enjeux de ce rassemblement. Sidwaya\u00a0(S.)\u00a0: Que faut-il entendre par meeting de soutien aux FDS\u00a0?Emmanuel Kabor\u00e9 (E.K.)\u00a0: [&hellip;]<\/p>\n","protected":false},"author":1816,"featured_media":0,"comment_status":"closed","ping_status":"closed","sticky":false,"template":"","format":"standard","meta":{"fifu_image_url":"","fifu_image_alt":"","footnotes":""},"categories":[73,81],"tags":[],"class_list":["post-65468","post","type-post","status-publish","format-standard","hentry","category-actualite","category-burkina-faso"],"_links":{"self":[{"href":"https:\/\/linitiative.ca\/International\/wp-json\/wp\/v2\/posts\/65468","targetHints":{"allow":["GET"]}}],"collection":[{"href":"https:\/\/linitiative.ca\/International\/wp-json\/wp\/v2\/posts"}],"about":[{"href":"https:\/\/linitiative.ca\/International\/wp-json\/wp\/v2\/types\/post"}],"author":[{"embeddable":true,"href":"https:\/\/linitiative.ca\/International\/wp-json\/wp\/v2\/users\/1816"}],"replies":[{"embeddable":true,"href":"https:\/\/linitiative.ca\/International\/wp-json\/wp\/v2\/comments?post=65468"}],"version-history":[{"count":0,"href":"https:\/\/linitiative.ca\/International\/wp-json\/wp\/v2\/posts\/65468\/revisions"}],"wp:attachment":[{"href":"https:\/\/linitiative.ca\/International\/wp-json\/wp\/v2\/media?parent=65468"}],"wp:term":[{"taxonomy":"category","embeddable":true,"href":"https:\/\/linitiative.ca\/International\/wp-json\/wp\/v2\/categories?post=65468"},{"taxonomy":"post_tag","embeddable":true,"href":"https:\/\/linitiative.ca\/International\/wp-json\/wp\/v2\/tags?post=65468"}],"curies":[{"name":"wp","href":"https:\/\/api.w.org\/{rel}","templated":true}]}}