{"id":65469,"date":"2019-10-24T15:50:26","date_gmt":"2019-10-24T19:50:26","guid":{"rendered":"https:\/\/linitiative.ca\/International\/faso-foot-9e-journee-je-vais-chercher-le-haut-du-tableau-drissa-malo-coach-du-rck\/"},"modified":"2019-10-24T15:50:26","modified_gmt":"2019-10-24T19:50:26","slug":"faso-foot-9e-journee-je-vais-chercher-le-haut-du-tableau-drissa-malo-coach-du-rck","status":"publish","type":"post","link":"https:\/\/linitiative.ca\/International\/faso-foot-9e-journee-je-vais-chercher-le-haut-du-tableau-drissa-malo-coach-du-rck\/","title":{"rendered":"Faso Foot 9e journ\u00e9e  : \u00abJe vais chercher le haut du tableau\u00bb, Drissa Malo, coach du RCK"},"content":{"rendered":"<div class=\"td-post-featured-image\"><a href=\"https:\/\/i2.wp.com\/www.sidwaya.info\/wp-content\/uploads\/2019\/10\/1-66.jpg?fit=709%2C399&#038;ssl=1\" data-caption=\"\"><img loading=\"lazy\" decoding=\"async\" width=\"696\" height=\"392\" class=\"entry-thumb td-modal-image\" src=\"https:\/\/i2.wp.com\/www.sidwaya.info\/wp-content\/uploads\/2019\/10\/1-66.jpg?resize=696%2C392&#038;ssl=1\" srcset=\"https:\/\/i2.wp.com\/www.sidwaya.info\/wp-content\/uploads\/2019\/10\/1-66.jpg?w=709&#038;ssl=1 709w, https:\/\/i2.wp.com\/www.sidwaya.info\/wp-content\/uploads\/2019\/10\/1-66.jpg?resize=300%2C169&#038;ssl=1 300w, https:\/\/i2.wp.com\/www.sidwaya.info\/wp-content\/uploads\/2019\/10\/1-66.jpg?resize=696%2C392&#038;ssl=1 696w\" sizes=\"auto, (max-width: 696px) 100vw, 696px\" alt=\"\" title=\"1\"\/><\/a><\/div>\n<div class=\"td-a-rec td-a-rec-id-content_top td_uid_30_5db21ab7b3ea3_rand td_block_template_1\"><img loading=\"lazy\" decoding=\"async\" class=\"aligncenter size-full wp-image-15084\" src=\"https:\/\/www.sidwaya.info\/wp-content\/uploads\/2019\/10\/Bannie%CC%80re.png\" alt=\"\" width=\"720\" height=\"90\"\/><\/div>\n<p><strong>Pour le compte de la 9e journ\u00e9e du Faso foot, le stade r\u00e9gional de Ziniar\u00e9 abritera trois rencontres parmi lesquelles les duels AS Police-RCK et AS SONABEL-AS Douanes dont les encadreurs et repr\u00e9sentants de joueurs ont anim\u00e9 la conf\u00e9rence de presse d\u2019avant-match, le jeudi 24 octobre 2019 \u00e0 Ouagadougou.<\/strong><\/p>\n<p>L\u2019AS Police esp\u00e8re remettre le couvert ce vendredi contre le RCK apr\u00e8s sa premi\u00e8re victoire de la saison le week- end dernier (5-1) face \u00e0 Royal FC. Au quartier g\u00e9n\u00e9ral des \u00abpoliciers\u00bb, le match est d\u2019un int\u00e9r\u00eat \u00abcapital \u00e0 aborder avec le plus de s\u00e9r\u00e9nit\u00e9 possible pour ne pas laisser l\u2019\u00e9cart se creuser\u00bb, a laiss\u00e9 entendre le coach adjoint, Souleymane Ou\u00e9draogo, en conf\u00e9rence de presse. Ceci, parce que l\u2019adversaire du jour est le concurrent imm\u00e9diat au bas du tableau. \u00abFace \u00e0 Royal pour une fois depuis le d\u00e9but de la saison, nous n\u2019avons pas encaiss\u00e9 tr\u00e8s t\u00f4t pour devoir courir apr\u00e8s le score, preuve que le travail devant les buts a \u00e9t\u00e9 aussi accentu\u00e9\u00bb, a expliqu\u00e9 Souleymane Ou\u00e9draogo esp\u00e9rant que le d\u00e9clic tant attendu est d\u00e9sormais effectif. Le nouveau coach des Faucons, Drissa Malo dit \u00abSaboteur\u00bb lui, pr\u00e9f\u00e8re en d\u00e9coudre sur le rectangle vert. Se refusant \u00e0 tout commentaire sur les raisons de la situation actuelle du RCK (15e \/16 au classement), il dit \u00eatre convaincu que toutes les \u00e9quipes du Faso foot s\u2019\u00e9quivalent. A propos du premier match perdu sur le banc du RCK 0-3, Drissa Malo a expliqu\u00e9 qu\u2019il n\u2019a pas voulu bouleverser le groupe, et que la rencontre lui a permis d\u2019avoir une id\u00e9e sur chaque joueur. \u00abLes dirigeants ont demand\u00e9 le maintien comme objectif mais en tant qu\u2019entra\u00eeneur exp\u00e9riment\u00e9, je vais chercher le haut du tableau\u00bb, a-t-il rassur\u00e9.<\/p>\n<p>La bataille en haut du tableau va mettre aux prises, \u00e0 cette 9e journ\u00e9e, l\u2019AS SONABEL, leader et l\u2019AS Douanes, 5e , \u00e0 quatre points du premier avec un match en retard. Mousso Ou\u00e9draogo et ses hommes entendent l\u2019aborder dans le m\u00eame \u00e9tat d\u2019esprit que le pr\u00e9c\u00e9dent, dans l\u2019humilit\u00e9, sans consigne particuli\u00e8re. M\u00eame s\u2019il a reconnu que\u00a0 \u00abl\u2019AS Douanes est joueuse avec des qualit\u00e9s individuelles remarquables. Le discours cette ann\u00e9e c\u2019est d\u2019\u00e9viter 0 point \u00e0 chaque match\u00bb. Pour l\u2019AS Douanes qui a r\u00e9cup\u00e9r\u00e9 ses internationaux, il est temps de refaire leur retard au classement pour garder en ligne de mire l\u2019objectif de la saison qui est le titre selon son ma\u00eetre \u00e0 penser, Yaya Kon\u00e9. \u00abIl est capital pour nous de sortir de ce duel avec les trois points\u00bb, a pr\u00e9venu le coach.<\/p>\n<p class=\"c1\"><strong>Voro KORAHIRE<\/strong><\/p>\n<div class=\"td-a-rec td-a-rec-id-content_bottom td_uid_31_5db21ab7b4161_rand td_block_template_1\"><img loading=\"lazy\" decoding=\"async\" class=\"aligncenter size-full wp-image-9623\" src=\"https:\/\/www.sidwaya.info\/wp-content\/uploads\/2019\/06\/Projet-bannie%CC%80re-Orange-mobile.jpg\" alt=\"\" width=\"728\" height=\"81\"\/><\/div>\n<p>Auteur: DD. Sidwaya<br \/>\n<a href=\"https:\/\/www.sidwaya.info\/blog\/2019\/10\/24\/faso-foot-9e-journee-je-vais-chercher-le-haut-du-tableau-drissa-malo-coach-du-rck\/\">Cliquez ici pour lire l&rsquo;article depuis sa source.<\/a><\/p>\n","protected":false},"excerpt":{"rendered":"<p>Pour le compte de la 9e journ\u00e9e du Faso foot, le stade r\u00e9gional de Ziniar\u00e9 abritera trois rencontres parmi lesquelles les duels AS Police-RCK et AS SONABEL-AS Douanes dont les encadreurs et repr\u00e9sentants de joueurs ont anim\u00e9 la conf\u00e9rence de presse d\u2019avant-match, le jeudi 24 octobre 2019 \u00e0 Ouagadougou. L\u2019AS Police esp\u00e8re remettre le couvert [&hellip;]<\/p>\n","protected":false},"author":1816,"featured_media":0,"comment_status":"closed","ping_status":"closed","sticky":false,"template":"","format":"standard","meta":{"fifu_image_url":"","fifu_image_alt":"","footnotes":""},"categories":[73,81],"tags":[],"class_list":["post-65469","post","type-post","status-publish","format-standard","hentry","category-actualite","category-burkina-faso"],"_links":{"self":[{"href":"https:\/\/linitiative.ca\/International\/wp-json\/wp\/v2\/posts\/65469","targetHints":{"allow":["GET"]}}],"collection":[{"href":"https:\/\/linitiative.ca\/International\/wp-json\/wp\/v2\/posts"}],"about":[{"href":"https:\/\/linitiative.ca\/International\/wp-json\/wp\/v2\/types\/post"}],"author":[{"embeddable":true,"href":"https:\/\/linitiative.ca\/International\/wp-json\/wp\/v2\/users\/1816"}],"replies":[{"embeddable":true,"href":"https:\/\/linitiative.ca\/International\/wp-json\/wp\/v2\/comments?post=65469"}],"version-history":[{"count":0,"href":"https:\/\/linitiative.ca\/International\/wp-json\/wp\/v2\/posts\/65469\/revisions"}],"wp:attachment":[{"href":"https:\/\/linitiative.ca\/International\/wp-json\/wp\/v2\/media?parent=65469"}],"wp:term":[{"taxonomy":"category","embeddable":true,"href":"https:\/\/linitiative.ca\/International\/wp-json\/wp\/v2\/categories?post=65469"},{"taxonomy":"post_tag","embeddable":true,"href":"https:\/\/linitiative.ca\/International\/wp-json\/wp\/v2\/tags?post=65469"}],"curies":[{"name":"wp","href":"https:\/\/api.w.org\/{rel}","templated":true}]}}