{"id":65470,"date":"2019-10-24T15:57:06","date_gmt":"2019-10-24T19:57:06","guid":{"rendered":"https:\/\/linitiative.ca\/International\/soutien-aux-deplaces-internes-chaque-citoyen-peut-venir-en-aide-a-son-prochain-gideon-vink\/"},"modified":"2019-10-24T15:57:06","modified_gmt":"2019-10-24T19:57:06","slug":"soutien-aux-deplaces-internes-chaque-citoyen-peut-venir-en-aide-a-son-prochain-gideon-vink","status":"publish","type":"post","link":"https:\/\/linitiative.ca\/International\/soutien-aux-deplaces-internes-chaque-citoyen-peut-venir-en-aide-a-son-prochain-gideon-vink\/","title":{"rendered":"Soutien aux d\u00e9plac\u00e9s internes  : \u00abChaque citoyen peut venir en aide  \u00e0 son prochain\u00bb, Gideon Vink"},"content":{"rendered":"<div class=\"td-post-featured-image\"><a href=\"https:\/\/i1.wp.com\/www.sidwaya.info\/wp-content\/uploads\/2019\/10\/0.jpg?fit=709%2C473&#038;ssl=1\" data-caption=\"\"><img loading=\"lazy\" decoding=\"async\" width=\"696\" height=\"464\" class=\"entry-thumb td-modal-image\" src=\"https:\/\/i1.wp.com\/www.sidwaya.info\/wp-content\/uploads\/2019\/10\/0.jpg?resize=696%2C464&#038;ssl=1\" srcset=\"https:\/\/i1.wp.com\/www.sidwaya.info\/wp-content\/uploads\/2019\/10\/0.jpg?w=709&#038;ssl=1 709w, https:\/\/i1.wp.com\/www.sidwaya.info\/wp-content\/uploads\/2019\/10\/0.jpg?resize=300%2C200&#038;ssl=1 300w, https:\/\/i1.wp.com\/www.sidwaya.info\/wp-content\/uploads\/2019\/10\/0.jpg?resize=696%2C464&#038;ssl=1 696w, https:\/\/i1.wp.com\/www.sidwaya.info\/wp-content\/uploads\/2019\/10\/0.jpg?resize=630%2C420&#038;ssl=1 630w\" sizes=\"auto, (max-width: 696px) 100vw, 696px\" alt=\"\" title=\"0\"\/><\/a><\/div>\n<div class=\"td-a-rec td-a-rec-id-content_top td_uid_30_5db21abab8e71_rand td_block_template_1\"><img loading=\"lazy\" decoding=\"async\" class=\"aligncenter size-full wp-image-15084\" src=\"https:\/\/www.sidwaya.info\/wp-content\/uploads\/2019\/10\/Bannie%CC%80re.png\" alt=\"\" width=\"720\" height=\"90\"\/><\/div>\n<p><strong>Les attaques terroristes ont engendr\u00e9 de nombreux d\u00e9plac\u00e9s internes (486 360 \u00e0 la date du 12 octobre 2019). En plus de l\u2019Etat qui leur apporte soutien et r\u00e9confort, des structures de la soci\u00e9t\u00e9 civile ont d\u00e9cid\u00e9 de mettre la main \u00e0 la p\u00e2te. Parmi elles, l\u2019association Semfilms qui a lanc\u00e9, le 1er ao\u00fbt 2019, une action humanitaire d\u00e9nomm\u00e9e \u00abFaisons un geste\u00bb pour collecter des dons en faveur de ces personnes en difficult\u00e9. Dans cet entretien accord\u00e9 \u00e0 Sidwaya, le fondateur de Semfilms, Gideon Vink, revient sur la gen\u00e8se de cette campagne et fait le point de l\u2019op\u00e9ration.<\/strong><\/p>\n<p><img loading=\"lazy\" decoding=\"async\" class=\"wp-image-15602 size-medium\" src=\"https:\/\/i1.wp.com\/www.sidwaya.info\/wp-content\/uploads\/2019\/10\/1-67.jpg?resize=300%2C300&#038;ssl=1\" alt=\"\" width=\"300\" height=\"300\" srcset=\"https:\/\/i1.wp.com\/www.sidwaya.info\/wp-content\/uploads\/2019\/10\/1-67.jpg?resize=300%2C300&#038;ssl=1 300w, https:\/\/i1.wp.com\/www.sidwaya.info\/wp-content\/uploads\/2019\/10\/1-67.jpg?resize=150%2C150&#038;ssl=1 150w, https:\/\/i1.wp.com\/www.sidwaya.info\/wp-content\/uploads\/2019\/10\/1-67.jpg?resize=420%2C420&#038;ssl=1 420w, https:\/\/i1.wp.com\/www.sidwaya.info\/wp-content\/uploads\/2019\/10\/1-67.jpg?w=595&#038;ssl=1 595w\" sizes=\"auto, (max-width: 300px) 100vw, 300px\" data-recalc-dims=\"1\"\/>La campagne humanitaire citoyenne se poursuit jusqu\u2019au 31 octobre 2019.<\/p>\n<p><strong>Sidwaya (S.)\u00a0: Vous avez lanc\u00e9 une action humanitaire d\u00e9nomm\u00e9e \u00ab\u00a0faisons un geste\u00a0\u00bb, le jeudi 1er ao\u00fbt 2019, \u00e0 Ouagadougou. Dites- nous ce qui a motiv\u00e9 la mise en place d\u2019une telle op\u00e9ration\u00a0?<\/strong><br \/>Gideon Vink (G.V.)\u00a0: C\u2019est une id\u00e9e qui est venue tout naturellement. Pour la premi\u00e8re fois, au Burkina, nous avons vu en janvier 2019, des Burkinab\u00e8 fuir leurs propres villages. Ce sont des milliers de personnes qui sont parties de chez elles, non pas par plaisir mais pour \u00e9chapper aux attaques terroristes et aux tueries intercommunautaires. La premi\u00e8re vague de ces d\u00e9plac\u00e9s est venue de Yirgou, pour se r\u00e9fugier \u00e0 Barsalgho, Kaya, Boromo, Manga, Hound\u00e9, Arbinda et \u00e0 Ouagadougou.Des mouvements de populations qui ont \u00e9t\u00e9 diffus\u00e9s dans les m\u00e9dias et sur les r\u00e9seaux sociaux. Dans leurs contenus m\u00e9diatiques, il y avait des hommes, femmes et enfants qui vivaient dans la pr\u00e9carit\u00e9. Pour nous, ces images \u00e9taient aussi bien parlantes qu\u2019interpellatrices. Et nous nous sommes dit qu\u2019au lieu de se mettre \u00e0 critiquer les actions du gouvernement, il fallait agir et exprimer notre solidarit\u00e9 envers ces personnes.<br \/>C\u2019est vrai que nous ne sommes pas des humanitaires, mais nous pouvons avoir ce geste humanitaire en tant que citoyen. Je ne suis pas Burkinab\u00e8. Mais vivant sur le territoire depuis 18 ans, je me consid\u00e8re comme un citoyen \u00e0 part enti\u00e8re. Par cons\u00e9quent, je suis touch\u00e9 par tout ce qui passe dans ce pays. En r\u00e9f\u00e9rence \u00e0 l\u2019une des citations du c\u00e9l\u00e8bre journaliste Norbert Zongo, \u00able pire, ce n\u2019est pas la m\u00e9chancet\u00e9 des hommes mauvais mais le silence des hommes bien\u00bb. L\u2019id\u00e9e est venue comme cela. C\u2019est tout.<\/p>\n<p><strong>S.\u00a0: Quelles sont les structures partenaires de cette op\u00e9ration\u00a0de collecte de don?<\/strong><br \/>G.V.\u00a0: Je suis membre d\u2019une structure de d\u00e9fense des droits humains, Semfilms, qui a des partenaires dans d\u2019autres structures de d\u00e9fense des droits humains et de la soci\u00e9t\u00e9 civile. Entre partenaires, nous avons commenc\u00e9 \u00e0 nous mobiliser dans le cadre des activit\u00e9s du groupe plaidoyer \u00abs\u00e9curit\u00e9 humaine\u00bb avec la CODEL, le Centre national de presse Norbert-Zongo, le R\u00e9seau Afrique Jeunesse (RAJ), West Africa network for peacebuilding (WANEP Burkina), le R\u00e9seau d\u2019action pour la pr\u00e9vention et la protection des enfants en danger(RAPPED).Nous avons \u00e9t\u00e9 rejoints par l\u2019Association des bloggeurs du Burkina (ABB), l\u2019Union nationale de l\u2019audio-visuel libre du Faso (UNALFA), le Balai citoyen,\u00a0\u00abl\u2019op\u00e9ration du 28 juillet\u00bb de Alino Faso et de Ra\u00efssa Compaor\u00e9, le Cadre deux heures pour Kamita, le Conseil national des femmes, Soleil management et l\u2019Union africaine des ONG de d\u00e9veloppement et bien d\u2019autres structures. Nous avons \u00e9largi le comit\u00e9 \u00e0 toutes ces structures parce que c\u2019est une op\u00e9ration d\u2019envergure qui n\u00e9cessite une grande mobilisation des hommes et des femmes pour la collecte et le d\u00e9ploiement sur les sites d\u2019h\u00e9bergement.<\/p>\n<p><strong>S.\u00a0: Quel est le dispositif mis en place pour recevoir les contributions des citoyens\u00a0?<\/strong><br \/>G\u00a0.V.\u00a0: Les besoins des d\u00e9plac\u00e9s sont multiples. C\u2019est pourquoi, nous recevons les dons de toute nature\u00a0: v\u00eatements, vivres, couchettes, chaussures, savon, etc. Ces dons sont r\u00e9ceptionn\u00e9s au Centre de presse Norbert-Zongo \u00e0 Gounghin, \u00e0 la CODEL \u00e0 Cissin, au si\u00e8ge du Balai citoyen \u00e0 Wayalghin, \u00e0 SFB \u00e0 la Zone I et \u00e0 l\u2019ABB au 1200 logements et au si\u00e8ge des structures partenaires. Pour les num\u00e9raires, ils peuvent se faire par transferts aux num\u00e9ros Orange Money 07694141 et Mobicash 01565355. Ils peuvent se faire \u00e9galement \u00e0 travers des urnes disponibles sur les diff\u00e9rents sites.<\/p>\n<p><strong>S.\u00a0: A ce jour, quel bilan peut-on faire de \u00abfaisons un geste\u00bb\u00a0?<\/strong><br \/>G. V.\u00a0: L\u2019op\u00e9ration est toujours en cours et il est difficile de faire un bilan exhaustif. Mais d\u00e9j\u00e0, la grande r\u00e9ussite, ce sont les actions de communications qui ont permis de voir la r\u00e9alit\u00e9 du ph\u00e9nom\u00e8ne. Apr\u00e8s cet aspect communicationnel, il y a eu la phase de collecte des dons.Et actuellement, nous en recevons beaucoup. Tous les jours, il y a des gens qui passent avec un sac de c\u00e9r\u00e9ales, un carton de savon. C\u2019est petit mais beaucoup de petites choses combin\u00e9es font une grande chose. Le plus important c\u2019est que les gens fassent quelque chose. Il y a aussi des dons en esp\u00e8ces. Mais l\u2019important est que les gens fassent un geste. Le bilan est l\u00e0, il n\u2019est pas spectaculaire, mais consistant et c\u2019est cela qui est important. Nous avons l\u2019impression que c\u2019est maintenant que les gens commencent \u00e0 se manifester. On a re\u00e7u plusieurs millions de francs via Orange Money, Mobicash, internet. D\u2019autres ont donn\u00e9 en esp\u00e8ces. Je pense que c\u2019est dans les 4 \u00e0 5 millions. Nous avons re\u00e7u plusieurs dizaines de tonnes de vivres, des sachets d\u2019eau et des v\u00eatements. Comme je le dis, c\u2019est petit \u00e0 petit que \u00e7a devient consistant, comme le fait le colibri. Si chacun donne 100 francs, \u00e7a devient un milliard. Et c\u2019est \u00e7a qui est bien aussi. Des enfants sont venus avec leurs habits, des familles ont vid\u00e9 leurs armoires. C\u2019est \u00e7a qui est important pour nous aussi\u00a0: la mobilisation citoyenne. Pour l\u2019instant, nous n\u2019avons pas un bilan d\u00e9finitif car l\u2019op\u00e9ration est toujours en cours. M\u00eame si la r\u00e9action des Burkinab\u00e8 est positive et encourageante dans l\u2019ensemble, il faut savoir que les besoins sont \u00e9normes. Nous \u00e9tions sur place \u00e0 Ouahigouya la derni\u00e8re fois pour la remise des vivres. M\u00eame si nous donnons beaucoup, \u00e7a reste toujours tr\u00e8s peu par rapport aux besoins des gens.<\/p>\n<p><strong>S. : Comment se fait le d\u00e9ploiement sur le terrain\u00a0? Est\u2013ce que vous associez les autorit\u00e9s\u00a0?<\/strong><br \/>G. V.\u00a0: Nous saluons d\u2019abord le travail abattu par le gouvernement et les institutions comme le PAM pour la prise en charge des d\u00e9plac\u00e9s sur les sites officiels. Toutefois, il existe des sites non officiels, donc des personnes qui \u00e9chappent \u00e0 leurs actions. Aussi pour des rasions s\u00e9curitaires, il y a des structures qui ne veulent plus aller au Nord et dans certaines localit\u00e9s du Centre-Nord comme Barsalgho et Dablo. Donc nous nous sommes associ\u00e9s \u00e0 des structures qui connaissent bien le terrain afin d\u2019\u00e9viter les doublons et bien cibler les zones d\u2019intervention. Aussi, il y a toujours des d\u00e9placements de population autour de Kongoussi.<\/p>\n<p><strong>S.\u00a0: Est-ce que tout ce qui est re\u00e7u est remis aux d\u00e9plac\u00e9s\u00a0?<\/strong><br \/>G. V.\u00a0: Nous recevons vraiment du tout, \u00e0 part les m\u00e9dicaments et les denr\u00e9es p\u00e9rissables. Sans \u00eatre m\u00e9chants avec les donateurs, nous faisons des tris. Parce qu\u2019il y a certaines choses que nous ne pouvons pas convoyer sur les sites des d\u00e9plac\u00e9s. Par exemple des restaurateurs voulaient \u00e0 chaque convoi, nous fournir des kits de repas pour les d\u00e9plac\u00e9s. Malheureusement, ce sont des choses que nous ne pouvons pas accepter, faute de logistiques ad\u00e9quates, et au risque d\u2019 exposer davantage les b\u00e9n\u00e9ficiaires \u00e0 des intoxications. Aussi, nous voulons que les d\u00e9plac\u00e9s aient aussi un sens de dignit\u00e9 et ne pas avoir l\u2019impression qu\u2019on vient vider nos poubelles devant eux. Nous avons re\u00e7u d\u2019une femme, des chaussures hauts talons pour les bo\u00eetes de nuit. Ce sont des choses qui ne peuvent pas servir sur un site de d\u00e9plac\u00e9s. N\u00e9anmoins, ces genres de dons sont mis de c\u00f4t\u00e9 et nous sommes en train de r\u00e9fl\u00e9chir \u00e0 comment les vendre. Chaque semaine, on trie et on r\u00e9emballe les layettes, les habits des enfants, hommes et femmes pour les exp\u00e9dier.<\/p>\n<p><strong>S.\u00a0: Vous \u00eates \u00e0 combien de remises et combien de personnes en ont b\u00e9n\u00e9fici\u00e9\u00a0?<\/strong><br \/>G. V.\u00a0: Nous avons pu faire trois remises de dons dans les centres d\u2019accueil des d\u00e9plac\u00e9s. La premi\u00e8re remise des dons a eu lieu le 9 ao\u00fbt \u00e0 Barsalogho, une ville qui enregistre plus de 45 000 d\u00e9plac\u00e9s. Une partie de la collecte a \u00e9t\u00e9 remise au conseil d\u00e9partemental du secours d\u2019urgence CODESUR et l\u2019autre au doyen Issaka Ou\u00e9draogo, l\u2019h\u00f4te de plus de 400 d\u00e9plac\u00e9s \u00e0 Barsalogho. Ces dons sont compos\u00e9s de vivres, de nattes, de seaux, de savon, de couvertures et de v\u00eatements. Quant \u00e0 la deuxi\u00e8me remise, elle a eu lieu \u00e0 Ouahigouya, le 14 septembre o\u00f9 vit toute une communaut\u00e9 de 700 personnes qui ont fui les terroristes au Mali en juillet. elles n\u2019ont pas encore \u00e9t\u00e9 recens\u00e9es, mais nous \u00e9tions les premiers \u00e0 faire un geste en d\u00e9but septembre. Les vivres re\u00e7us pouvaient leur servir pour deux mois. La remise a eu lieu \u00e0 Kongoussi. Nous pr\u00e9voyons \u00e9galement d\u2019 autres remises avant la fin de l\u2019op\u00e9ration le 31 octobre.<\/p>\n<p><strong>S.\u00a0: Comment les d\u00e9plac\u00e9s appr\u00e9cient votre geste\u00a0?<\/strong><br \/>G.V.\u00a0: C\u2019est tr\u00e8s difficile pour eux. ils n\u2019ont pas fui leurs localit\u00e9s parce qu\u2019ils avaient faim ou \u00e9taient pauvres. Ils ont fui tout simplement du fait de l\u2019ins\u00e9curit\u00e9. Le paradoxe est que leur seul principal souhait, c\u2019est de retourner chez eux et retrouver leur quotidien. Mais en tant que d\u00e9plac\u00e9s, il y a des besoins secondaires qu\u2019il faut satisfaire. C\u2019est l\u00e0 que nous intervenons avec le minimum vital\u00a0: vivres, v\u00eatements, savon, couchettes, etc. Ce sont des gestes qui soulagent. Ils sont tr\u00e8s \u00e9mus, pas \u00e0 cause des vivres mais du fait que des citoyens aient pens\u00e9 \u00e0 eux. Avant m\u00eame que nous ne d\u00e9chargeons, que les femmes ont demand\u00e9 d\u00e9j\u00e0 \u00e0 prendre quelques sacs pour pr\u00e9parer parce qu\u2019elles disent n\u2019avoir pas mang\u00e9 depuis 2 jours.Elles se sont mises \u00e0 cuisiner devant nous. Juste pour dire que souvent, ce n\u2019est pas une question de tonnes ou de millions de francs.C\u2019est avant tout une approche humaine, citoyenne, un \u00e9lan de solidarit\u00e9 simplement.<\/p>\n<p><strong>S.\u00a0: Est-ce que vous avez mis en place un syst\u00e8me de gestion des dons pour plus de transparence\u00a0?<\/strong><br \/>G.V.\u00a0: La transparence est vraiment fondamentale dans une action pareille pour m\u00e9riter la confiance des populations. Ainsi, pour cette campagne de collecte, nous ne sommes que des interm\u00e9diaires, des transitaires. A ce titre, nous avons le devoir de redevabilit\u00e9 \u00e0 travers une transparence absolue.Nous en sommes conscients . Les dons r\u00e9colt\u00e9s ne sont pas g\u00e9r\u00e9s par des individus mais par une dizaine de structures cr\u00e9dibles de la soci\u00e9t\u00e9 civile, avec plusieurs ann\u00e9es d\u2019exp\u00e9rience et connues par beaucoup de personnes. Il y a des contr\u00f4les internes et les d\u00e9cisions sont prises \u00e0 l\u2019unanimit\u00e9.Nous travaillons \u00e9galement avec des partenaires avec les m\u00eames principes de comptabilit\u00e9. A ce titre, il y a deux comptables, un gestionnaire de fonds et les bilans sont certifi\u00e9s par les responsables des autres structures et publi\u00e9s sur internet et sur le site de \u00abDroit libre TV\u00bb.Tout est v\u00e9rifiable. Celui ou celle qui a un doute, peut toujours nous saisir. C\u2019est tr\u00e8s important. Voil\u00e0 pourquoi toutes les op\u00e9rations de remises sont m\u00e9diatis\u00e9es.<\/p>\n<p><strong>S.\u00a0: Comment les Burkinab\u00e8 ont-ils r\u00e9agi \u00e0 votre appel\u00a0?<\/strong><br \/>G. V.\u00a0: Au d\u00e9part, il y a eu beaucoup de d\u00e9bats autour de la question. Mais notre action a permis de poser le d\u00e9bat sur la table. Je pense que les pol\u00e9miques sont naturelles. C\u2019est dans la logique du Burkina post-insurrectionnel o\u00f9 tout le monde s\u2019exprime en remettant en cause les propositions des autres. C\u2019est un esprit difficile, d\u2019o\u00f9 la n\u00e9cessit\u00e9 de les rassurer \u00e0 travers la communication et la transparence. Nous ne faisons pas fi des critiques, mais notre priorit\u00e9, c\u2019est la r\u00e9ussite de l\u2019op\u00e9ration.Nous n\u2019avons pas voulu rentrer dans ces pol\u00e9miques, c\u2019est normal que les citoyens se posent des questions et il nous appartient de les convaincre de notre bonne volont\u00e9. Au- del\u00e0 des pol\u00e9miques, les Burkinab\u00e8 ont l\u00e9gitim\u00e9 notre action. Dans l\u2019ensemble, ils ont r\u00e9agi positivement et c\u2019est d\u00e9j\u00e0 l\u2019essentiel. Nous leur disons merci d\u2019avoir r\u00e9pondu positivement \u00e0 notre appel, mais aussi pour nous avoir fait confiance. C\u2019est une prise de conscience collective sur une situation qui nous concerne tous. \u00abFaisons un geste\u00bb prend fin le 31 octobre et peut-\u00eatre que d\u2019autres actions plus efficientes vont na\u00eetre.Mais d\u00e9j\u00e0, il y a une grande mobilisation au niveau des citoyens, des autorit\u00e9s politiques, des religieux et des communaut\u00e9s au profit des d\u00e9plac\u00e9s.<\/p>\n<p><strong>S.\u00a0: Comment les autorit\u00e9s ont-elles appr\u00e9ci\u00e9 votre initiative ?<\/strong><br \/>G. V.\u00a0: Au d\u00e9but, nous n\u2019avons pas eu l\u2019impression que les autorit\u00e9s l\u2019on appr\u00e9ci\u00e9e. Il y a avait comme \u00e0 leur niveau, une sorte d\u2019\u00e9lan gouvernemental pour ma\u00eetriser les choses. La ministre en charge de l\u2019action humanitaire a vraiment \u00e9t\u00e9 h\u00e9sitante. Toutes nos tentatives de la rencontrer furent vaines. Pour nous, \u00abfaisons un geste\u00bb constitue l\u2019une des actions de plaidoyer du gouvernement, dans l\u2019instauration d\u2019un climat de s\u00e9curit\u00e9. Mais, le plus important est que par la suite, le gouvernement a fini par accepter la r\u00e9alit\u00e9 et la n\u00e9cessit\u00e9 d\u2019agir. Et \u00e0 ce sujet, la ministre de l\u2019Action sociale a fait savoir que 1,2 million de personnes ont besoin d\u2019une assistance humanitaire. Elle a, au cours d\u2019une conf\u00e9rence de presse, en collaboration avec le Syst\u00e8me des Nations unies, lanc\u00e9 le 14 f\u00e9vrier, le plan d\u2019urgence.<\/p>\n<p><strong>S.\u00a0: Bient\u00f4t c\u2019est la fin de l\u2019op\u00e9ration \u00abfaisons un geste\u00bb, un appel \u00e0 ceux qui n\u2019ont pas encore fait un geste\u00a0?<\/strong><br \/>G.V.\u00a0: C\u2019est tout simplement leur dire de faire le geste. D\u2019une mani\u00e8re ou d\u2019une autre, chaque citoyen peut venir en aide \u00e0 son prochain. Il reste un dernier concert des artistes burkinab\u00e8.<br \/>Une soir\u00e9e au cours de laquelle,ils vont collecter des dons.Les derni\u00e8res semaines de l\u2019action seront aussi importantes que les premi\u00e8res. Donc il n\u2019est pas tard car ce n\u2019est pas une course de vitesse, mais une course d\u2019endurance. Par cons\u00e9quent, les dons qui viendront les derniers jours vont aussi servir que ceux des premiers jours.<br \/>Pour ceux qui h\u00e9sitent ou qui nous observent toujours, ils ont encore 6 jours pour se manifester. Tout le monde est concern\u00e9, que chacun fasse un geste, peu importe le canal.<\/p>\n<p class=\"c1\"><strong>\u00a0Interview r\u00e9alis\u00e9e par<\/strong><br \/><strong>Mariam OUEDRAOGO<\/strong><br \/><strong>mesmira14@gmail.com<\/strong><br \/><strong>en coproduction avec<\/strong><br \/><strong>Yannick Cheik Som\u00e9 de la Radio municipale de Dori<\/strong><\/p>\n<div class=\"td-a-rec td-a-rec-id-content_bottom td_uid_31_5db21abab905b_rand td_block_template_1\"><img loading=\"lazy\" decoding=\"async\" class=\"aligncenter size-full wp-image-9623\" src=\"https:\/\/www.sidwaya.info\/wp-content\/uploads\/2019\/06\/Projet-bannie%CC%80re-Orange-mobile.jpg\" alt=\"\" width=\"728\" height=\"81\"\/><\/div>\n<p>Auteur: DD. Sidwaya<br \/>\n<a href=\"https:\/\/www.sidwaya.info\/blog\/2019\/10\/24\/soutien-aux-deplaces-internes-chaque-citoyen-peut-venir-en-aide-a-son-prochain-gideon-vink\/\">Cliquez ici pour lire l&rsquo;article depuis sa source.<\/a><\/p>\n","protected":false},"excerpt":{"rendered":"<p>Les attaques terroristes ont engendr\u00e9 de nombreux d\u00e9plac\u00e9s internes (486 360 \u00e0 la date du 12 octobre 2019). En plus de l\u2019Etat qui leur apporte soutien et r\u00e9confort, des structures de la soci\u00e9t\u00e9 civile ont d\u00e9cid\u00e9 de mettre la main \u00e0 la p\u00e2te. Parmi elles, l\u2019association Semfilms qui a lanc\u00e9, le 1er ao\u00fbt 2019, une [&hellip;]<\/p>\n","protected":false},"author":1816,"featured_media":0,"comment_status":"closed","ping_status":"closed","sticky":false,"template":"","format":"standard","meta":{"fifu_image_url":"","fifu_image_alt":"","footnotes":""},"categories":[73,81],"tags":[],"class_list":["post-65470","post","type-post","status-publish","format-standard","hentry","category-actualite","category-burkina-faso"],"_links":{"self":[{"href":"https:\/\/linitiative.ca\/International\/wp-json\/wp\/v2\/posts\/65470","targetHints":{"allow":["GET"]}}],"collection":[{"href":"https:\/\/linitiative.ca\/International\/wp-json\/wp\/v2\/posts"}],"about":[{"href":"https:\/\/linitiative.ca\/International\/wp-json\/wp\/v2\/types\/post"}],"author":[{"embeddable":true,"href":"https:\/\/linitiative.ca\/International\/wp-json\/wp\/v2\/users\/1816"}],"replies":[{"embeddable":true,"href":"https:\/\/linitiative.ca\/International\/wp-json\/wp\/v2\/comments?post=65470"}],"version-history":[{"count":0,"href":"https:\/\/linitiative.ca\/International\/wp-json\/wp\/v2\/posts\/65470\/revisions"}],"wp:attachment":[{"href":"https:\/\/linitiative.ca\/International\/wp-json\/wp\/v2\/media?parent=65470"}],"wp:term":[{"taxonomy":"category","embeddable":true,"href":"https:\/\/linitiative.ca\/International\/wp-json\/wp\/v2\/categories?post=65470"},{"taxonomy":"post_tag","embeddable":true,"href":"https:\/\/linitiative.ca\/International\/wp-json\/wp\/v2\/tags?post=65470"}],"curies":[{"name":"wp","href":"https:\/\/api.w.org\/{rel}","templated":true}]}}