{"id":65473,"date":"2019-10-24T15:18:03","date_gmt":"2019-10-24T19:18:03","guid":{"rendered":"https:\/\/linitiative.ca\/International\/paul-biya-suspend-la-procedure-dattribution-du-port-de-douala-a-til\/"},"modified":"2019-10-24T15:18:03","modified_gmt":"2019-10-24T19:18:03","slug":"paul-biya-suspend-la-procedure-dattribution-du-port-de-douala-a-til","status":"publish","type":"post","link":"https:\/\/linitiative.ca\/International\/paul-biya-suspend-la-procedure-dattribution-du-port-de-douala-a-til\/","title":{"rendered":"Paul Biya suspend la proc\u00e9dure d\u2019attribution du port de Douala \u00e0 TIL"},"content":{"rendered":"<div readability=\"32\">\n<p>Publi\u00e9 le 24.10.2019 \u00e0 20h18 par APA News<\/p>\n<\/div>\n<div readability=\"60\">\n<p>Le chef de l\u2019\u00c9tat camerounais, Paul Biya a d\u00e9cid\u00e9 de la suspension du processus d\u2019attribution provisoire de la concession du terminal \u00e0 conteneurs du port de Douala, situ\u00e9 dans la m\u00e9tropole \u00e9conomique, au nouvel op\u00e9rateur italo-suisse Terminal Investment Ltd (TIL), a appris APA jeudi soir aux termes d\u2019une correspondance adress\u00e9e au patron de ladite place portuaire (PAD) par le secr\u00e9taire g\u00e9n\u00e9ral de la pr\u00e9sidence de la R\u00e9publique, Ferdinand Ngoh Ngoh.Le pr\u00e9texte de ce revirement est l\u2019attente des conclusions d\u00e9finitives de la proc\u00e9dure judiciaire, engag\u00e9e par le consortium franco-danois Bollor\u00e9-APM Terminals (Bollor\u00e9-APMT), en activit\u00e9 depuis 2005 sous la d\u00e9nomination de Douala International Terminal (DIT), et qui venait d\u2019obtenir une prolongation d\u2019activit\u00e9s jusqu\u2019en 2013.<\/p>\n<p>Le 16 ao\u00fbt 2019, le tribunal administratif de Douala, saisi par ce dernier, avait pris une ordonnance suspendant le processus de d\u00e9signation d\u2019un nouveau concessionnaire sur cette place portuaire, une sentence contre laquelle le PAD a aussit\u00f4t form\u00e9 un pourvoi devant la Cour supr\u00eame, passant par ailleurs \u00e0 la vitesse sup\u00e9rieure en proc\u00e9dant \u00e0 l\u2019attribution provisoire de la concession appel\u00e9e \u00e0 entrer en vigueur le 1er janvier 2020.<\/p>\n<p>Se plaignant d\u2019avoir \u00e9t\u00e9 \u00e9vinc\u00e9, depuis janvier 2019, de la phase pr\u00e9qualification pour la d\u00e9signation d\u2019un nouveau concessionnaire pour la m\u00eame prestation, le groupement logisticien-armateur Bollor\u00e9-APMT avait en outre engag\u00e9 une proc\u00e9dure internationale d\u2019arbitrage \u00e0 Paris.<\/p>\n<\/div>\n<p>Auteur: APA News<br \/>\n<a href=\"https:\/\/www.journalducameroun.com\/paul-biya-suspend-la-procedure-dattribution-du-port-de-douala-a-til\/\">Cliquez ici pour lire l&rsquo;article depuis sa source.<\/a><\/p>\n","protected":false},"excerpt":{"rendered":"<p>Publi\u00e9 le 24.10.2019 \u00e0 20h18 par APA News Le chef de l\u2019\u00c9tat camerounais, Paul Biya a d\u00e9cid\u00e9 de la suspension du processus d\u2019attribution provisoire de la concession du terminal \u00e0 conteneurs du port de Douala, situ\u00e9 dans la m\u00e9tropole \u00e9conomique, au nouvel op\u00e9rateur italo-suisse Terminal Investment Ltd (TIL), a appris APA jeudi soir aux termes [&hellip;]<\/p>\n","protected":false},"author":1965,"featured_media":0,"comment_status":"closed","ping_status":"closed","sticky":false,"template":"","format":"standard","meta":{"fifu_image_url":"","fifu_image_alt":"","footnotes":""},"categories":[73,82],"tags":[],"class_list":["post-65473","post","type-post","status-publish","format-standard","hentry","category-actualite","category-cameroun"],"_links":{"self":[{"href":"https:\/\/linitiative.ca\/International\/wp-json\/wp\/v2\/posts\/65473","targetHints":{"allow":["GET"]}}],"collection":[{"href":"https:\/\/linitiative.ca\/International\/wp-json\/wp\/v2\/posts"}],"about":[{"href":"https:\/\/linitiative.ca\/International\/wp-json\/wp\/v2\/types\/post"}],"author":[{"embeddable":true,"href":"https:\/\/linitiative.ca\/International\/wp-json\/wp\/v2\/users\/1965"}],"replies":[{"embeddable":true,"href":"https:\/\/linitiative.ca\/International\/wp-json\/wp\/v2\/comments?post=65473"}],"version-history":[{"count":0,"href":"https:\/\/linitiative.ca\/International\/wp-json\/wp\/v2\/posts\/65473\/revisions"}],"wp:attachment":[{"href":"https:\/\/linitiative.ca\/International\/wp-json\/wp\/v2\/media?parent=65473"}],"wp:term":[{"taxonomy":"category","embeddable":true,"href":"https:\/\/linitiative.ca\/International\/wp-json\/wp\/v2\/categories?post=65473"},{"taxonomy":"post_tag","embeddable":true,"href":"https:\/\/linitiative.ca\/International\/wp-json\/wp\/v2\/tags?post=65473"}],"curies":[{"name":"wp","href":"https:\/\/api.w.org\/{rel}","templated":true}]}}