{"id":65476,"date":"2019-10-24T17:18:02","date_gmt":"2019-10-24T21:18:02","guid":{"rendered":"https:\/\/linitiative.ca\/International\/soixante-quatorze-millions-deuros-de-berlin-la-creation-demplois-en-ethiopie\/"},"modified":"2019-10-24T17:18:02","modified_gmt":"2019-10-24T21:18:02","slug":"soixante-quatorze-millions-deuros-de-berlin-la-creation-demplois-en-ethiopie","status":"publish","type":"post","link":"https:\/\/linitiative.ca\/International\/soixante-quatorze-millions-deuros-de-berlin-la-creation-demplois-en-ethiopie\/","title":{"rendered":"Soixante-quatorze millions d\u2019euros de Berlin la cr\u00e9ation d\u2019emplois en Ethiopie"},"content":{"rendered":"<div readability=\"32\">\n<p>Publi\u00e9 le 24.10.2019 \u00e0 22h18 par APA News<\/p>\n<\/div>\n<div readability=\"56\">\n<p>L\u2019Ethiopie et l\u2019Allemagne ont sign\u00e9 jeudi des accords financier et technique d\u2019un montant de 74,5 millions d\u2019euros pour des projets cr\u00e9ateurs d\u2019emplois.Les accords ont \u00e9t\u00e9 sign\u00e9s par le ministre \u00e9thiopien des Finances, Admasu Nebebe et l\u2019ambassadeur d\u2019Allemagne en Ethiopie, Brita Wagener.<\/p>\n<p>L\u2019accord technique vise \u00e0 financer trois projets d\u2019un montant total de 28 millions d\u2019euros et sera mis en \u0153uvre par l\u2019interm\u00e9diaire de la branche technique de l\u2019Agence allemande de coop\u00e9ration au d\u00e9veloppement (GIZ).Les projets sont une initiative sp\u00e9ciale intitul\u00e9e \u00ab Formation et cr\u00e9ation d\u2019emplois : Partenariat pour l\u2019emploi et petites et moyennes entreprises, promotion des PME avec l\u2019Ethiopie, r\u00e9int\u00e9gration sociale et \u00e9conomique des ex-combattants et groupes touch\u00e9s par les conflits, et gouvernance fonci\u00e8re en Ethiopie \u00bb.<\/p>\n<p>De m\u00eame, une convention d\u2019un montant de 46,5 millions d\u2019euros servira \u00e0 financer deux projets qui renforcent l\u2019int\u00e9gration sociale et \u00e9conomique de la r\u00e9gion concern\u00e9e et constituent un financement de l\u2019\u00e9ducation.<\/p>\n<p>L\u2019int\u00e9gration sociale et \u00e9conomique dans la r\u00e9gion concern\u00e9e sera mise en \u0153uvre conjointement avec l\u2019Organisation internationale pour les migrations (OIM) avec une enveloppe de 10 millions d\u2019euros.<\/p>\n<\/div>\n<p>Auteur: APA News<br \/>\n<a href=\"https:\/\/www.journalducameroun.com\/soixante-quatorze-millions-deuros-de-berlin-la-creation-demplois-en-ethiopie\/\">Cliquez ici pour lire l&rsquo;article depuis sa source.<\/a><\/p>\n","protected":false},"excerpt":{"rendered":"<p>Publi\u00e9 le 24.10.2019 \u00e0 22h18 par APA News L\u2019Ethiopie et l\u2019Allemagne ont sign\u00e9 jeudi des accords financier et technique d\u2019un montant de 74,5 millions d\u2019euros pour des projets cr\u00e9ateurs d\u2019emplois.Les accords ont \u00e9t\u00e9 sign\u00e9s par le ministre \u00e9thiopien des Finances, Admasu Nebebe et l\u2019ambassadeur d\u2019Allemagne en Ethiopie, Brita Wagener. L\u2019accord technique vise \u00e0 financer trois [&hellip;]<\/p>\n","protected":false},"author":1965,"featured_media":0,"comment_status":"closed","ping_status":"closed","sticky":false,"template":"","format":"standard","meta":{"fifu_image_url":"","fifu_image_alt":"","footnotes":""},"categories":[73,82],"tags":[],"class_list":["post-65476","post","type-post","status-publish","format-standard","hentry","category-actualite","category-cameroun"],"_links":{"self":[{"href":"https:\/\/linitiative.ca\/International\/wp-json\/wp\/v2\/posts\/65476","targetHints":{"allow":["GET"]}}],"collection":[{"href":"https:\/\/linitiative.ca\/International\/wp-json\/wp\/v2\/posts"}],"about":[{"href":"https:\/\/linitiative.ca\/International\/wp-json\/wp\/v2\/types\/post"}],"author":[{"embeddable":true,"href":"https:\/\/linitiative.ca\/International\/wp-json\/wp\/v2\/users\/1965"}],"replies":[{"embeddable":true,"href":"https:\/\/linitiative.ca\/International\/wp-json\/wp\/v2\/comments?post=65476"}],"version-history":[{"count":0,"href":"https:\/\/linitiative.ca\/International\/wp-json\/wp\/v2\/posts\/65476\/revisions"}],"wp:attachment":[{"href":"https:\/\/linitiative.ca\/International\/wp-json\/wp\/v2\/media?parent=65476"}],"wp:term":[{"taxonomy":"category","embeddable":true,"href":"https:\/\/linitiative.ca\/International\/wp-json\/wp\/v2\/categories?post=65476"},{"taxonomy":"post_tag","embeddable":true,"href":"https:\/\/linitiative.ca\/International\/wp-json\/wp\/v2\/tags?post=65476"}],"curies":[{"name":"wp","href":"https:\/\/api.w.org\/{rel}","templated":true}]}}