{"id":65477,"date":"2019-10-24T17:50:02","date_gmt":"2019-10-24T21:50:02","guid":{"rendered":"https:\/\/linitiative.ca\/International\/les-manifestations-antigouvernementales-ont-repris-en-irak\/"},"modified":"2019-10-24T17:50:02","modified_gmt":"2019-10-24T21:50:02","slug":"les-manifestations-antigouvernementales-ont-repris-en-irak","status":"publish","type":"post","link":"https:\/\/linitiative.ca\/International\/les-manifestations-antigouvernementales-ont-repris-en-irak\/","title":{"rendered":"Les manifestations antigouvernementales ont repris en Irak"},"content":{"rendered":"<div readability=\"32\">\n<p>Publi\u00e9 le 24.10.2019 \u00e0 22h50 par AFP<\/p>\n<\/div>\n<div readability=\"152\">\n<p>Les manifestations antigouvernementales, endeuill\u00e9es d\u00e9but octobre par plus de 150 morts, ont repris en Irak jeudi soir, \u00e0 la veille de la mobilisation attendue des nombreux partisans du turbulent leader chiite Moqtada Sadr.<\/p>\n<p>L\u2019ensemble des forces de s\u00e9curit\u00e9 ont \u00e9t\u00e9 mises en alerte d\u00e8s jeudi soir par le gouvernement d\u2019Adel Abdel Mahdi, arriv\u00e9 il y a tout juste un an au pouvoir.<\/p>\n<p>Face aux forces de l\u2019ordre, Moqtada Sadr entend mettre tout son poids dans le mouvement de contestation qui d\u00e9nonce la corruption des dirigeants et r\u00e9clame des emplois et des services fonctionnels dans un pays riche en p\u00e9trole mais en p\u00e9nurie chronique d\u2019\u00e9lectricit\u00e9 et d\u2019eau potable.<\/p>\n<p>Cet ex-chef de milice devenu h\u00e9raut des manifestants anticorruption a appel\u00e9 ses partisans \u00e0 manifester et a demand\u00e9 \u00e0 ses combattants de se tenir pr\u00eats \u00e0 \u00ab\u00a0prot\u00e9ger les manifestants\u00a0\u00bb, faisant redouter de nouvelles violences.<\/p>\n<p>D\u00e9but octobre, 157 personnes ont \u00e9t\u00e9 tu\u00e9es, en majorit\u00e9 des manifestants, selon un bilan officiel.<\/p>\n<p>Aux cris de \u00ab\u00a0Tous des voleurs\u00a0\u00bb, des centaines de personnes ont manifest\u00e9 sur l\u2019embl\u00e9matique place Tahrir de Bagdad, qui a \u00e9t\u00e9 d\u00e9but octobre l\u2019\u00e9picentre de la contestation.<\/p>\n<p>Le ministre de l\u2019Int\u00e9rieur Yassine al-Yasseri, s\u2019est rendu place Tahrir pour affirmer aux manifestants que les policiers \u00e9taient l\u00e0 \u00ab\u00a0pour les prot\u00e9ger\u00a0\u00bb, selon les autorit\u00e9s.<\/p>\n<p>A Nassiriya, \u00e0 300 kilom\u00e8tres plus au sud, les manifestants ont appel\u00e9 \u00e0 des \u00ab\u00a0sit-in jusqu\u2019\u00e0 la chute du r\u00e9gime\u00a0\u00bb.<\/p>\n<p>\u2013 Sermon au nom de Sistani \u2013<\/p>\n<p>Les manifestations devraient grossir vendredi matin. Et dans l\u2019apr\u00e8s-midi elles seront rejointes par les partisans de Moqtada Sadr, vainqueur des l\u00e9gislatives et partie de la coalition gouvernementale, qui a r\u00e9clam\u00e9 la d\u00e9mission du cabinet et des \u00e9lections anticip\u00e9es dans le pays \u00e0 majorit\u00e9 chiite.<\/p>\n<p>Les partisans de Moqtada Sadr avaient pris d\u2019assaut en 2016 la Zone verte de Bagdad et occup\u00e9 l\u2019ensemble des plus hautes institutions de l\u2019Etat.<\/p>\n<p>Dans une claire d\u00e9monstration de force, les combattants de ses \u00ab\u00a0Brigades de la paix\u00a0\u00bb, se sont montr\u00e9s r\u00e9cemment en armes lors de parades dans leur bastion de Sadr City \u00e0 Bagdad.<\/p>\n<p>Dans ce contexte de crise, un sermon prononc\u00e9 au nom du grand ayatollah Ali Sistani, plus haute autorit\u00e9 religieuse chiite d\u2019Irak qui passe pour faire et d\u00e9faire les Premiers ministres, est pr\u00e9vu \u00e0 la mi-journ\u00e9e et est tr\u00e8s attendu.<\/p>\n<p>Il y a deux semaines, Ali Sistani avait donn\u00e9 au gouvernement jusqu\u2019\u00e0 vendredi pour faire la lumi\u00e8re sur les violences et r\u00e9pondre aux demandes des manifestants, sortis pour la premi\u00e8re fois en Irak de fa\u00e7on spontan\u00e9e le 1er octobre.<\/p>\n<p>M. Abdel Mahdi a annonc\u00e9 des s\u00e9ries de mesures, rendu publiques des listes de centaines de postes de fonctionnaires attribu\u00e9s \u00e0 des jeunes dipl\u00f4m\u00e9s et promis des pensions pour les familles des manifestants \u00ab\u00a0martyrs\u00a0\u00bb.<\/p>\n<p>Mais il n\u2019a annonc\u00e9 aucune r\u00e9forme en profondeur ni la comparution des \u00ab\u00a0gros poissons\u00a0\u00bb dans le 12e pays le plus corrompu au monde selon Transparency International. La rue veut elle une nouvelle Constitution et un renouvellement total de la classe politique.<\/p>\n<p>\u2013 \u00ab\u00a0Tirer les le\u00e7ons\u00a0\u00bb \u2013<\/p>\n<p>Le gouvernement peut toujours compter sur le puissant Hachd al-Chaabi, coalition de paramilitaires domin\u00e9e par les milices chiites pro-Iran \u2013deuxi\u00e8me bloc au Parlement et membre de la coalition gouvernementale.<\/p>\n<p>Plusieurs de ses chefs lui ont redit ces derniers jours leur \u00ab\u00a0confiance\u00a0\u00bb.<\/p>\n<p>Mardi, les autorit\u00e9s ont rendu public leur rapport d\u2019enqu\u00eate sur les violences qui n\u2019a pas convaincu la classe politique et attis\u00e9 la col\u00e8re de la rue.<\/p>\n<p>Elles y accusent les forces de l\u2019ordre d\u2019usage \u00ab\u00a0excessif\u00a0\u00bb de la force mais ne r\u00e9solvent pas la question des \u00ab\u00a0tireurs non identifi\u00e9s\u00a0\u00bb. 70% des morts ont \u00e9t\u00e9 touch\u00e9s \u00e0 la t\u00eate ou au torse, selon le rapport.<\/p>\n<p>Avant les nouvelles manifestations, la mission de l\u2019ONU en Irak avait appel\u00e9 le gouvernement \u00e0 \u00ab\u00a0tirer les le\u00e7ons\u00a0\u00bb de d\u00e9but octobre et \u00e0 \u00ab\u00a0prendre des mesures concr\u00e8tes pour \u00e9viter la violence\u00a0\u00bb. Des d\u00e9put\u00e9s et responsables politiques avaient appel\u00e9 \u00e0 \u00ab\u00a0prot\u00e9ger\u00a0\u00bb les manifestants.<\/p>\n<p>Comme d\u00e9but octobre, les appels \u00e0 manifester concernent la plupart des provinces du sud, chiite et tribal, et pas le nord et l\u2019ouest du pays.<\/p>\n<p>Le Kurdistan autonome (nord) se tient g\u00e9n\u00e9ralement loin des turbulences.<\/p>\n<p>Dans le nord et l\u2019ouest, majoritairement sunnites et repris il y a deux ans au groupe Etat islamique (EI), personne n\u2019a d\u00e9fil\u00e9, les militants disant redouter d\u2019\u00eatre r\u00e9prim\u00e9s et accus\u00e9s de \u00ab\u00a0terrorisme\u00a0\u00bb ou de \u00ab\u00a0soutien \u00e0 l\u2019ancien r\u00e9gime de Saddam Hussein\u00a0\u00bb, deux \u00e9tiquettes d\u00e9j\u00e0 accol\u00e9es aux manifestants par leurs d\u00e9tracteurs.<\/p>\n<\/div>\n<p>Auteur: AFP<br \/>\n<a href=\"https:\/\/www.journalducameroun.com\/les-manifestations-antigouvernementales-ont-repris-en-irak\/\">Cliquez ici pour lire l&rsquo;article depuis sa source.<\/a><\/p>\n","protected":false},"excerpt":{"rendered":"<p>Publi\u00e9 le 24.10.2019 \u00e0 22h50 par AFP Les manifestations antigouvernementales, endeuill\u00e9es d\u00e9but octobre par plus de 150 morts, ont repris en Irak jeudi soir, \u00e0 la veille de la mobilisation attendue des nombreux partisans du turbulent leader chiite Moqtada Sadr. L\u2019ensemble des forces de s\u00e9curit\u00e9 ont \u00e9t\u00e9 mises en alerte d\u00e8s jeudi soir par le [&hellip;]<\/p>\n","protected":false},"author":1965,"featured_media":0,"comment_status":"closed","ping_status":"closed","sticky":false,"template":"","format":"standard","meta":{"fifu_image_url":"","fifu_image_alt":"","footnotes":""},"categories":[73,82],"tags":[],"class_list":["post-65477","post","type-post","status-publish","format-standard","hentry","category-actualite","category-cameroun"],"_links":{"self":[{"href":"https:\/\/linitiative.ca\/International\/wp-json\/wp\/v2\/posts\/65477","targetHints":{"allow":["GET"]}}],"collection":[{"href":"https:\/\/linitiative.ca\/International\/wp-json\/wp\/v2\/posts"}],"about":[{"href":"https:\/\/linitiative.ca\/International\/wp-json\/wp\/v2\/types\/post"}],"author":[{"embeddable":true,"href":"https:\/\/linitiative.ca\/International\/wp-json\/wp\/v2\/users\/1965"}],"replies":[{"embeddable":true,"href":"https:\/\/linitiative.ca\/International\/wp-json\/wp\/v2\/comments?post=65477"}],"version-history":[{"count":0,"href":"https:\/\/linitiative.ca\/International\/wp-json\/wp\/v2\/posts\/65477\/revisions"}],"wp:attachment":[{"href":"https:\/\/linitiative.ca\/International\/wp-json\/wp\/v2\/media?parent=65477"}],"wp:term":[{"taxonomy":"category","embeddable":true,"href":"https:\/\/linitiative.ca\/International\/wp-json\/wp\/v2\/categories?post=65477"},{"taxonomy":"post_tag","embeddable":true,"href":"https:\/\/linitiative.ca\/International\/wp-json\/wp\/v2\/tags?post=65477"}],"curies":[{"name":"wp","href":"https:\/\/api.w.org\/{rel}","templated":true}]}}