{"id":65478,"date":"2019-10-25T08:20:18","date_gmt":"2019-10-25T12:20:18","guid":{"rendered":"https:\/\/linitiative.ca\/International\/bir-jdid-arrete-pour-avoir-detourne-une-adolescente-de-15-ans\/"},"modified":"2019-10-25T08:20:18","modified_gmt":"2019-10-25T12:20:18","slug":"bir-jdid-arrete-pour-avoir-detourne-une-adolescente-de-15-ans","status":"publish","type":"post","link":"https:\/\/linitiative.ca\/International\/bir-jdid-arrete-pour-avoir-detourne-une-adolescente-de-15-ans\/","title":{"rendered":"Bir Jdid : Arr\u00eat\u00e9 pour avoir d\u00e9tourn\u00e9 une adolescente de 15 ans"},"content":{"rendered":"<header>\n<\/header>\n<div class=\"entry-content clearfix\" readability=\"48\"><img decoding=\"async\" class=\"post_layout_5_img\" src=\"http:\/\/aujourdhui.ma\/wp-content\/uploads\/2019\/10\/Viol-Pedo.jpg?x29840\" alt=\"Bir Jdid : Arr\u00eat\u00e9 pour avoir d\u00e9tourn\u00e9 une adolescente de 15 ans\"\/><\/p>\n<p class=\"p1\"><span class=\"s1\"><span class=\"c4\"><strong>Un jeune homme de vingt ans qui a d\u00e9tourn\u00e9 une adolescente, \u00e2g\u00e9e de quinze ans, \u00e0 Bir Jdid, a \u00e9t\u00e9 traduit, mercredi dernier, en \u00e9tat d\u2019arrestation devant le parquet g\u00e9n\u00e9ral pr\u00e8s la Cour d\u2019appel d\u2019El Jadida.<\/strong><\/span><\/span> <span id=\"more-321448\"\/><\/p>\n<p class=\"p1\"><span class=\"s1\">Une quinquag\u00e9naire qui l\u2019a accueilli chez elle a \u00e9galement \u00e9t\u00e9 arr\u00eat\u00e9e et maintenue en d\u00e9tention pr\u00e9ventive pour am\u00e9nagement d\u2019un lieu \u00e0 fin de d\u00e9bauche.\u00a0<\/span><\/p>\n<p class=\"p1\"><span class=\"s1\">L\u2019adolescente avait subitement disparu de chez elle. Ses parents ont parcouru les quatre coins de Bir Jdid sans la retrouver. Ils ont d\u00fb recourir ensuite \u00e0 la police qui a entam\u00e9 les recherches. Quatre jours plus tard, l\u2019adolescente est rentr\u00e9e chez elle. Elle s\u2019est efforc\u00e9e d\u2019expliquer \u00e0 ses parents et \u00e0 la police qu\u2019elle a \u00e9t\u00e9 kidnapp\u00e9e et rel\u00e2ch\u00e9e. Mais personne n\u2019a cru \u00e0 ses paroles. Soumise \u00e0 un interrogatoire serr\u00e9 elle a fini par cracher le morceau. Son copain l\u2019a conduite chez une prox\u00e9n\u00e8te demeurant au quartier Chichane pour coucher ensemble.<\/span><\/p>\n<\/div>\n<p>Auteur: Abderrafii ALOUMLIKI<br \/>\n<a href=\"http:\/\/aujourdhui.ma\/faits-divers\/bir-jdid-arrete-pour-avoir-detourne-une-adolescente-de-15-ans\">Cliquez ici pour lire l&rsquo;article depuis sa source.<\/a><\/p>\n","protected":false},"excerpt":{"rendered":"<p>Un jeune homme de vingt ans qui a d\u00e9tourn\u00e9 une adolescente, \u00e2g\u00e9e de quinze ans, \u00e0 Bir Jdid, a \u00e9t\u00e9 traduit, mercredi dernier, en \u00e9tat d\u2019arrestation devant le parquet g\u00e9n\u00e9ral pr\u00e8s la Cour d\u2019appel d\u2019El Jadida. Une quinquag\u00e9naire qui l\u2019a accueilli chez elle a \u00e9galement \u00e9t\u00e9 arr\u00eat\u00e9e et maintenue en d\u00e9tention pr\u00e9ventive pour am\u00e9nagement d\u2019un [&hellip;]<\/p>\n","protected":false},"author":1759,"featured_media":0,"comment_status":"closed","ping_status":"closed","sticky":false,"template":"","format":"standard","meta":{"fifu_image_url":"","fifu_image_alt":"","footnotes":""},"categories":[73,54],"tags":[],"class_list":["post-65478","post","type-post","status-publish","format-standard","hentry","category-actualite","category-maroc"],"_links":{"self":[{"href":"https:\/\/linitiative.ca\/International\/wp-json\/wp\/v2\/posts\/65478","targetHints":{"allow":["GET"]}}],"collection":[{"href":"https:\/\/linitiative.ca\/International\/wp-json\/wp\/v2\/posts"}],"about":[{"href":"https:\/\/linitiative.ca\/International\/wp-json\/wp\/v2\/types\/post"}],"author":[{"embeddable":true,"href":"https:\/\/linitiative.ca\/International\/wp-json\/wp\/v2\/users\/1759"}],"replies":[{"embeddable":true,"href":"https:\/\/linitiative.ca\/International\/wp-json\/wp\/v2\/comments?post=65478"}],"version-history":[{"count":0,"href":"https:\/\/linitiative.ca\/International\/wp-json\/wp\/v2\/posts\/65478\/revisions"}],"wp:attachment":[{"href":"https:\/\/linitiative.ca\/International\/wp-json\/wp\/v2\/media?parent=65478"}],"wp:term":[{"taxonomy":"category","embeddable":true,"href":"https:\/\/linitiative.ca\/International\/wp-json\/wp\/v2\/categories?post=65478"},{"taxonomy":"post_tag","embeddable":true,"href":"https:\/\/linitiative.ca\/International\/wp-json\/wp\/v2\/tags?post=65478"}],"curies":[{"name":"wp","href":"https:\/\/api.w.org\/{rel}","templated":true}]}}