{"id":65480,"date":"2019-10-25T09:02:00","date_gmt":"2019-10-25T13:02:00","guid":{"rendered":"https:\/\/linitiative.ca\/International\/colloque-national-sur-la-poesie-et-le-cinema-a-rabat\/"},"modified":"2019-10-25T09:02:00","modified_gmt":"2019-10-25T13:02:00","slug":"colloque-national-sur-la-poesie-et-le-cinema-a-rabat","status":"publish","type":"post","link":"https:\/\/linitiative.ca\/International\/colloque-national-sur-la-poesie-et-le-cinema-a-rabat\/","title":{"rendered":"Colloque national sur la po\u00e9sie et le cin\u00e9ma \u00e0 Rabat"},"content":{"rendered":"<header>\n<div class=\"entry-post-meta\">\n<div class=\"author-link\">Publi\u00e9 par <a itemprop=\"author\" itemscope=\"\" itemtype=\"https:\/\/schema.org\/Person\" href=\"http:\/\/aujourdhui.ma\/profile\/kaid\" rel=\"author\"><span itemprop=\"name\">ALM<\/span><\/a><\/div>\n<p>Date\u00a0:<time content=\"2019-10-25T14:02:00+00:00\" class=\"entry-date updated\" datetime=\"2019-10-25T14:02:00+00:00\">octobre 25, 2019<\/time><\/p>\n<div class=\"entry-cat\">dans:<a href=\"http:\/\/aujourdhui.ma\/category\/culture\/cinema\" rel=\"category tag\">Cinema<\/a><\/div>\n<p>0Vues<\/p>\n<\/div>\n<\/header>\n<div class=\"entry-content clearfix\" readability=\"47\"><img decoding=\"async\" class=\"post_layout_5_img\" src=\"http:\/\/aujourdhui.ma\/wp-content\/uploads\/2019\/10\/Colloque-national-sur-la-poe%CC%81sie-et-le-cine%CC%81ma-a%CC%80-Rabat.jpg?x29840\" alt=\"Colloque national sur la po\u00e9sie et le cin\u00e9ma \u00e0 Rabat\"\/><\/p>\n<p class=\"p1\"><span class=\"s1\"><span class=\"c4\"><strong>La Maison de la po\u00e9sie au Maroc et l\u2019Association marocaine des critiques de cin\u00e9ma organiseront, les 8 et 9 novembre \u00e0 Rabat un colloque national sur la po\u00e9sie et le cin\u00e9ma.<\/strong><\/span><\/span> <span id=\"more-320938\"\/><\/p>\n<p class=\"p1\"><span class=\"s1\">Selon les organisateurs, ce colloque vise \u00e0 r\u00e9unir une pl\u00e9iade d\u2019acteurs et de chercheurs s\u2019int\u00e9ressant \u00e0 la po\u00e9sie, le cin\u00e9ma et autres disciplines artistiques pour examiner, sous des angles diversifi\u00e9s, les moyens de mettre \u00e0 profit les caract\u00e9ristiques et les techniques respectives de chacune des deux expressions artistiques au service de l\u2019autre. Il s\u2019agit notamment de savoir l\u2019influence r\u00e9ciproque entre la po\u00e9sie et le cin\u00e9ma, deux arts \u00e9loign\u00e9s du point de vue outils et moyens d\u2019expression, les points communs, les diff\u00e9rences entre l\u2019image po\u00e9tique, l\u2019image cin\u00e9matographique et les perspectives d\u2019\u00e9change et de collaboration entre po\u00e8tes et cin\u00e9astes.<\/span><\/p>\n<\/div>\n<p>Auteur: ALM<br \/>\n<a href=\"http:\/\/aujourdhui.ma\/culture\/cinema\/colloque-national-sur-la-poesie-et-le-cinema-a-rabat\">Cliquez ici pour lire l&rsquo;article depuis sa source.<\/a><\/p>\n","protected":false},"excerpt":{"rendered":"<p>Publi\u00e9 par ALM Date\u00a0:octobre 25, 2019 dans:Cinema 0Vues La Maison de la po\u00e9sie au Maroc et l\u2019Association marocaine des critiques de cin\u00e9ma organiseront, les 8 et 9 novembre \u00e0 Rabat un colloque national sur la po\u00e9sie et le cin\u00e9ma. Selon les organisateurs, ce colloque vise \u00e0 r\u00e9unir une pl\u00e9iade d\u2019acteurs et de chercheurs s\u2019int\u00e9ressant \u00e0 [&hellip;]<\/p>\n","protected":false},"author":1759,"featured_media":0,"comment_status":"closed","ping_status":"closed","sticky":false,"template":"","format":"standard","meta":{"fifu_image_url":"","fifu_image_alt":"","footnotes":""},"categories":[73,54],"tags":[],"class_list":["post-65480","post","type-post","status-publish","format-standard","hentry","category-actualite","category-maroc"],"_links":{"self":[{"href":"https:\/\/linitiative.ca\/International\/wp-json\/wp\/v2\/posts\/65480","targetHints":{"allow":["GET"]}}],"collection":[{"href":"https:\/\/linitiative.ca\/International\/wp-json\/wp\/v2\/posts"}],"about":[{"href":"https:\/\/linitiative.ca\/International\/wp-json\/wp\/v2\/types\/post"}],"author":[{"embeddable":true,"href":"https:\/\/linitiative.ca\/International\/wp-json\/wp\/v2\/users\/1759"}],"replies":[{"embeddable":true,"href":"https:\/\/linitiative.ca\/International\/wp-json\/wp\/v2\/comments?post=65480"}],"version-history":[{"count":0,"href":"https:\/\/linitiative.ca\/International\/wp-json\/wp\/v2\/posts\/65480\/revisions"}],"wp:attachment":[{"href":"https:\/\/linitiative.ca\/International\/wp-json\/wp\/v2\/media?parent=65480"}],"wp:term":[{"taxonomy":"category","embeddable":true,"href":"https:\/\/linitiative.ca\/International\/wp-json\/wp\/v2\/categories?post=65480"},{"taxonomy":"post_tag","embeddable":true,"href":"https:\/\/linitiative.ca\/International\/wp-json\/wp\/v2\/tags?post=65480"}],"curies":[{"name":"wp","href":"https:\/\/api.w.org\/{rel}","templated":true}]}}