{"id":65481,"date":"2019-10-25T10:00:38","date_gmt":"2019-10-25T14:00:38","guid":{"rendered":"https:\/\/linitiative.ca\/International\/marouane-hajji-je-ne-fais-pas-lart-pour-gagner-de-largent\/"},"modified":"2019-10-25T10:00:38","modified_gmt":"2019-10-25T14:00:38","slug":"marouane-hajji-je-ne-fais-pas-lart-pour-gagner-de-largent","status":"publish","type":"post","link":"https:\/\/linitiative.ca\/International\/marouane-hajji-je-ne-fais-pas-lart-pour-gagner-de-largent\/","title":{"rendered":"Marouane Hajji : \u00abJe ne fais pas l\u2019art pour gagner de l\u2019argent\u00bb"},"content":{"rendered":"<p><img decoding=\"async\" class=\"post_layout_5_img\" src=\"http:\/\/aujourdhui.ma\/wp-content\/uploads\/2019\/10\/Marouane-Hajji.jpg?x29840\" alt=\"Marouane Hajji : \u00abJe ne fais pas l\u2019art pour gagner de l\u2019argent\u00bb\"\/><\/p>\n<p class=\"p1\"><span class=\"c4\"><strong><span class=\"s1\">Entretien avec Marouane Hajji, c<\/span>hanteur marocain<\/strong><\/span><span id=\"more-321432\"\/><\/p>\n<div class=\"base-box mom_box_sc_custom mom_box_sc clear c5\" readability=\"11\">\n<p class=\"p1\"><em><strong>Marouane Hajji a interpr\u00e9t\u00e9 les po\u00e8mes d\u2019Abu Hassan Al Shushtari \u00e0 l\u2019ouverture du 12\u00e8me Festival de F\u00e8s de la culture soufie qui se tient jusqu\u2019au 26 octobre. Rencontr\u00e9 directement apr\u00e8s son concert, l\u2019artiste se livre au jeu des questions-r\u00e9ponses sans ambages. Il s\u2019exprime \u00e9galement sur ses participations \u00e0 ce festival et d\u2019autres ainsi que sa renomm\u00e9e nationale et internationale.<\/strong><\/em><\/p>\n<\/div>\n<p class=\"p2\"><span class=\"s1\"><strong>ALM : Vous prenez souvent part au Festival de F\u00e8s de la culture soufie ainsi qu\u2019\u00e0 celui des musiques sacr\u00e9es du monde. Quelle est la diff\u00e9rence entre vos participations \u00e0 ces deux \u00e9v\u00e9nements ?<\/strong><\/span><\/p>\n<p class=\"p2\"><span class=\"s1\"><strong>Marouane Hajji :<\/strong> La diff\u00e9rence c\u2019est qu\u2019\u00e0 cette \u00e9dition du Festival de F\u00e8s de la culture soufie, j\u2019ai chant\u00e9 aux c\u00f4t\u00e9s d\u2019autres artistes les po\u00e8mes d\u2019Abu Hassan Al Shushtari, un grand po\u00e8te andalou qui exalte l\u2019amour divin. Quant \u00e0 ma participation au festival des musiques sacr\u00e9es, elle \u00e9tait d\u00e9di\u00e9e \u00e0 la ville de F\u00e8s. Les po\u00e8mes que j\u2019y ai interpr\u00e9t\u00e9s sont d\u00e9di\u00e9s \u00e0 cette ville que ce festival a c\u00e9l\u00e9br\u00e9e en tant qu\u2019h\u00e9ritage humain et universel ainsi qu\u2019une histoire. F\u00e8s est la source de styles de musique connus et litt\u00e9raires, voire scientifiques. C\u2019est aussi la capitale scientifique et capitale de la culture islamique. En g\u00e9n\u00e9ral, le Festival de la culture soufie est sp\u00e9cialis\u00e9. Il draine des troupes soufies \u00e0 travers des styles traditionnels, notamment les confr\u00e9ries. C\u2019est le cas des modes soufis comme la confr\u00e9rie Wazzanyia, Sqalliya, Harraqia, etc. Cependant, le Festival des musiques sacr\u00e9es englobe diff\u00e9rents styles et attire des artistes internationaux qui font dans plusieurs genres comme le jazz.<\/span><\/p>\n<p class=\"p2\"><span class=\"s1\"><strong>Au d\u00e9but de votre carri\u00e8re, votre renomm\u00e9e \u00e9tait l\u2019apanage de la ville de F\u00e8s. Comment l\u2019avez-vous \u00e9tendue \u00e0 l\u2019\u00e9chelle nationale, voire internationale ?<\/strong><\/span><\/p>\n<p class=\"p2\"><span class=\"s1\">C\u2019est par ma sinc\u00e9rit\u00e9. Pour ma part, je ne fais pas l\u2019art pour gagner de l\u2019argent. Je transmets plut\u00f4t un message artistique noble. C\u2019est ce qui a fait que certains publics se demandent pourquoi je ne fais pas de singles de jeunes. Par contre, je tiens au patrimoine marocain. Cela a \u00e9galement fait que certains publics me<span class=\"Apple-converted-space\">\u00a0<\/span> d\u00e9couvrent en tant que jeune \u00e0 travers le style musical que j\u2019interpr\u00e8te. C\u2019est ainsi que j\u2019ai pu acqu\u00e9rir cette renomm\u00e9e. De plus, les publics qui appr\u00e9cient ce style musical y ont baign\u00e9, ils sont curieux de d\u00e9couvrir ma cr\u00e9ativit\u00e9. En fait, je n\u2019interpr\u00e8te pas la musique du patrimoine avec un style traditionnel mais d\u2019une fa\u00e7on jeune et nouvelle en essayant d\u2019y mixer des rythmes mondiaux. Cela a fait que le public a envie de d\u00e9couvrir ce que je fais par rapport \u00e0 cette musique. C\u2019est ainsi d\u2019ailleurs ce que j\u2019ai pu gagner m\u00eame en renomm\u00e9e internationale.<\/span><\/p>\n<p class=\"p2\"><span class=\"s1\"><strong>Alors qu\u2019est-ce qui permet \u00e0 un artiste qui fait dans le chant soufi de se forger une r\u00e9putation internationale ?\u00a0<\/strong><\/span><\/p>\n<p class=\"p2\"><span class=\"s1\">C\u2019est \u00e0 travers mes \u0153uvres. Dans la plupart des concerts que j\u2019anime de par le monde, ce sont des publics \u00e9trangers qui viennent d\u00e9couvrir la culture marocaine riche de par sa musique, litt\u00e9rature, sa science, son histoire. Quand le public apprend qu\u2019un artiste provient du Maroc, notamment de F\u00e8s, il assiste aux concerts pour conna\u00eetre ce style musical. Par l\u2019occasion, j\u2019ai fait des tourn\u00e9es en Inde, en Am\u00e9rique, au Canada, \u00e0 Londres o\u00f9 j\u2019ai pr\u00e9sent\u00e9 le patrimoine marocain andalou et soufi.<\/span><\/p>\n<p class=\"p2\"><span class=\"s1\"><strong>Pourriez-vous nous parler de votre mani\u00e8re de mixer le chant religieux aux rythmes mondiaux ?<\/strong><\/span><\/p>\n<p class=\"p2\"><span class=\"s1\">En fait, le chant soufi et spirituel n\u2019est pas forc\u00e9ment religieux. Il est vrai qu\u2019il a des bases religieuses mais il a une orientation spirituelle et esth\u00e9tique. C\u2019est cela le soufisme puisqu\u2019il allie la seigneurie<span class=\"Apple-converted-space\">\u00a0<\/span> \u00e0 l\u2019esth\u00e9tique. C\u2019est cette esth\u00e9tique que je prends de ce soufisme en le glissant dans une peau musicale et artistique que le public essaie de savourer. Par exemple, le mixage de civilisations, religions et cultures que nous avons fait en ouverture du festival donne l\u2019id\u00e9e que la musique n\u2019a pas de patrie, de religion et de race d\u00e9termin\u00e9es. C\u2019est ainsi que ces barri\u00e8res sont bris\u00e9es pour mener une exp\u00e9rience spirituelle noble \u00e0 dimension spirituelle.<\/span><\/p>\n<p class=\"p2\"><span class=\"s1\"><strong>Est-ce que le chant soufi fait vivre au Maroc ?<\/strong><\/span><\/p>\n<p class=\"p2\"><span class=\"s1\">L\u00e0, cela devient commercial. En fait cela d\u00e9pend de l\u2019habilet\u00e9 de l\u2019artiste en marketing. Au-del\u00e0 de l\u2019art traditionnel et soufi, plusieurs artistes font des singles de jeunesse, par contre certains ont une renomm\u00e9e par rapport \u00e0 d\u2019autres de par la cr\u00e9ativit\u00e9 et la mani\u00e8re de transmettre le style musical au public. Par contre, au Maroc il y a un public qui a un go\u00fbt noble et s\u2019int\u00e9resse \u00e0 cet art qui n\u2019est pas \u00e9litiste mais qui vit parmi nous dans diff\u00e9rents domaines et temps.<\/span><\/p>\n<p>Auteur: Salima Guisser<br \/>\n<a href=\"http:\/\/aujourdhui.ma\/culture\/musique\/marouane-hajji-je-ne-fais-pas-lart-pour-gagner-de-largent\">Cliquez ici pour lire l&rsquo;article depuis sa source.<\/a><\/p>\n","protected":false},"excerpt":{"rendered":"<p>Entretien avec Marouane Hajji, chanteur marocain Marouane Hajji a interpr\u00e9t\u00e9 les po\u00e8mes d\u2019Abu Hassan Al Shushtari \u00e0 l\u2019ouverture du 12\u00e8me Festival de F\u00e8s de la culture soufie qui se tient jusqu\u2019au 26 octobre. Rencontr\u00e9 directement apr\u00e8s son concert, l\u2019artiste se livre au jeu des questions-r\u00e9ponses sans ambages. Il s\u2019exprime \u00e9galement sur ses participations \u00e0 ce [&hellip;]<\/p>\n","protected":false},"author":1759,"featured_media":0,"comment_status":"closed","ping_status":"closed","sticky":false,"template":"","format":"standard","meta":{"fifu_image_url":"","fifu_image_alt":"","footnotes":""},"categories":[73,54],"tags":[],"class_list":["post-65481","post","type-post","status-publish","format-standard","hentry","category-actualite","category-maroc"],"_links":{"self":[{"href":"https:\/\/linitiative.ca\/International\/wp-json\/wp\/v2\/posts\/65481","targetHints":{"allow":["GET"]}}],"collection":[{"href":"https:\/\/linitiative.ca\/International\/wp-json\/wp\/v2\/posts"}],"about":[{"href":"https:\/\/linitiative.ca\/International\/wp-json\/wp\/v2\/types\/post"}],"author":[{"embeddable":true,"href":"https:\/\/linitiative.ca\/International\/wp-json\/wp\/v2\/users\/1759"}],"replies":[{"embeddable":true,"href":"https:\/\/linitiative.ca\/International\/wp-json\/wp\/v2\/comments?post=65481"}],"version-history":[{"count":0,"href":"https:\/\/linitiative.ca\/International\/wp-json\/wp\/v2\/posts\/65481\/revisions"}],"wp:attachment":[{"href":"https:\/\/linitiative.ca\/International\/wp-json\/wp\/v2\/media?parent=65481"}],"wp:term":[{"taxonomy":"category","embeddable":true,"href":"https:\/\/linitiative.ca\/International\/wp-json\/wp\/v2\/categories?post=65481"},{"taxonomy":"post_tag","embeddable":true,"href":"https:\/\/linitiative.ca\/International\/wp-json\/wp\/v2\/tags?post=65481"}],"curies":[{"name":"wp","href":"https:\/\/api.w.org\/{rel}","templated":true}]}}