{"id":65482,"date":"2019-10-25T10:40:15","date_gmt":"2019-10-25T14:40:15","guid":{"rendered":"https:\/\/linitiative.ca\/International\/1er-forum-des-instances-consultatives-regionales-a-tanger-la-democratie-participative-en-debat\/"},"modified":"2019-10-25T10:40:15","modified_gmt":"2019-10-25T14:40:15","slug":"1er-forum-des-instances-consultatives-regionales-a-tanger-la-democratie-participative-en-debat","status":"publish","type":"post","link":"https:\/\/linitiative.ca\/International\/1er-forum-des-instances-consultatives-regionales-a-tanger-la-democratie-participative-en-debat\/","title":{"rendered":"1er Forum des instances consultatives r\u00e9gionales  \u00e0 Tanger : La d\u00e9mocratie participative en d\u00e9bat"},"content":{"rendered":"<p><img decoding=\"async\" class=\"post_layout_5_img\" src=\"http:\/\/aujourdhui.ma\/wp-content\/uploads\/2019\/10\/Forum-des-instances-consultatives-des-conseils-re%CC%81gionaux-du-Maroc.jpg?x29840\" alt=\"1er Forum des instances consultatives r\u00e9gionales \u00e0 Tanger : La d\u00e9mocratie participative en d\u00e9bat\"\/><\/p>\n<p class=\"p1\"><span class=\"c4\"><strong><em>Experts, \u00e9lus r\u00e9gionaux et repr\u00e9sentants de la soci\u00e9t\u00e9 civile y prennent part<\/em><\/strong><\/span><span id=\"more-321394\"\/><\/p>\n<p class=\"p1\"><span class=\"s1\">La ville de Tanger a \u00e9t\u00e9 choisie pour accueillir le premier Forum des instances consultatives des conseils r\u00e9gionaux du Maroc, dont les travaux auront lieu, samedi 26 octobre, sous le th\u00e8me \u00abLes instances consultatives r\u00e9gionales et le pari de participation au processus de d\u00e9veloppement\u00bb. Initi\u00e9 par le conseil r\u00e9gional de Tanger-T\u00e9touan-Al Hoceima en partenariat avec le programme Tacharoc, ce forum pr\u00e9voit de r\u00e9unir des experts, des membres de ces instances (au niveau des 12 r\u00e9gions), des \u00e9lus r\u00e9gionaux ainsi que des repr\u00e9sentants de la soci\u00e9t\u00e9 civile pour discuter de divers aspects li\u00e9s \u00e0 la d\u00e9mocratie participative. Cet \u00e9v\u00e9nement se veut <em>\u00abun espace d\u2019apprentissage et d\u2019\u00e9change entre toutes les diff\u00e9rentes instances consultatives au niveau r\u00e9gional autour des th\u00e9matiques relatives \u00e0 l\u2019op\u00e9rationnalisation de leur r\u00f4le constitutionnel\u00bb,<\/em> selon les organisateurs.<\/span><\/p>\n<p class=\"p1\"><span class=\"s1\">Lors de ce premier forum, les participants passeront en revue l\u2019\u00e9tat des lieux des instances consultatives r\u00e9gionales dans l\u2019exercice de leurs missions. Ils discuteront des moyens d\u2019accompagnement des ces instances tout en cherchant \u00e0 promouvoir les liens de coop\u00e9ration entre elles.<\/span><\/p>\n<p class=\"p1\"><span class=\"s1\">Ce premier forum \u2013 qui se veut un rendez-vous annuel \u2013 sera l\u2019occasion de rappeler que dans le cadre de l\u2019am\u00e9lioration de son implication dans le d\u00e9veloppement de son territoire, chaque conseil r\u00e9gional s\u2019est dot\u00e9 de trois instances consultatives, et ce conform\u00e9ment \u00e0 la loi organique n\u00b0 111-14 (du 7 juillet 2015) relative \u00e0 l\u2019organisation des r\u00e9gions. Elles sont d\u00e9finies, toutes les trois, comme des m\u00e9canismes participatifs de dialogue et de consultation pour g\u00e9rer la contribution des citoyens et des associations dans la pr\u00e9paration et le suivi des programmes de d\u00e9veloppement. La premi\u00e8re instance consultative travaille en partenariat avec les repr\u00e9sentants de la soci\u00e9t\u00e9 civile ayant pour mission l\u2019\u00e9tude des probl\u00e9matiques r\u00e9gionales li\u00e9es \u00e0 l\u2019instauration des principes d\u2019\u00e9quit\u00e9, d\u2019\u00e9galit\u00e9 des chances et de l\u2019approche<\/span> <span class=\"s2\">genre. La deuxi\u00e8me avec la jeunesse de la r\u00e9gion est charg\u00e9e de l\u2019\u00e9tude des questions et des pr\u00e9occupations des jeunes. Alors que la troisi\u00e8me instance consultative est en partenariat avec les op\u00e9rateurs \u00e9conomiques qui s\u2019occupent de l\u2019\u00e9tude des affaires r\u00e9gionales de nature \u00e9conomique.<\/span><\/p>\n<p class=\"p1\"><span class=\"s2\">Financ\u00e9 par le gouvernement britannique, le programme Tacharoc travaille avec la r\u00e9gion Tanger-T\u00e9touan-Al Hoceima sur un ambitieux projet visant, entre autres, le renforcement des capacit\u00e9s des acteurs r\u00e9gionaux pour s\u2019acquitter au mieux du r\u00f4le qui leur a \u00e9t\u00e9 attribu\u00e9 dans le cadre de la loi organique 111.14. Il s\u2019agit \u00e9galement de la consolidation et le d\u00e9veloppement des m\u00e9canismes de collaboration, de concertation et de participation citoyenne entre le conseil de la r\u00e9gion et les autres acteurs r\u00e9gionaux (soci\u00e9t\u00e9 civile,\u2026) ainsi que la mise en \u0153uvre d\u2019une strat\u00e9gie de communication susceptible de servir comme levier pour le succ\u00e8s du d\u00e9veloppement r\u00e9gional.<\/span><\/p>\n<p>Auteur: ALM<br \/>\n<a href=\"http:\/\/aujourdhui.ma\/societe\/1er-forum-des-instances-consultatives-regionales-a-tanger-la-democratie-participative-en-debat\">Cliquez ici pour lire l&rsquo;article depuis sa source.<\/a><\/p>\n","protected":false},"excerpt":{"rendered":"<p>Experts, \u00e9lus r\u00e9gionaux et repr\u00e9sentants de la soci\u00e9t\u00e9 civile y prennent part La ville de Tanger a \u00e9t\u00e9 choisie pour accueillir le premier Forum des instances consultatives des conseils r\u00e9gionaux du Maroc, dont les travaux auront lieu, samedi 26 octobre, sous le th\u00e8me \u00abLes instances consultatives r\u00e9gionales et le pari de participation au processus de [&hellip;]<\/p>\n","protected":false},"author":1759,"featured_media":0,"comment_status":"closed","ping_status":"closed","sticky":false,"template":"","format":"standard","meta":{"fifu_image_url":"","fifu_image_alt":"","footnotes":""},"categories":[73,54],"tags":[],"class_list":["post-65482","post","type-post","status-publish","format-standard","hentry","category-actualite","category-maroc"],"_links":{"self":[{"href":"https:\/\/linitiative.ca\/International\/wp-json\/wp\/v2\/posts\/65482","targetHints":{"allow":["GET"]}}],"collection":[{"href":"https:\/\/linitiative.ca\/International\/wp-json\/wp\/v2\/posts"}],"about":[{"href":"https:\/\/linitiative.ca\/International\/wp-json\/wp\/v2\/types\/post"}],"author":[{"embeddable":true,"href":"https:\/\/linitiative.ca\/International\/wp-json\/wp\/v2\/users\/1759"}],"replies":[{"embeddable":true,"href":"https:\/\/linitiative.ca\/International\/wp-json\/wp\/v2\/comments?post=65482"}],"version-history":[{"count":0,"href":"https:\/\/linitiative.ca\/International\/wp-json\/wp\/v2\/posts\/65482\/revisions"}],"wp:attachment":[{"href":"https:\/\/linitiative.ca\/International\/wp-json\/wp\/v2\/media?parent=65482"}],"wp:term":[{"taxonomy":"category","embeddable":true,"href":"https:\/\/linitiative.ca\/International\/wp-json\/wp\/v2\/categories?post=65482"},{"taxonomy":"post_tag","embeddable":true,"href":"https:\/\/linitiative.ca\/International\/wp-json\/wp\/v2\/tags?post=65482"}],"curies":[{"name":"wp","href":"https:\/\/api.w.org\/{rel}","templated":true}]}}