{"id":65487,"date":"2019-10-25T09:49:16","date_gmt":"2019-10-25T13:49:16","guid":{"rendered":"https:\/\/linitiative.ca\/International\/affaire-d-harcelement-sexuel-le-depute-ne-peut-pas-invoquer-limmunite\/"},"modified":"2019-10-25T09:49:16","modified_gmt":"2019-10-25T13:49:16","slug":"affaire-d-harcelement-sexuel-le-depute-ne-peut-pas-invoquer-limmunite","status":"publish","type":"post","link":"https:\/\/linitiative.ca\/International\/affaire-d-harcelement-sexuel-le-depute-ne-peut-pas-invoquer-limmunite\/","title":{"rendered":"Affaire d harc\u00e8lement sexuel :  Le d\u00e9put\u00e9 ne peut pas invoquer l\u2019immunit\u00e9"},"content":{"rendered":"<p>\u00ab Le d\u00e9put\u00e9 suspect\u00e9 d\u2019exhibition et de harc\u00e8lement sexuel sur une \u00e9l\u00e8ve, ne peut pas \u00e9chapper<br \/>\u00e0 la justice en invoquant l\u2019immunit\u00e9 parlementaire \u00bb, ont d\u00e9clar\u00e9 des avocats formant le<br \/>collectif de d\u00e9fense de la partie accusatrice \u00bb, lors d\u2019une conf\u00e9rence de presse tenue par des<br \/>associations contre le harc\u00e8lement sexuel au si\u00e8ge de l\u2019association \u00ab Aswat Nissaa \u00bb (Voix de<br \/>femmes).<br \/>L\u2019avocate Naima Chabouh a expliqu\u00e9 que l\u2019article 68 de la Constitution de 2014, \u00e9nonce<br \/>clairement que l\u2019immunit\u00e9 civile et p\u00e9nale concerne uniquement les opinions et les<br \/>propositions \u00e9mises, ou les actes accomplis en rapport avec les fonctions parlementaires du<br \/>d\u00e9put\u00e9, et ne concerne pas sa vie priv\u00e9e \u00bb.<br \/>Elle a soulign\u00e9 que le suspect n\u2019avait pas encore pris ses fonctions de d\u00e9put\u00e9 d\u2019une mani\u00e8re<br \/>officielle, ni pr\u00eat\u00e9 serment, et ne peut pas en cons\u00e9quence b\u00e9n\u00e9ficier d\u2019une immunit\u00e9<br \/>parlementaire avant sa prise de fonction en tant que d\u00e9put\u00e9.<br \/>L\u2019avocate a dans ce contexte exprim\u00e9 ses craintes de voir le suspect \u00ab user de l\u2019immunit\u00e9<br \/>comme bouclier pour \u00e9chapper \u00e0 la justice \u00bb surtout que le r\u00e8glement interne du Parlement<br \/>ainsi que la pratique en vigueur, \u00e9largissent le champs d\u2019application de l\u2019immunit\u00e9, \u00e0 la vie<br \/>priv\u00e9 des d\u00e9put\u00e9s et aux actes accomplis en dehors des fonctions parlementaires, engendrant<\/p>\n<p>la suspension des proc\u00e9dures d\u2019enqu\u00eate et des poursuites pendant cinq ans, dur\u00e9e du mandat<br \/>\u00e9lectif.<br \/>Chabouh a encore indiqu\u00e9 que le collectif d\u2019avocats en charge de cette affaire avait demand\u00e9<br \/>l\u2019acc\u00e9l\u00e9ration des proc\u00e9dures judiciaires afin que ce dossier soit trait\u00e9 \u00ab dans des d\u00e9lais<br \/>raisonnables pour garantir un proc\u00e8s \u00e9quitable aux deux parties \u00bb.<br \/>De son c\u00f4t\u00e9, l\u2019avocat Mohamed Chahdi a pr\u00e9cis\u00e9 que le procureur g\u00e9n\u00e9ral a \u00e9t\u00e9 saisi de<br \/>l\u2019affaire apr\u00e8s que des \u00ab photos compromettantes \u00bb du suspect, qui avaient \u00e9t\u00e9 prises par la<br \/>plaignante, aient circul\u00e9 sur les r\u00e9seaux sociaux, et a d\u00e9cid\u00e9, apr\u00e8s audition des deux parties,<br \/>de retenir les deux chefs d\u2019accusation, de le harc\u00e8lement sexuel et de l\u2019atteinte \u00e0 la pudeur \u00bb.<br \/>Il a ajout\u00e9 qu\u2019apr\u00e8s le transfert du dossier dans son int\u00e9gralit\u00e9 au procureur de la r\u00e9publique<br \/>pr\u00e8s le tribunal de premi\u00e8re instance de Nabeul, ce dernier avait confi\u00e9 ce dossier au juge<br \/>d\u2019instruction \u00ab pour approfondir l\u2019enqu\u00eate \u00bb, a-t-il dit, d\u00e9non\u00e7ant cette d\u00e9cision qui selon lui, \u00ab a<br \/>fait fi des \u00e9l\u00e9ments de preuves.<br \/>Chahdi a rappel\u00e9 dans ce contexte que l\u2019article 226-III du Code p\u00e9nal pr\u00e9cise que le<br \/>harc\u00e8lement sexuel ne s\u2019\u00e9tablit pas uniquement \u00e0 travers la parole mais \u00e9galement \u00e0 travers les<br \/>gestes et les insinuations, faisant savoir que la sanction a \u00e9t\u00e9, dans ce cas de figure, fix\u00e9e \u00e0<br \/>deux ans d\u2019emprisonnement et \u00e0 quatre ans dans le cas o\u00f9 la victime \u00e9tait un enfant ou si le<br \/>suspect a autorit\u00e9 sur la victime.<br \/>A rappeler que cette affaire s\u2019est d\u00e9clench\u00e9e lorsque des photos d\u2019un candidat aux l\u00e9gislatives,<br \/>\u00e9lu sur la circonscription Nabeul 2, le montraient dans \u00ab une situation compromettante \u00bb dans<br \/>une voiture devant un lyc\u00e9e \u00e0 Dar Chaabane El Fehri relevant du gouvernorat de Nabeul. Il<br \/>s\u2019est av\u00e9r\u00e9 par la suite que les photos avaient \u00e9t\u00e9 prises par une \u00e9l\u00e8ve de 18 ans \u00ab aux fins de<br \/>prouver qu\u2019elle ait \u00e9t\u00e9 victime de harc\u00e8lement sexuel \u00bb.<\/p>\n<p class=\"dpsp-share-text\">Partager c&rsquo;est aimer!<\/p>\n<div class=\"wp-post-author-wrap wp-post-author-shortcode left\">\n<h3 class=\"awpa-title\"\/>\n<div class=\"wp-post-author\">\n<div class=\"awpa-img awpa-author-block square\"><a href=\"http:\/\/lexpertjournal.net\/fr\/author\/expert\/\"><img loading=\"lazy\" decoding=\"async\" alt=\"\" src=\"http:\/\/2.gravatar.com\/avatar\/56d99be2a6f97af88ccb49fada637fcd?s=150&#038;d=mm&#038;r=g\" srcset=\"http:\/\/2.gravatar.com\/avatar\/56d99be2a6f97af88ccb49fada637fcd?s=300&#038;d=mm&#038;r=g 2x\" class=\"avatar avatar-150 photo\" height=\"150\" width=\"150\"\/><\/a><\/div>\n<\/div>\n<\/div>\n<p>Auteur: L&rsquo;expert<br \/>\n<a href=\"http:\/\/lexpertjournal.net\/fr\/2019\/10\/25\/affaire-d-harcelement-sexuel-le-depute-ne-peut-pas-invoquer-limmunite\/\">Cliquez ici pour lire l&rsquo;article depuis sa source.<\/a><\/p>\n","protected":false},"excerpt":{"rendered":"<p>\u00ab Le d\u00e9put\u00e9 suspect\u00e9 d\u2019exhibition et de harc\u00e8lement sexuel sur une \u00e9l\u00e8ve, ne peut pas \u00e9chapper\u00e0 la justice en invoquant l\u2019immunit\u00e9 parlementaire \u00bb, ont d\u00e9clar\u00e9 des avocats formant lecollectif de d\u00e9fense de la partie accusatrice \u00bb, lors d\u2019une conf\u00e9rence de presse tenue par desassociations contre le harc\u00e8lement sexuel au si\u00e8ge de l\u2019association \u00ab Aswat Nissaa [&hellip;]<\/p>\n","protected":false},"author":1775,"featured_media":0,"comment_status":"closed","ping_status":"closed","sticky":false,"template":"","format":"standard","meta":{"fifu_image_url":"","fifu_image_alt":"","footnotes":""},"categories":[78,55],"tags":[],"class_list":["post-65487","post","type-post","status-publish","format-standard","hentry","category-economie","category-tunisie"],"_links":{"self":[{"href":"https:\/\/linitiative.ca\/International\/wp-json\/wp\/v2\/posts\/65487","targetHints":{"allow":["GET"]}}],"collection":[{"href":"https:\/\/linitiative.ca\/International\/wp-json\/wp\/v2\/posts"}],"about":[{"href":"https:\/\/linitiative.ca\/International\/wp-json\/wp\/v2\/types\/post"}],"author":[{"embeddable":true,"href":"https:\/\/linitiative.ca\/International\/wp-json\/wp\/v2\/users\/1775"}],"replies":[{"embeddable":true,"href":"https:\/\/linitiative.ca\/International\/wp-json\/wp\/v2\/comments?post=65487"}],"version-history":[{"count":0,"href":"https:\/\/linitiative.ca\/International\/wp-json\/wp\/v2\/posts\/65487\/revisions"}],"wp:attachment":[{"href":"https:\/\/linitiative.ca\/International\/wp-json\/wp\/v2\/media?parent=65487"}],"wp:term":[{"taxonomy":"category","embeddable":true,"href":"https:\/\/linitiative.ca\/International\/wp-json\/wp\/v2\/categories?post=65487"},{"taxonomy":"post_tag","embeddable":true,"href":"https:\/\/linitiative.ca\/International\/wp-json\/wp\/v2\/tags?post=65487"}],"curies":[{"name":"wp","href":"https:\/\/api.w.org\/{rel}","templated":true}]}}