{"id":65489,"date":"2019-10-25T09:53:49","date_gmt":"2019-10-25T13:53:49","guid":{"rendered":"https:\/\/linitiative.ca\/International\/financement-des-exportations-creation-dune-commission-consultative-de-garantie-des-credits\/"},"modified":"2019-10-25T09:53:49","modified_gmt":"2019-10-25T13:53:49","slug":"financement-des-exportations-creation-dune-commission-consultative-de-garantie-des-credits","status":"publish","type":"post","link":"https:\/\/linitiative.ca\/International\/financement-des-exportations-creation-dune-commission-consultative-de-garantie-des-credits\/","title":{"rendered":"Financement des exportations :  Cr\u00e9ation d\u2019une commission consultative de garantie des cr\u00e9dits"},"content":{"rendered":"<p class=\"c1\">Une commission consultative de garantie des cr\u00e9dits de financement des exportations a \u00e9t\u00e9<br \/>cr\u00e9\u00e9e pour d\u00e9terminer les orientations strat\u00e9giques du Fonds de garantie de financement des<br \/>exportations.<br \/>Cette commission, dont la composition a \u00e9t\u00e9 fix\u00e9e par le JORT num\u00e9ro 85 de l\u2019ann\u00e9e 2019,<br \/>sera charg\u00e9e de l\u2019examen des demandes de garantie des risques couverts par le fonds et les<br \/>demandes de d\u00e9dommagement des pertes qui en r\u00e9sulte.<br \/>Le fonds de garantie de financement des exportations avant exp\u00e9dition est charg\u00e9 de garantir<br \/>les cr\u00e9dits de financement des exportations avant exp\u00e9dition et les garanties accord\u00e9es par les<br \/>banques au profit des entreprises.<br \/>Le fonds couvre les risques li\u00e9s au non-paiement des cr\u00e9dits de financement des exportations<br \/>avant exp\u00e9dition et les garanties accord\u00e9es aux entreprises exportatrices au titre des<br \/>exportations r\u00e9alis\u00e9es \u00e0 partir de la Tunisie.<br \/>La commission est appel\u00e9e \u00e0 se r\u00e9unir p\u00e9riodiquement, au moins quatre fois par an.<\/p>\n<p class=\"dpsp-share-text\">Partager c&rsquo;est aimer!<\/p>\n<div class=\"wp-post-author-wrap wp-post-author-shortcode left\">\n<h3 class=\"awpa-title\"\/>\n<div class=\"wp-post-author\">\n<div class=\"awpa-img awpa-author-block square\"><a href=\"http:\/\/lexpertjournal.net\/fr\/author\/expert\/\"><img loading=\"lazy\" decoding=\"async\" alt=\"\" src=\"http:\/\/2.gravatar.com\/avatar\/56d99be2a6f97af88ccb49fada637fcd?s=150&#038;d=mm&#038;r=g\" srcset=\"http:\/\/2.gravatar.com\/avatar\/56d99be2a6f97af88ccb49fada637fcd?s=300&#038;d=mm&#038;r=g 2x\" class=\"avatar avatar-150 photo\" height=\"150\" width=\"150\"\/><\/a><\/div>\n<\/div>\n<\/div>\n<p>Auteur: L&rsquo;expert<br \/>\n<a href=\"http:\/\/lexpertjournal.net\/fr\/2019\/10\/25\/financement-des-exportations-creation-dune-commission-consultative-de-garantie-des-credits\/\">Cliquez ici pour lire l&rsquo;article depuis sa source.<\/a><\/p>\n","protected":false},"excerpt":{"rendered":"<p>Une commission consultative de garantie des cr\u00e9dits de financement des exportations a \u00e9t\u00e9cr\u00e9\u00e9e pour d\u00e9terminer les orientations strat\u00e9giques du Fonds de garantie de financement desexportations.Cette commission, dont la composition a \u00e9t\u00e9 fix\u00e9e par le JORT num\u00e9ro 85 de l\u2019ann\u00e9e 2019,sera charg\u00e9e de l\u2019examen des demandes de garantie des risques couverts par le fonds et lesdemandes [&hellip;]<\/p>\n","protected":false},"author":1775,"featured_media":0,"comment_status":"closed","ping_status":"closed","sticky":false,"template":"","format":"standard","meta":{"fifu_image_url":"","fifu_image_alt":"","footnotes":""},"categories":[78,55],"tags":[],"class_list":["post-65489","post","type-post","status-publish","format-standard","hentry","category-economie","category-tunisie"],"_links":{"self":[{"href":"https:\/\/linitiative.ca\/International\/wp-json\/wp\/v2\/posts\/65489","targetHints":{"allow":["GET"]}}],"collection":[{"href":"https:\/\/linitiative.ca\/International\/wp-json\/wp\/v2\/posts"}],"about":[{"href":"https:\/\/linitiative.ca\/International\/wp-json\/wp\/v2\/types\/post"}],"author":[{"embeddable":true,"href":"https:\/\/linitiative.ca\/International\/wp-json\/wp\/v2\/users\/1775"}],"replies":[{"embeddable":true,"href":"https:\/\/linitiative.ca\/International\/wp-json\/wp\/v2\/comments?post=65489"}],"version-history":[{"count":0,"href":"https:\/\/linitiative.ca\/International\/wp-json\/wp\/v2\/posts\/65489\/revisions"}],"wp:attachment":[{"href":"https:\/\/linitiative.ca\/International\/wp-json\/wp\/v2\/media?parent=65489"}],"wp:term":[{"taxonomy":"category","embeddable":true,"href":"https:\/\/linitiative.ca\/International\/wp-json\/wp\/v2\/categories?post=65489"},{"taxonomy":"post_tag","embeddable":true,"href":"https:\/\/linitiative.ca\/International\/wp-json\/wp\/v2\/tags?post=65489"}],"curies":[{"name":"wp","href":"https:\/\/api.w.org\/{rel}","templated":true}]}}