{"id":65490,"date":"2019-10-25T09:57:24","date_gmt":"2019-10-25T13:57:24","guid":{"rendered":"https:\/\/linitiative.ca\/International\/secteur-agricole-baisse-de-318-des-investissements-prives-approuves\/"},"modified":"2019-10-25T09:57:24","modified_gmt":"2019-10-25T13:57:24","slug":"secteur-agricole-baisse-de-318-des-investissements-prives-approuves","status":"publish","type":"post","link":"https:\/\/linitiative.ca\/International\/secteur-agricole-baisse-de-318-des-investissements-prives-approuves\/","title":{"rendered":"Secteur agricole :  Baisse de 31,8% des investissements priv\u00e9s approuv\u00e9s"},"content":{"rendered":"<p>Les investissements agricoles priv\u00e9s approuv\u00e9s ont r\u00e9gress\u00e9 de 31,8% en termes du nombre<br \/>(2647) et de 23,6% en valeur (358,7 Millions de Dinars), au cours des neuf premiers mois de<br \/>2019 pour atteindre 2647 actions.<br \/>Ces investissements permettront la cr\u00e9ation de 3393 emplois permanents, dont 184 emplois au<br \/>profit des dipl\u00f4m\u00e9s du sup\u00e9rieur, selon les donn\u00e9es de l\u2019Agence de Promotion des<br \/>Investissements Agricoles (APIA).<br \/>Il s\u2019agit \u00e9galement de l\u2019approbation de l\u2019acquisition de 1181 tracteurs (68,5 MD), contre 2303<br \/>(147,3 MD), au cours de la m\u00eame p\u00e9riode de 2018, d\u2019o\u00f9 la baisse des investissements dans le<br \/>machinisme agricole \u00e0 21,3%, contre 31,1%.<br \/>Les op\u00e9rations d\u2019investissement d\u00e9clar\u00e9es, au cours des neuf premiers mois de 2019 ont<br \/>atteint Environ 5643 contre 6526 op\u00e9rations d\u2019une valeur de 1095,3 MD, lors de la m\u00eame<br \/>p\u00e9riode de 2018.<br \/>L\u2019APIA a donn\u00e9 3300 ordres d\u2019encaissement de primes d\u2019une valeur de 83,9 MD, contre<br \/>3500 Ordres durant toute l\u2019ann\u00e9e de 2018 (65,3 MD) et 4950 ordres, en 2017.<br \/>Les investissements des SMVDA (Soci\u00e9t\u00e9s de Mise en Valeur et de D\u00e9veloppement Agricole)<br \/>ont augment\u00e9 pour s\u2019\u00e9tablir \u00e0 53,8 MD, contre 20,1 MD, au cours de la m\u00eame p\u00e9riode de<br \/>l\u2019ann\u00e9e \u00e9coul\u00e9e. Cette croissance est due au d\u00e9marrage de la concr\u00e9tisation des projets des<br \/>promoteurs b\u00e9n\u00e9ficiaires des terres domaniales dans le cadre de la liste 36.<\/p>\n<p>B\u00e9ja :<br \/>4e session du festival des Grenades \u00e0 Testour<br \/>Un colloque autour du th\u00e8me \u00ab Investir dans la culture du grenadier \u00bb a \u00e9t\u00e9 organis\u00e9, jeudi, \u00e0 la<br \/>maison de la culture Habiba Msika \u00e0 Testour (gouvernorat de B\u00e9ja).<br \/>Cette rencontre s\u2019inscrit dans le cadre la tenue de la 4e session du festival des Grenades \u00e0<br \/>Testour du 24 au 27 octobre 2019 avec la participation de 40 exposants.<\/p>\n<p>Elle a pour objectif d\u2019encourager les agriculteurs et les promoteurs \u00e0 investir dans la culture<br \/>de cet arabe fruitier, \u00e0 identifier les moyens d\u2019am\u00e9liorer le rendement de cette activit\u00e9 et de<br \/>chercher des circuits \u00e0 l\u2019export.<br \/>Durant le festival, les visiteurs pourront acheter les grenades dans un march\u00e9 directement du<br \/>producteur au consommateur, savourer le jus de grenade et s\u2019informer de la culture du<br \/>grenadier et ses bienfaits culinaires et m\u00e9dicaux.<br \/>Des animations artistiques diverses seront \u00e9galement propos\u00e9es au public pendant le festival.<\/p>\n<p class=\"dpsp-share-text\">Partager c&rsquo;est aimer!<\/p>\n<div class=\"wp-post-author-wrap wp-post-author-shortcode left\">\n<h3 class=\"awpa-title\"\/>\n<div class=\"wp-post-author\">\n<div class=\"awpa-img awpa-author-block square\"><a href=\"http:\/\/lexpertjournal.net\/fr\/author\/expert\/\"><img loading=\"lazy\" decoding=\"async\" alt=\"\" src=\"http:\/\/2.gravatar.com\/avatar\/56d99be2a6f97af88ccb49fada637fcd?s=150&#038;d=mm&#038;r=g\" srcset=\"http:\/\/2.gravatar.com\/avatar\/56d99be2a6f97af88ccb49fada637fcd?s=300&#038;d=mm&#038;r=g 2x\" class=\"avatar avatar-150 photo\" height=\"150\" width=\"150\"\/><\/a><\/div>\n<\/div>\n<\/div>\n<p>Auteur: L&rsquo;expert<br \/>\n<a href=\"http:\/\/lexpertjournal.net\/fr\/2019\/10\/25\/secteur-agricole-baisse-de-318-des-investissements-prives-approuves\/\">Cliquez ici pour lire l&rsquo;article depuis sa source.<\/a><\/p>\n","protected":false},"excerpt":{"rendered":"<p>Les investissements agricoles priv\u00e9s approuv\u00e9s ont r\u00e9gress\u00e9 de 31,8% en termes du nombre(2647) et de 23,6% en valeur (358,7 Millions de Dinars), au cours des neuf premiers mois de2019 pour atteindre 2647 actions.Ces investissements permettront la cr\u00e9ation de 3393 emplois permanents, dont 184 emplois auprofit des dipl\u00f4m\u00e9s du sup\u00e9rieur, selon les donn\u00e9es de l\u2019Agence de [&hellip;]<\/p>\n","protected":false},"author":1775,"featured_media":0,"comment_status":"closed","ping_status":"closed","sticky":false,"template":"","format":"standard","meta":{"fifu_image_url":"","fifu_image_alt":"","footnotes":""},"categories":[78,55],"tags":[],"class_list":["post-65490","post","type-post","status-publish","format-standard","hentry","category-economie","category-tunisie"],"_links":{"self":[{"href":"https:\/\/linitiative.ca\/International\/wp-json\/wp\/v2\/posts\/65490","targetHints":{"allow":["GET"]}}],"collection":[{"href":"https:\/\/linitiative.ca\/International\/wp-json\/wp\/v2\/posts"}],"about":[{"href":"https:\/\/linitiative.ca\/International\/wp-json\/wp\/v2\/types\/post"}],"author":[{"embeddable":true,"href":"https:\/\/linitiative.ca\/International\/wp-json\/wp\/v2\/users\/1775"}],"replies":[{"embeddable":true,"href":"https:\/\/linitiative.ca\/International\/wp-json\/wp\/v2\/comments?post=65490"}],"version-history":[{"count":0,"href":"https:\/\/linitiative.ca\/International\/wp-json\/wp\/v2\/posts\/65490\/revisions"}],"wp:attachment":[{"href":"https:\/\/linitiative.ca\/International\/wp-json\/wp\/v2\/media?parent=65490"}],"wp:term":[{"taxonomy":"category","embeddable":true,"href":"https:\/\/linitiative.ca\/International\/wp-json\/wp\/v2\/categories?post=65490"},{"taxonomy":"post_tag","embeddable":true,"href":"https:\/\/linitiative.ca\/International\/wp-json\/wp\/v2\/tags?post=65490"}],"curies":[{"name":"wp","href":"https:\/\/api.w.org\/{rel}","templated":true}]}}