{"id":65493,"date":"2019-10-25T06:23:00","date_gmt":"2019-10-25T10:23:00","guid":{"rendered":"https:\/\/linitiative.ca\/International\/averses-de-pluie-sur-les-wilayas-de-lest-a-partir-de-cet-apres-midi\/"},"modified":"2019-10-25T06:23:00","modified_gmt":"2019-10-25T10:23:00","slug":"averses-de-pluie-sur-les-wilayas-de-lest-a-partir-de-cet-apres-midi","status":"publish","type":"post","link":"https:\/\/linitiative.ca\/International\/averses-de-pluie-sur-les-wilayas-de-lest-a-partir-de-cet-apres-midi\/","title":{"rendered":"Averses de pluie sur les wilayas de l&rsquo;Est \u00e0 partir de cet apr\u00e8s-midi"},"content":{"rendered":"<div id=\"originalText\" readability=\"56\">\n<p>De fr\u00e9quentes averses de pluie affecteront plusieurs wilayas de l&rsquo;Est du pays \u00e0 partir de vendredi apr\u00e8s-midi, selon\u00a0un bulletin m\u00e9t\u00e9orologique sp\u00e9cial (BMS) diffus\u00e9 hier par l&rsquo;Office national de la m\u00e9t\u00e9orologie.<\/p>\n<p>Il s&rsquo;agit des wilayas de Jijel, Skikda, Annaba, El Tarf, o\u00f9 les cumuls estim\u00e9s devraient atteindre ou d\u00e9passer les 80 mm du vendredi 25 octobre \u00e0 12h00 au samedi 26 octobre \u00e0 12h00 au moins, a pr\u00e9cis\u00e9 la source.<\/p>\n<p>Quant aux wilayas de B\u00e9jaia, S\u00e9tif, Mila, Constantine, Guelma Et Souk\u00a0 Ahras, les cumuls pr\u00e9vus atteindront ou d\u00e9passeront les 40 mm, et ce, du vendredi 25 octobre \u00e0 15h00 au samedi 26 octobre \u00e0 15h00 au moins, a-t-on\u00a0 ajout\u00e9.<\/p>\n<\/div>\n<div id=\"text_core\" readability=\"56\">\n<p>De fr\u00e9quentes averses de pluie affecteront plusieurs wilayas de l&rsquo;Est du pays \u00e0 partir de vendredi apr\u00e8s-midi, selon\u00a0un bulletin m\u00e9t\u00e9orologique sp\u00e9cial (BMS) diffus\u00e9 hier par l&rsquo;Office national de la m\u00e9t\u00e9orologie.<\/p>\n<p>Il s&rsquo;agit des wilayas de Jijel, Skikda, Annaba, El Tarf, o\u00f9 les cumuls estim\u00e9s devraient atteindre ou d\u00e9passer les 80 mm du vendredi 25 octobre \u00e0 12h00 au samedi 26 octobre \u00e0 12h00 au moins, a pr\u00e9cis\u00e9 la source.<\/p>\n<p>Quant aux wilayas de B\u00e9jaia, S\u00e9tif, Mila, Constantine, Guelma Et Souk\u00a0 Ahras, les cumuls pr\u00e9vus atteindront ou d\u00e9passeront les 40 mm, et ce, du vendredi 25 octobre \u00e0 15h00 au samedi 26 octobre \u00e0 15h00 au moins, a-t-on\u00a0 ajout\u00e9.<\/p>\n<\/div>\n<p>Auteur:<br \/>\n<a href=\"https:\/\/www.liberte-algerie.com\/actualite\/averses-de-pluie-sur-les-wilayas-de-lest-a-partir-de-cet-apres-midi-326658\">Cliquez ici pour lire l&rsquo;article depuis sa source.<\/a><\/p>\n","protected":false},"excerpt":{"rendered":"<p>De fr\u00e9quentes averses de pluie affecteront plusieurs wilayas de l&rsquo;Est du pays \u00e0 partir de vendredi apr\u00e8s-midi, selon\u00a0un bulletin m\u00e9t\u00e9orologique sp\u00e9cial (BMS) diffus\u00e9 hier par l&rsquo;Office national de la m\u00e9t\u00e9orologie. Il s&rsquo;agit des wilayas de Jijel, Skikda, Annaba, El Tarf, o\u00f9 les cumuls estim\u00e9s devraient atteindre ou d\u00e9passer les 80 mm du vendredi 25 octobre [&hellip;]<\/p>\n","protected":false},"author":1742,"featured_media":0,"comment_status":"closed","ping_status":"closed","sticky":false,"template":"","format":"standard","meta":{"fifu_image_url":"","fifu_image_alt":"","footnotes":""},"categories":[73,53],"tags":[],"class_list":["post-65493","post","type-post","status-publish","format-standard","hentry","category-actualite","category-algerie"],"_links":{"self":[{"href":"https:\/\/linitiative.ca\/International\/wp-json\/wp\/v2\/posts\/65493","targetHints":{"allow":["GET"]}}],"collection":[{"href":"https:\/\/linitiative.ca\/International\/wp-json\/wp\/v2\/posts"}],"about":[{"href":"https:\/\/linitiative.ca\/International\/wp-json\/wp\/v2\/types\/post"}],"author":[{"embeddable":true,"href":"https:\/\/linitiative.ca\/International\/wp-json\/wp\/v2\/users\/1742"}],"replies":[{"embeddable":true,"href":"https:\/\/linitiative.ca\/International\/wp-json\/wp\/v2\/comments?post=65493"}],"version-history":[{"count":0,"href":"https:\/\/linitiative.ca\/International\/wp-json\/wp\/v2\/posts\/65493\/revisions"}],"wp:attachment":[{"href":"https:\/\/linitiative.ca\/International\/wp-json\/wp\/v2\/media?parent=65493"}],"wp:term":[{"taxonomy":"category","embeddable":true,"href":"https:\/\/linitiative.ca\/International\/wp-json\/wp\/v2\/categories?post=65493"},{"taxonomy":"post_tag","embeddable":true,"href":"https:\/\/linitiative.ca\/International\/wp-json\/wp\/v2\/tags?post=65493"}],"curies":[{"name":"wp","href":"https:\/\/api.w.org\/{rel}","templated":true}]}}