{"id":65497,"date":"2019-10-25T09:03:00","date_gmt":"2019-10-25T13:03:00","guid":{"rendered":"https:\/\/linitiative.ca\/International\/rejet-massif-des-elections-presidentielles\/"},"modified":"2019-10-25T09:03:00","modified_gmt":"2019-10-25T13:03:00","slug":"rejet-massif-des-elections-presidentielles","status":"publish","type":"post","link":"https:\/\/linitiative.ca\/International\/rejet-massif-des-elections-presidentielles\/","title":{"rendered":"Rejet massif des \u00e9lections pr\u00e9sidentielles"},"content":{"rendered":"<div id=\"originalText\" readability=\"87\">\n<p>Des milliers d\u2019Alg\u00e9riens ont battu le pav\u00e9 d\u2019Alger, ce vendredi 25 octobre, pour r\u00e9pondre pr\u00e9sents \u00e0 la 36e semaine de manifestation contre le syst\u00e8me et ses symboles.<\/p>\n<p>C\u2019est dans la matin\u00e9e, devant l\u2019habituel dispositif s\u00e9curitaire d\u00e9ploy\u00e9 par les forces de l\u2019ordre, que les premiers rassemblements ont commenc\u00e9 \u00e0 se former, par ci et l\u00e0, notamment, \u00e0 hauteur du quartier Khelifa Boukhalfa. \u00a0Mais c\u2019est \u00e0 partir de midi, qu\u2019une grande foule de manifestants investissait la rue Didouche Mourad en scandant\u00a0: \u00ab\u00a0had l\u2019a\u00e2m\u00a0makach el vote\u00a0\u00bb (cette ann\u00e9e il n\u2019y aura pas de vote).<\/p>\n<p>\u00c0 la veille donc du dernier d\u00e9lai pour le d\u00e9p\u00f4t des dossiers de candidature, les manifestants ont, de nouveau, r\u00e9affirm\u00e9 leur rejet cat\u00e9gorique de\u00a0l&rsquo;\u00e9lection\u00a0pr\u00e9sidentielle\u00a0du 12 d\u00e9cembre, \u00a0en scandant \u00e9galement \u00abmakach el intikhabates ma\u00e2 el issabate\u00a0\u00bb (pas de vote avec la bande mafieuse).<\/p>\n<p><iframe loading=\"lazy\" allowfullscreen=\"true\" allowtransparency=\"true\" frameborder=\"0\" height=\"315\" scrolling=\"no\" src=\"https:\/\/www.facebook.com\/plugins\/video.php?href=https%3A%2F%2Fwww.facebook.com%2FJournaLiberteOfficiel%2Fvideos%2F258485195081940%2F&#038;show_text=0&#038;width=560\" class=\"c10\" width=\"560\">[embedded content]<\/iframe>Sur leurs pancartes comme dans leurs slogans, les protestataires ont aussi r\u00e9it\u00e9r\u00e9 leurs principales revendications, \u00e0 savoir \u00ab\u00a0un \u00c9tat civil et non militaire\u00a0\u00bb, \u00ab\u00a0une justice ind\u00e9pendante\u00a0\u00bb et \u00ab\u00a0la lib\u00e9ration des d\u00e9tenus d\u2019opinion\u00a0\u00bb.<\/p>\n<p>\u00ab\u00a0Atalgou el masajin ma ba\u00e2ouche el coca\u00efne\u00a0\u00bb (lib\u00e9rez les d\u00e9tenus, ils n\u2019ont pas vendu de coca\u00efne), pouvait-on entendre.<\/p>\n<p>\u00c0 une semaine de la comm\u00e9moration du 1er novembre 54, les manifestants, encore plus nombreux dans la rue que vendredi pass\u00e9, ont une nouvelle fois appel\u00e9\u00a0\u00e0 sortir en masse le vendredi prochain, \u00ab\u00a0Allah akbar rahou jay novembre\u00a0\u00bb ont-ils r\u00e9p\u00e9t\u00e9 en ch\u0153ur tout en jurant qu\u2019ils ne vont pas s\u2019arr\u00eater\u00a0de manifester \u00ab\u00a0wallah mana habsin\u00a0\u00bb.<\/p>\n<p><iframe loading=\"lazy\" allow=\"accelerometer; autoplay; encrypted-media; gyroscope; picture-in-picture\" allowfullscreen=\"\" frameborder=\"0\" height=\"315\" src=\"https:\/\/www.youtube.com\/embed\/oKNF8yWuDh0\" width=\"560\">[embedded content]<\/iframe><\/p>\n<p>En d\u00e9but d\u2019apr\u00e8s-midi, les art\u00e8res de la capitale se remplissent au fur et \u00e0 mesure, des milliers de citoyens rejoignent la place embl\u00e9matique du mouvement populaire, l\u2019esplanade de la Grande Poste, tandis que d\u2019autres manifestants continuent d\u2019affluer en provenance de Bab El Oued et de la place des Martyrs. Ils clament fi\u00e8rement \u00ab\u00a0rahoum jaw rahoum jaw, ouled el Casbah, ouled Bab El Oued\u00a0\u00bb.\u00a0\u00a0\u00a0\u00a0\u00a0\u00a0\u00a0\u00a0\u00a0\u00a0\u00a0\u00a0\u00a0\u00a0\u00a0\u00a0\u00a0\u00a0\u00a0\u00a0\u00a0\u00a0\u00a0<\/p>\n<p class=\"c11\"><strong>Sihem Benmalek<\/strong><\/p>\n<\/div>\n<div id=\"text_core\" readability=\"87\">\n<p>Des milliers d\u2019Alg\u00e9riens ont battu le pav\u00e9 d\u2019Alger, ce vendredi 25 octobre, pour r\u00e9pondre pr\u00e9sents \u00e0 la 36e semaine de manifestation contre le syst\u00e8me et ses symboles.<\/p>\n<p>C\u2019est dans la matin\u00e9e, devant l\u2019habituel dispositif s\u00e9curitaire d\u00e9ploy\u00e9 par les forces de l\u2019ordre, que les premiers rassemblements ont commenc\u00e9 \u00e0 se former, par ci et l\u00e0, notamment, \u00e0 hauteur du quartier Khelifa Boukhalfa. \u00a0Mais c\u2019est \u00e0 partir de midi, qu\u2019une grande foule de manifestants investissait la rue Didouche Mourad en scandant\u00a0: \u00ab\u00a0had l\u2019a\u00e2m\u00a0makach el vote\u00a0\u00bb (cette ann\u00e9e il n\u2019y aura pas de vote).<\/p>\n<p>\u00c0 la veille donc du dernier d\u00e9lai pour le d\u00e9p\u00f4t des dossiers de candidature, les manifestants ont, de nouveau, r\u00e9affirm\u00e9 leur rejet cat\u00e9gorique de\u00a0l&rsquo;\u00e9lection\u00a0pr\u00e9sidentielle\u00a0du 12 d\u00e9cembre, \u00a0en scandant \u00e9galement \u00abmakach el intikhabates ma\u00e2 el issabate\u00a0\u00bb (pas de vote avec la bande mafieuse).<\/p>\n<p><iframe loading=\"lazy\" allowfullscreen=\"true\" allowtransparency=\"true\" frameborder=\"0\" height=\"315\" scrolling=\"no\" src=\"https:\/\/www.facebook.com\/plugins\/video.php?href=https%3A%2F%2Fwww.facebook.com%2FJournaLiberteOfficiel%2Fvideos%2F258485195081940%2F&#038;show_text=0&#038;width=560\" class=\"c10\" width=\"560\">[embedded content]<\/iframe>Sur leurs pancartes comme dans leurs slogans, les protestataires ont aussi r\u00e9it\u00e9r\u00e9 leurs principales revendications, \u00e0 savoir \u00ab\u00a0un \u00c9tat civil et non militaire\u00a0\u00bb, \u00ab\u00a0une justice ind\u00e9pendante\u00a0\u00bb et \u00ab\u00a0la lib\u00e9ration des d\u00e9tenus d\u2019opinion\u00a0\u00bb.<\/p>\n<p>\u00ab\u00a0Atalgou el masajin ma ba\u00e2ouche el coca\u00efne\u00a0\u00bb (lib\u00e9rez les d\u00e9tenus, ils n\u2019ont pas vendu de coca\u00efne), pouvait-on entendre.<\/p>\n<p>\u00c0 une semaine de la comm\u00e9moration du 1er novembre 54, les manifestants, encore plus nombreux dans la rue que vendredi pass\u00e9, ont une nouvelle fois appel\u00e9\u00a0\u00e0 sortir en masse le vendredi prochain, \u00ab\u00a0Allah akbar rahou jay novembre\u00a0\u00bb ont-ils r\u00e9p\u00e9t\u00e9 en ch\u0153ur tout en jurant qu\u2019ils ne vont pas s\u2019arr\u00eater\u00a0de manifester \u00ab\u00a0wallah mana habsin\u00a0\u00bb.<\/p>\n<p><iframe loading=\"lazy\" allow=\"accelerometer; autoplay; encrypted-media; gyroscope; picture-in-picture\" allowfullscreen=\"\" frameborder=\"0\" height=\"315\" src=\"https:\/\/www.youtube.com\/embed\/oKNF8yWuDh0\" width=\"560\">[embedded content]<\/iframe><\/p>\n<p>En d\u00e9but d\u2019apr\u00e8s-midi, les art\u00e8res de la capitale se remplissent au fur et \u00e0 mesure, des milliers de citoyens rejoignent la place embl\u00e9matique du mouvement populaire, l\u2019esplanade de la Grande Poste, tandis que d\u2019autres manifestants continuent d\u2019affluer en provenance de Bab El Oued et de la place des Martyrs. Ils clament fi\u00e8rement \u00ab\u00a0rahoum jaw rahoum jaw, ouled el Casbah, ouled Bab El Oued\u00a0\u00bb.\u00a0\u00a0\u00a0\u00a0\u00a0\u00a0\u00a0\u00a0\u00a0\u00a0\u00a0\u00a0\u00a0\u00a0\u00a0\u00a0\u00a0\u00a0\u00a0\u00a0\u00a0\u00a0\u00a0<\/p>\n<p class=\"c11\"><strong>Sihem Benmalek<\/strong><\/p>\n<\/div>\n<p>Auteur:<br \/>\n<a href=\"https:\/\/www.liberte-algerie.com\/actualite\/rejet-massif-des-elections-presidentielles-326660\">Cliquez ici pour lire l&rsquo;article depuis sa source.<\/a><\/p>\n","protected":false},"excerpt":{"rendered":"<p>Des milliers d\u2019Alg\u00e9riens ont battu le pav\u00e9 d\u2019Alger, ce vendredi 25 octobre, pour r\u00e9pondre pr\u00e9sents \u00e0 la 36e semaine de manifestation contre le syst\u00e8me et ses symboles. C\u2019est dans la matin\u00e9e, devant l\u2019habituel dispositif s\u00e9curitaire d\u00e9ploy\u00e9 par les forces de l\u2019ordre, que les premiers rassemblements ont commenc\u00e9 \u00e0 se former, par ci et l\u00e0, notamment, [&hellip;]<\/p>\n","protected":false},"author":1742,"featured_media":0,"comment_status":"closed","ping_status":"closed","sticky":false,"template":"","format":"standard","meta":{"fifu_image_url":"","fifu_image_alt":"","footnotes":""},"categories":[73,53],"tags":[],"class_list":["post-65497","post","type-post","status-publish","format-standard","hentry","category-actualite","category-algerie"],"_links":{"self":[{"href":"https:\/\/linitiative.ca\/International\/wp-json\/wp\/v2\/posts\/65497","targetHints":{"allow":["GET"]}}],"collection":[{"href":"https:\/\/linitiative.ca\/International\/wp-json\/wp\/v2\/posts"}],"about":[{"href":"https:\/\/linitiative.ca\/International\/wp-json\/wp\/v2\/types\/post"}],"author":[{"embeddable":true,"href":"https:\/\/linitiative.ca\/International\/wp-json\/wp\/v2\/users\/1742"}],"replies":[{"embeddable":true,"href":"https:\/\/linitiative.ca\/International\/wp-json\/wp\/v2\/comments?post=65497"}],"version-history":[{"count":0,"href":"https:\/\/linitiative.ca\/International\/wp-json\/wp\/v2\/posts\/65497\/revisions"}],"wp:attachment":[{"href":"https:\/\/linitiative.ca\/International\/wp-json\/wp\/v2\/media?parent=65497"}],"wp:term":[{"taxonomy":"category","embeddable":true,"href":"https:\/\/linitiative.ca\/International\/wp-json\/wp\/v2\/categories?post=65497"},{"taxonomy":"post_tag","embeddable":true,"href":"https:\/\/linitiative.ca\/International\/wp-json\/wp\/v2\/tags?post=65497"}],"curies":[{"name":"wp","href":"https:\/\/api.w.org\/{rel}","templated":true}]}}