{"id":65498,"date":"2019-10-25T10:15:00","date_gmt":"2019-10-25T14:15:00","guid":{"rendered":"https:\/\/linitiative.ca\/International\/deux-morts-dans-une-explosion-au-complexe-siderurgique-tosyali-doran\/"},"modified":"2019-10-25T10:15:00","modified_gmt":"2019-10-25T14:15:00","slug":"deux-morts-dans-une-explosion-au-complexe-siderurgique-tosyali-doran","status":"publish","type":"post","link":"https:\/\/linitiative.ca\/International\/deux-morts-dans-une-explosion-au-complexe-siderurgique-tosyali-doran\/","title":{"rendered":"Deux morts dans une explosion au complexe sid\u00e9rurgique \u00abTosyali\u00bb d&rsquo;Oran"},"content":{"rendered":"<div id=\"originalText\" readability=\"49\">\n<p>Une explosion survenue vendredi matin, au sein de l\u2019une des unit\u00e9s du complexe sid\u00e9rurgique\u00a0 \u00abTosyali\u00bb, situ\u00e9 \u00e0 B\u00e9thioua, est d\u2019Oran, a fait deux morts et un bless\u00e9, selon un premier bilan provisoire communiqu\u00e9 \u00e0 l\u2019APS, par la direction de l\u2019entreprise.<\/p>\n<p>Il s\u2019agit d\u2019une explosion observ\u00e9e au niveau de l\u2019unit\u00e9 de d\u00e9poussi\u00e9rage du complexe, les circonstances de cet incident n\u2019ont pas \u00e9t\u00e9 encore connues, selon la m\u00eame source.<\/p>\n<p>Des \u00e9quipes sp\u00e9cialis\u00e9es sont sur place pour enqu\u00eater sur les causes de cet incident, a-t-on indiqu\u00e9.<\/p>\n<p class=\"c10\"><strong>APS<\/strong><\/p>\n<\/div>\n<div id=\"text_core\" readability=\"49\">\n<p>Une explosion survenue vendredi matin, au sein de l\u2019une des unit\u00e9s du complexe sid\u00e9rurgique\u00a0 \u00abTosyali\u00bb, situ\u00e9 \u00e0 B\u00e9thioua, est d\u2019Oran, a fait deux morts et un bless\u00e9, selon un premier bilan provisoire communiqu\u00e9 \u00e0 l\u2019APS, par la direction de l\u2019entreprise.<\/p>\n<p>Il s\u2019agit d\u2019une explosion observ\u00e9e au niveau de l\u2019unit\u00e9 de d\u00e9poussi\u00e9rage du complexe, les circonstances de cet incident n\u2019ont pas \u00e9t\u00e9 encore connues, selon la m\u00eame source.<\/p>\n<p>Des \u00e9quipes sp\u00e9cialis\u00e9es sont sur place pour enqu\u00eater sur les causes de cet incident, a-t-on indiqu\u00e9.<\/p>\n<p class=\"c10\"><strong>APS<\/strong><\/p>\n<\/div>\n<p>Auteur:<br \/>\n<a href=\"https:\/\/www.liberte-algerie.com\/actualite\/deux-morts-dans-une-explosion-au-complexe-siderurgique-tosyali-doran-326661\">Cliquez ici pour lire l&rsquo;article depuis sa source.<\/a><\/p>\n","protected":false},"excerpt":{"rendered":"<p>Une explosion survenue vendredi matin, au sein de l\u2019une des unit\u00e9s du complexe sid\u00e9rurgique\u00a0 \u00abTosyali\u00bb, situ\u00e9 \u00e0 B\u00e9thioua, est d\u2019Oran, a fait deux morts et un bless\u00e9, selon un premier bilan provisoire communiqu\u00e9 \u00e0 l\u2019APS, par la direction de l\u2019entreprise. Il s\u2019agit d\u2019une explosion observ\u00e9e au niveau de l\u2019unit\u00e9 de d\u00e9poussi\u00e9rage du complexe, les circonstances [&hellip;]<\/p>\n","protected":false},"author":1742,"featured_media":0,"comment_status":"closed","ping_status":"closed","sticky":false,"template":"","format":"standard","meta":{"fifu_image_url":"","fifu_image_alt":"","footnotes":""},"categories":[73,53],"tags":[],"class_list":["post-65498","post","type-post","status-publish","format-standard","hentry","category-actualite","category-algerie"],"_links":{"self":[{"href":"https:\/\/linitiative.ca\/International\/wp-json\/wp\/v2\/posts\/65498","targetHints":{"allow":["GET"]}}],"collection":[{"href":"https:\/\/linitiative.ca\/International\/wp-json\/wp\/v2\/posts"}],"about":[{"href":"https:\/\/linitiative.ca\/International\/wp-json\/wp\/v2\/types\/post"}],"author":[{"embeddable":true,"href":"https:\/\/linitiative.ca\/International\/wp-json\/wp\/v2\/users\/1742"}],"replies":[{"embeddable":true,"href":"https:\/\/linitiative.ca\/International\/wp-json\/wp\/v2\/comments?post=65498"}],"version-history":[{"count":0,"href":"https:\/\/linitiative.ca\/International\/wp-json\/wp\/v2\/posts\/65498\/revisions"}],"wp:attachment":[{"href":"https:\/\/linitiative.ca\/International\/wp-json\/wp\/v2\/media?parent=65498"}],"wp:term":[{"taxonomy":"category","embeddable":true,"href":"https:\/\/linitiative.ca\/International\/wp-json\/wp\/v2\/categories?post=65498"},{"taxonomy":"post_tag","embeddable":true,"href":"https:\/\/linitiative.ca\/International\/wp-json\/wp\/v2\/tags?post=65498"}],"curies":[{"name":"wp","href":"https:\/\/api.w.org\/{rel}","templated":true}]}}