{"id":65499,"date":"2019-10-24T15:52:41","date_gmt":"2019-10-24T19:52:41","guid":{"rendered":"https:\/\/linitiative.ca\/International\/meurtre-dimlil-la-defense-des-accuses-demande-une-expertise-medicale\/"},"modified":"2019-10-24T15:52:41","modified_gmt":"2019-10-24T19:52:41","slug":"meurtre-dimlil-la-defense-des-accuses-demande-une-expertise-medicale","status":"publish","type":"post","link":"https:\/\/linitiative.ca\/International\/meurtre-dimlil-la-defense-des-accuses-demande-une-expertise-medicale\/","title":{"rendered":"Meurtre d\u2019Imlil: La d\u00e9fense des accus\u00e9s demande une expertise m\u00e9dicale"},"content":{"rendered":"<p><iframe loading=\"lazy\" width=\"1170\" height=\"658\" src=\"https:\/\/www.youtube.com\/embed\/N4rP_cUN3yw?feature=oembed\" frameborder=\"0\" allow=\"accelerometer; autoplay; encrypted-media; gyroscope; picture-in-picture\" allowfullscreen=\"\">[embedded content]<\/iframe><\/p>\n<div class=\"single-post-excerpt post-excerpt-bc\" readability=\"36\">\n<p>La d\u00e9fense des principaux accus\u00e9s dans le meurtre des deux touristes scandinaves \u00e0 Imlil (province d\u2019El Haouz) a renouvel\u00e9 sa requ\u00eate de les soumettre \u00e0 une expertise m\u00e9dicale, lors de l\u2019audience de mercredi devant la Chambre criminelle (2-\u00e8me degr\u00e9) charg\u00e9e des affaires du terrorisme pr\u00e8s l\u2019annexe de la Cour d\u2019appel \u00e0 Sal\u00e9.<\/p>\n<\/div>\n<p>Auteur: Meriem IGASS<br \/>\n<a href=\"http:\/\/www.mapmarrakech.ma\/fr\/meurtre-dimlil-la-defense-des-accuses-demande-une-expertise-medicale\/\">Cliquez ici pour lire l&rsquo;article depuis sa source.<\/a><\/p>\n","protected":false},"excerpt":{"rendered":"<p>[embedded content] La d\u00e9fense des principaux accus\u00e9s dans le meurtre des deux touristes scandinaves \u00e0 Imlil (province d\u2019El Haouz) a renouvel\u00e9 sa requ\u00eate de les soumettre \u00e0 une expertise m\u00e9dicale, lors de l\u2019audience de mercredi devant la Chambre criminelle (2-\u00e8me degr\u00e9) charg\u00e9e des affaires du terrorisme pr\u00e8s l\u2019annexe de la Cour d\u2019appel \u00e0 Sal\u00e9. Auteur: [&hellip;]<\/p>\n","protected":false},"author":1788,"featured_media":0,"comment_status":"closed","ping_status":"closed","sticky":false,"template":"","format":"standard","meta":{"fifu_image_url":"","fifu_image_alt":"","footnotes":""},"categories":[54,76],"tags":[],"class_list":["post-65499","post","type-post","status-publish","format-standard","hentry","category-maroc","category-regions"],"_links":{"self":[{"href":"https:\/\/linitiative.ca\/International\/wp-json\/wp\/v2\/posts\/65499","targetHints":{"allow":["GET"]}}],"collection":[{"href":"https:\/\/linitiative.ca\/International\/wp-json\/wp\/v2\/posts"}],"about":[{"href":"https:\/\/linitiative.ca\/International\/wp-json\/wp\/v2\/types\/post"}],"author":[{"embeddable":true,"href":"https:\/\/linitiative.ca\/International\/wp-json\/wp\/v2\/users\/1788"}],"replies":[{"embeddable":true,"href":"https:\/\/linitiative.ca\/International\/wp-json\/wp\/v2\/comments?post=65499"}],"version-history":[{"count":0,"href":"https:\/\/linitiative.ca\/International\/wp-json\/wp\/v2\/posts\/65499\/revisions"}],"wp:attachment":[{"href":"https:\/\/linitiative.ca\/International\/wp-json\/wp\/v2\/media?parent=65499"}],"wp:term":[{"taxonomy":"category","embeddable":true,"href":"https:\/\/linitiative.ca\/International\/wp-json\/wp\/v2\/categories?post=65499"},{"taxonomy":"post_tag","embeddable":true,"href":"https:\/\/linitiative.ca\/International\/wp-json\/wp\/v2\/tags?post=65499"}],"curies":[{"name":"wp","href":"https:\/\/api.w.org\/{rel}","templated":true}]}}