{"id":65500,"date":"2019-10-24T19:51:40","date_gmt":"2019-10-24T23:51:40","guid":{"rendered":"https:\/\/linitiative.ca\/International\/aeroport-hausse-de-440-du-trafic-a-fin-septembre-2019\/"},"modified":"2019-10-24T19:51:40","modified_gmt":"2019-10-24T23:51:40","slug":"aeroport-hausse-de-440-du-trafic-a-fin-septembre-2019","status":"publish","type":"post","link":"https:\/\/linitiative.ca\/International\/aeroport-hausse-de-440-du-trafic-a-fin-septembre-2019\/","title":{"rendered":"A\u00e9roport: Hausse de 4,40% du trafic \u00e0 fin septembre 2019"},"content":{"rendered":"<div readability=\"37\">\n<p>Essaouira \u2013 Le nombre de passagers ayant utilis\u00e9 l\u2019A\u00e9roport International d\u2019Essaouira-Mogador durant les neuf premiers mois de l\u2019ann\u00e9e en cours, a enregistr\u00e9 une hausse de 4,40% et ce, en comparaison avec la m\u00eame p\u00e9riode de l\u2019ann\u00e9e pr\u00e9c\u00e9dente.<\/p>\n<\/div>\n<div readability=\"69\">\n<p>En chiffres, cette performance correspond \u00e0 un total de 76.921 passagers ayant transit\u00e9 via cette plateforme a\u00e9roportuaire durant la m\u00eame p\u00e9riode contre seulement 73.681 passagers au cours de la p\u00e9riode janvier-septembre de l\u2019ann\u00e9e \u00e9coul\u00e9e, indique un rapport sur le trafic a\u00e9rien de septembre 2019 de l\u2019Office National des A\u00e9roports (ONDA).<\/p>\n<p>Durant le seul mois de septembre dernier, l\u2019a\u00e9roport international de la cit\u00e9 des Aliz\u00e9s a accueilli un total de 7.992 passagers contre 9.353 voyageurs durant le m\u00eame mois de l\u2019ann\u00e9e 2018, soit une baisse de -14,55%, pr\u00e9cise-t-on de m\u00eame source.<\/p>\n<p>L\u2019a\u00e9roport international d\u2019Essaouira-Mogador a enregistr\u00e9 durant l\u2019ann\u00e9e 2018 un total de 104.587 passagers, contre seulement 83.414 passagers en 2017, soit une augmentation de 25,83%, rappelle-t-on.<\/p>\n<p>Durant la derni\u00e8re d\u00e9cennie, le trafic a\u00e9rien au niveau de l\u2019a\u00e9roport international de la cit\u00e9 des aliz\u00e9s a presque quadrupl\u00e9, passant de 25.795 passagers en 2007 \u00e0 83.414 en 2017, avant de s\u2019\u00e9tablir \u00e0 104.587 en 2018, soit une hausse annuelle moyenne de 12,44%, selon les chiffres de l\u2019ONDA.<\/p>\n<p>Cette tendance haussi\u00e8re est attribuable \u00e0 la fluidit\u00e9 des proc\u00e9dures de transit des passagers et \u00e0 la garantie des conditions de confort li\u00e9es \u00e0 la mise en place d\u2019\u00e9quipements ultramodernes qui r\u00e9pondent parfaitement aux standards mondiaux les plus exigeants en mati\u00e8re de s\u00e9curit\u00e9 et de s\u00fbret\u00e9 au niveau de cet a\u00e9roport.<\/p>\n<\/div>\n<p>Auteur: Meriem IGASS<br \/>\n<a href=\"http:\/\/www.mapmarrakech.ma\/fr\/aeroport\/\">Cliquez ici pour lire l&rsquo;article depuis sa source.<\/a><\/p>\n","protected":false},"excerpt":{"rendered":"<p>Essaouira \u2013 Le nombre de passagers ayant utilis\u00e9 l\u2019A\u00e9roport International d\u2019Essaouira-Mogador durant les neuf premiers mois de l\u2019ann\u00e9e en cours, a enregistr\u00e9 une hausse de 4,40% et ce, en comparaison avec la m\u00eame p\u00e9riode de l\u2019ann\u00e9e pr\u00e9c\u00e9dente. En chiffres, cette performance correspond \u00e0 un total de 76.921 passagers ayant transit\u00e9 via cette plateforme a\u00e9roportuaire durant [&hellip;]<\/p>\n","protected":false},"author":1788,"featured_media":0,"comment_status":"closed","ping_status":"closed","sticky":false,"template":"","format":"standard","meta":{"fifu_image_url":"","fifu_image_alt":"","footnotes":""},"categories":[54,76],"tags":[],"class_list":["post-65500","post","type-post","status-publish","format-standard","hentry","category-maroc","category-regions"],"_links":{"self":[{"href":"https:\/\/linitiative.ca\/International\/wp-json\/wp\/v2\/posts\/65500","targetHints":{"allow":["GET"]}}],"collection":[{"href":"https:\/\/linitiative.ca\/International\/wp-json\/wp\/v2\/posts"}],"about":[{"href":"https:\/\/linitiative.ca\/International\/wp-json\/wp\/v2\/types\/post"}],"author":[{"embeddable":true,"href":"https:\/\/linitiative.ca\/International\/wp-json\/wp\/v2\/users\/1788"}],"replies":[{"embeddable":true,"href":"https:\/\/linitiative.ca\/International\/wp-json\/wp\/v2\/comments?post=65500"}],"version-history":[{"count":0,"href":"https:\/\/linitiative.ca\/International\/wp-json\/wp\/v2\/posts\/65500\/revisions"}],"wp:attachment":[{"href":"https:\/\/linitiative.ca\/International\/wp-json\/wp\/v2\/media?parent=65500"}],"wp:term":[{"taxonomy":"category","embeddable":true,"href":"https:\/\/linitiative.ca\/International\/wp-json\/wp\/v2\/categories?post=65500"},{"taxonomy":"post_tag","embeddable":true,"href":"https:\/\/linitiative.ca\/International\/wp-json\/wp\/v2\/tags?post=65500"}],"curies":[{"name":"wp","href":"https:\/\/api.w.org\/{rel}","templated":true}]}}