{"id":65501,"date":"2019-10-25T07:57:00","date_gmt":"2019-10-25T11:57:00","guid":{"rendered":"https:\/\/linitiative.ca\/International\/aeroport-hausse-de-plus-de-22-du-trafic-en-septembre\/"},"modified":"2019-10-25T07:57:00","modified_gmt":"2019-10-25T11:57:00","slug":"aeroport-hausse-de-plus-de-22-du-trafic-en-septembre","status":"publish","type":"post","link":"https:\/\/linitiative.ca\/International\/aeroport-hausse-de-plus-de-22-du-trafic-en-septembre\/","title":{"rendered":"A\u00e9roport: Hausse de plus de 22% du trafic en septembre"},"content":{"rendered":"<div readability=\"35\">\n<p>Marrakech \u2013 Le trafic passagers au niveau de l\u2019a\u00e9roport international Marrakech-Menara a enregistr\u00e9 une hausse de 22,47% en septembre dernier comparativement au m\u00eame mois de l\u2019ann\u00e9e \u00e9coul\u00e9e.<\/p>\n<\/div>\n<div readability=\"67\">\n<p>Selon les derni\u00e8res donn\u00e9es publi\u00e9es par l\u2019Office National des A\u00e9roports (ONDA), l\u2019a\u00e9roport de la cit\u00e9 ocre a accueilli un total de 538.247 passagers en septembre dernier, contre 439.482 voyageurs durant le m\u00eame mois de 2018.<\/p>\n<p>Avec cette nouvelle performance, cette infrastructure a\u00e9roportuaire s\u2019est accapar\u00e9e 24,73% du trafic a\u00e9rien commercial global en septembre dernier, occupant ainsi la 2\u00e8me place derri\u00e8re l\u2019a\u00e9roport international Mohammed V de Casablanca (41,69%).<\/p>\n<p>Concernant les mouvements d\u2019avions durant le mois de septembre dernier, la part de l\u2019a\u00e9roport Marrakech-Menara s\u2019est \u00e9tablie \u00e0 20,70% sur les 18.161 mouvements d\u2019avions enregistr\u00e9s au niveau national, derri\u00e8re l\u2019a\u00e9roport international Mohammed V de Casablanca (43,26%).<\/p>\n<p>S\u2019agissant du top cinq des routes a\u00e9riennes internationales en septembre dernier, la ligne Marrakech-Paris Orly a occup\u00e9 la deuxi\u00e8me place du podium avec 47.278 passagers, tandis que la ligne Marrakech-Madrid a occup\u00e9 le 4\u00e8me rang avec 37.087 voyageurs, a pr\u00e9cis\u00e9 l\u2019Office.<\/p>\n<p>A noter que les a\u00e9roports du Royaume ont enregistr\u00e9, en septembre 2019, un volume de trafic commercial passagers de 2.176.285 passagers contre 1.993.965 voyageurs en septembre 2018, soit une hausse de l\u2019ordre de 9,14% par rapport \u00e0 la m\u00eame p\u00e9riode de l\u2019ann\u00e9e 2018.<\/p>\n<\/div>\n<p>Auteur: Meriem IGASS<br \/>\n<a href=\"http:\/\/www.mapmarrakech.ma\/fr\/aeroport-2\/\">Cliquez ici pour lire l&rsquo;article depuis sa source.<\/a><\/p>\n","protected":false},"excerpt":{"rendered":"<p>Marrakech \u2013 Le trafic passagers au niveau de l\u2019a\u00e9roport international Marrakech-Menara a enregistr\u00e9 une hausse de 22,47% en septembre dernier comparativement au m\u00eame mois de l\u2019ann\u00e9e \u00e9coul\u00e9e. Selon les derni\u00e8res donn\u00e9es publi\u00e9es par l\u2019Office National des A\u00e9roports (ONDA), l\u2019a\u00e9roport de la cit\u00e9 ocre a accueilli un total de 538.247 passagers en septembre dernier, contre 439.482 [&hellip;]<\/p>\n","protected":false},"author":1788,"featured_media":0,"comment_status":"closed","ping_status":"closed","sticky":false,"template":"","format":"standard","meta":{"fifu_image_url":"","fifu_image_alt":"","footnotes":""},"categories":[54,76],"tags":[],"class_list":["post-65501","post","type-post","status-publish","format-standard","hentry","category-maroc","category-regions"],"_links":{"self":[{"href":"https:\/\/linitiative.ca\/International\/wp-json\/wp\/v2\/posts\/65501","targetHints":{"allow":["GET"]}}],"collection":[{"href":"https:\/\/linitiative.ca\/International\/wp-json\/wp\/v2\/posts"}],"about":[{"href":"https:\/\/linitiative.ca\/International\/wp-json\/wp\/v2\/types\/post"}],"author":[{"embeddable":true,"href":"https:\/\/linitiative.ca\/International\/wp-json\/wp\/v2\/users\/1788"}],"replies":[{"embeddable":true,"href":"https:\/\/linitiative.ca\/International\/wp-json\/wp\/v2\/comments?post=65501"}],"version-history":[{"count":0,"href":"https:\/\/linitiative.ca\/International\/wp-json\/wp\/v2\/posts\/65501\/revisions"}],"wp:attachment":[{"href":"https:\/\/linitiative.ca\/International\/wp-json\/wp\/v2\/media?parent=65501"}],"wp:term":[{"taxonomy":"category","embeddable":true,"href":"https:\/\/linitiative.ca\/International\/wp-json\/wp\/v2\/categories?post=65501"},{"taxonomy":"post_tag","embeddable":true,"href":"https:\/\/linitiative.ca\/International\/wp-json\/wp\/v2\/tags?post=65501"}],"curies":[{"name":"wp","href":"https:\/\/api.w.org\/{rel}","templated":true}]}}