{"id":65502,"date":"2019-10-25T09:28:34","date_gmt":"2019-10-25T13:28:34","guid":{"rendered":"https:\/\/linitiative.ca\/International\/basketball-convention-de-partenariat-acsmm-abb\/"},"modified":"2019-10-25T09:28:34","modified_gmt":"2019-10-25T13:28:34","slug":"basketball-convention-de-partenariat-acsmm-abb","status":"publish","type":"post","link":"https:\/\/linitiative.ca\/International\/basketball-convention-de-partenariat-acsmm-abb\/","title":{"rendered":"Basketball: Convention de partenariat ACSMM-ABB"},"content":{"rendered":"<div class=\"single-featured\"><img alt=\"\" data-src=\"http:\/\/www.mapmarrakech.ma\/map\/uploads\/2019\/10\/signatureconbaskett1-copier.jpg\"\/><\/div>\n<div class=\"single-post-excerpt post-excerpt-bc\" readability=\"34\">\n<p>Marrakech \u2013 L\u2019Association Club Sportif Marrakech Medina (ACSMM) de Basket-ball et le Club Argenteuil Basket-ball (ABB) de France ont sign\u00e9 une convention de partenariat en vue d\u2019am\u00e9liorer la pratique de cette discipline sportive.<\/p>\n<\/div>\n<div class=\"entry-content clearfix single-post-content\" readability=\"50\">\n<p>Aux termes de cette convention, sign\u00e9e par le pr\u00e9sident de l\u2019ACSMM-Basketball, Ahmed Nouar, et le pr\u00e9sident du Club Argenteuil de Basket-ball, Bassirou Dime, les deux parties s\u2019engagent \u00e0 asseoir une coop\u00e9ration durable en mati\u00e8re de formation et d\u2019\u00e9change des savoir-faire dans le cadre de la formation des jeunes et des entra\u00eeneurs de l\u2019ACSMM Basket-ball et \u00e0 accompagner les projets de formation de l\u2019Association.<\/p>\n<p>Ladite convention, \u00e9tablie au titre de la saison sportive 2019-2020, vise aussi \u00e0 collaborer dans des actions franco-marocaines, \u00e0 soutenir toute initiative d\u2019\u00e9changes p\u00e9dagogiques, \u00e0 assurer un soutien logistique de la part du Club ABB et \u00e0 accompagner ledit Club dans ses projets marocains par la mise en place des moyens humains, logistiques et administratifs de l\u2019ACSMM Basket-ball.<\/p>\n<\/div>\n<p>Auteur: Meriem IGASS<br \/>\n<a href=\"http:\/\/www.mapmarrakech.ma\/fr\/basketball\/\">Cliquez ici pour lire l&rsquo;article depuis sa source.<\/a><\/p>\n","protected":false},"excerpt":{"rendered":"<p>Marrakech \u2013 L\u2019Association Club Sportif Marrakech Medina (ACSMM) de Basket-ball et le Club Argenteuil Basket-ball (ABB) de France ont sign\u00e9 une convention de partenariat en vue d\u2019am\u00e9liorer la pratique de cette discipline sportive. Aux termes de cette convention, sign\u00e9e par le pr\u00e9sident de l\u2019ACSMM-Basketball, Ahmed Nouar, et le pr\u00e9sident du Club Argenteuil de Basket-ball, Bassirou [&hellip;]<\/p>\n","protected":false},"author":1788,"featured_media":65503,"comment_status":"closed","ping_status":"closed","sticky":false,"template":"","format":"standard","meta":{"fifu_image_url":"","fifu_image_alt":"","footnotes":""},"categories":[54,76],"tags":[],"class_list":["post-65502","post","type-post","status-publish","format-standard","has-post-thumbnail","hentry","category-maroc","category-regions"],"_links":{"self":[{"href":"https:\/\/linitiative.ca\/International\/wp-json\/wp\/v2\/posts\/65502","targetHints":{"allow":["GET"]}}],"collection":[{"href":"https:\/\/linitiative.ca\/International\/wp-json\/wp\/v2\/posts"}],"about":[{"href":"https:\/\/linitiative.ca\/International\/wp-json\/wp\/v2\/types\/post"}],"author":[{"embeddable":true,"href":"https:\/\/linitiative.ca\/International\/wp-json\/wp\/v2\/users\/1788"}],"replies":[{"embeddable":true,"href":"https:\/\/linitiative.ca\/International\/wp-json\/wp\/v2\/comments?post=65502"}],"version-history":[{"count":0,"href":"https:\/\/linitiative.ca\/International\/wp-json\/wp\/v2\/posts\/65502\/revisions"}],"wp:featuredmedia":[{"embeddable":true,"href":"https:\/\/linitiative.ca\/International\/wp-json\/"}],"wp:attachment":[{"href":"https:\/\/linitiative.ca\/International\/wp-json\/wp\/v2\/media?parent=65502"}],"wp:term":[{"taxonomy":"category","embeddable":true,"href":"https:\/\/linitiative.ca\/International\/wp-json\/wp\/v2\/categories?post=65502"},{"taxonomy":"post_tag","embeddable":true,"href":"https:\/\/linitiative.ca\/International\/wp-json\/wp\/v2\/tags?post=65502"}],"curies":[{"name":"wp","href":"https:\/\/api.w.org\/{rel}","templated":true}]}}