{"id":65507,"date":"2019-10-25T10:14:45","date_gmt":"2019-10-25T14:14:45","guid":{"rendered":"https:\/\/linitiative.ca\/International\/limportance-de-la-formation-des-medecins-generalistes-sur-le-diabete-soulignee-a-oran\/"},"modified":"2019-10-25T10:14:45","modified_gmt":"2019-10-25T14:14:45","slug":"limportance-de-la-formation-des-medecins-generalistes-sur-le-diabete-soulignee-a-oran","status":"publish","type":"post","link":"https:\/\/linitiative.ca\/International\/limportance-de-la-formation-des-medecins-generalistes-sur-le-diabete-soulignee-a-oran\/","title":{"rendered":"L&rsquo;importance de la formation des m\u00e9decins g\u00e9n\u00e9ralistes sur le diab\u00e8te soulign\u00e9e \u00e0 Oran"},"content":{"rendered":"<div readability=\"36\">\n<p><strong>ORAN- L&rsquo;importance de la formation des m\u00e9decins g\u00e9n\u00e9ralistes sur la maladie du diab\u00e8te et sa prise en charge a \u00e9t\u00e9 soulign\u00e9e, vendredi \u00e0 Oran, lors de l&rsquo;ouverture de la premi\u00e8re journ\u00e9e d\u2019endocrinologie et diab\u00e9tologie de la clinique Larrib\u00e8re (CHU Oran).<\/strong><\/p>\n<\/div>\n<div readability=\"68\">\n<p>Le Dr Benziane Zakaria, endocrinologue au sein de cette clinique publique, a estim\u00e9 que \u00ab\u00a0la formation des m\u00e9decins g\u00e9n\u00e9ralistes autour du diab\u00e8te, est une pierre angulaire pour la prise en charge de cette maladie, dont la pr\u00e9valence ne cesse de croitre en Alg\u00e9rie (14.5% selon les derniers chiffres de l\u2019OMS)\u00a0\u00bb.<\/p>\n<p>\u00ab\u00a0Les m\u00e9decins sp\u00e9cialistes ne peuvent seuls prendre en charge la population diab\u00e9tique, dont le nombre ne cessent d\u2019augmenter\u00a0\u00bb, a-t-il dit, invitant les m\u00e9decins g\u00e9n\u00e9ralistes \u00e0 se former dans ce domaine.<\/p>\n<p>\u00ab\u00a0Cette journ\u00e9e initi\u00e9e par la clinique Larrib\u00e8re, s\u2019est ouverte vendredi avec la participation de 200 m\u00e9decins g\u00e9n\u00e9ralistes, diab\u00e9tologues et internistes.<\/p>\n<p>Il s\u2019agit du premier \u00e9v\u00e9nement organis\u00e9 par cette clinique, dans une d\u00e9marche \u00ab\u00a0d\u2019ouverture sur le monde m\u00e9dical\u00a0\u00bb, a d\u00e9clar\u00e9 son responsable, Dr Mahmoudi, ajoutant que la clinique a beaucoup de \u00ab\u00a0connaissances \u00e0 partager au profit de la communaut\u00e9 m\u00e9dicale, \u00e0 travers de ce genre d\u2019\u00e9v\u00e8nement d\u00e9di\u00e9 \u00e0 la formation continue\u00a0\u00bb.<\/p>\n<p>Cette journ\u00e9e propose un riche programme de conf\u00e9rences anim\u00e9es par des sp\u00e9cialistes, venant de diff\u00e9rentes r\u00e9gions du pays. Trois th\u00e9matiques principales sont abord\u00e9es, \u00e0 savoir le diab\u00e8te et ses complications, la thyro\u00efde et l\u2019hypophyse.<\/p>\n<\/div>\n<p>Auteur:<br \/>\n<a href=\"http:\/\/www.aps.dz\/regions\/96297-l-importance-de-la-formation-des-medecins-generalistes-sur-le-diabete-soulignee-a-oran\">Cliquez ici pour lire l&rsquo;article depuis sa source.<\/a><\/p>\n","protected":false},"excerpt":{"rendered":"<p>ORAN- L&rsquo;importance de la formation des m\u00e9decins g\u00e9n\u00e9ralistes sur la maladie du diab\u00e8te et sa prise en charge a \u00e9t\u00e9 soulign\u00e9e, vendredi \u00e0 Oran, lors de l&rsquo;ouverture de la premi\u00e8re journ\u00e9e d\u2019endocrinologie et diab\u00e9tologie de la clinique Larrib\u00e8re (CHU Oran). Le Dr Benziane Zakaria, endocrinologue au sein de cette clinique publique, a estim\u00e9 que \u00ab\u00a0la [&hellip;]<\/p>\n","protected":false},"author":1790,"featured_media":0,"comment_status":"closed","ping_status":"closed","sticky":false,"template":"","format":"standard","meta":{"fifu_image_url":"","fifu_image_alt":"","footnotes":""},"categories":[53,76],"tags":[],"class_list":["post-65507","post","type-post","status-publish","format-standard","hentry","category-algerie","category-regions"],"_links":{"self":[{"href":"https:\/\/linitiative.ca\/International\/wp-json\/wp\/v2\/posts\/65507","targetHints":{"allow":["GET"]}}],"collection":[{"href":"https:\/\/linitiative.ca\/International\/wp-json\/wp\/v2\/posts"}],"about":[{"href":"https:\/\/linitiative.ca\/International\/wp-json\/wp\/v2\/types\/post"}],"author":[{"embeddable":true,"href":"https:\/\/linitiative.ca\/International\/wp-json\/wp\/v2\/users\/1790"}],"replies":[{"embeddable":true,"href":"https:\/\/linitiative.ca\/International\/wp-json\/wp\/v2\/comments?post=65507"}],"version-history":[{"count":0,"href":"https:\/\/linitiative.ca\/International\/wp-json\/wp\/v2\/posts\/65507\/revisions"}],"wp:attachment":[{"href":"https:\/\/linitiative.ca\/International\/wp-json\/wp\/v2\/media?parent=65507"}],"wp:term":[{"taxonomy":"category","embeddable":true,"href":"https:\/\/linitiative.ca\/International\/wp-json\/wp\/v2\/categories?post=65507"},{"taxonomy":"post_tag","embeddable":true,"href":"https:\/\/linitiative.ca\/International\/wp-json\/wp\/v2\/tags?post=65507"}],"curies":[{"name":"wp","href":"https:\/\/api.w.org\/{rel}","templated":true}]}}