{"id":65508,"date":"2019-10-25T11:52:07","date_gmt":"2019-10-25T15:52:07","guid":{"rendered":"https:\/\/linitiative.ca\/International\/plan-de-reboisement-plus-de-300-000-arbustes-programmes-dans-la-wilaya-dalger\/"},"modified":"2019-10-25T11:52:07","modified_gmt":"2019-10-25T15:52:07","slug":"plan-de-reboisement-plus-de-300-000-arbustes-programmes-dans-la-wilaya-dalger","status":"publish","type":"post","link":"https:\/\/linitiative.ca\/International\/plan-de-reboisement-plus-de-300-000-arbustes-programmes-dans-la-wilaya-dalger\/","title":{"rendered":"Plan de reboisement : plus de 300.000 arbustes programm\u00e9s dans la wilaya d&rsquo;Alger"},"content":{"rendered":"<div readability=\"42\">\n<p><strong>ALGER- Les services de la wilaya d&rsquo;Alger ont mis en place, \u00e0 l&rsquo;occasion du lancement de la campagne de reboisement (du 25 octobre 2019 au 21 mars 2020), un programme de plantation de 300.000\u00a0arbustes, dans le cadre du plan annuel de reboisement, a affirm\u00e9, vendredi, la charg\u00e9e de l&rsquo;Information \u00e0 la Direction des for\u00eats et de la ceinture verte, Imane Saidi.<\/strong><\/p>\n<\/div>\n<div readability=\"79.5\">\n<p>En marge de l&rsquo;organisation d&rsquo;une large campagne de reboisement au p\u00e9rim\u00e8tre du barrage de Dou\u00e9ra (Alger ouest), \u00e0 l&rsquo;occasion de la journ\u00e9e nationale de l&rsquo;arbre, c\u00e9l\u00e9br\u00e9e le 25 octobre, Mme Saidi a fait savoir, dans une d\u00e9claration \u00e0 l&rsquo;APS, que dans le cadre du plan de reboisement, trac\u00e9 par la wilaya d&rsquo;Alger pour l&rsquo;ann\u00e9e 2019-2020, \u00ab\u00a0il sera proc\u00e9d\u00e9 \u00e0 la plantation de 300.000 arbustes \u00e0 travers les espaces forestiers et les parcs agricoles de la wilaya d&rsquo;Alger\u00a0\u00bb.<\/p>\n<blockquote readability=\"12\">\n<p><strong>Ce plan est \u00ab\u00a0r\u00e9parti sur 4 principaux axes\u00a0\u00bb, \u00e0 savoir le r\u00e9am\u00e9nagement et le reboisement des espaces forestiers s&rsquo;\u00e9tendant sur une superficie de 41 hectares, la sensibilisation et la collaboration avec les associations et les \u00e9tablissements \u00e9ducatifs, l&#8217;embellissement et la d\u00e9coration des axes routiers, en coordination avec les \u00e9tablissements de la wilaya et le reboisement d&rsquo;esp\u00e8ces sylvicoles et des vergers \u00e0 travers les 22 parcs agricoles d&rsquo;Alger.<\/strong><\/p>\n<\/blockquote>\n<p>L&rsquo;op\u00e9ration de reboisement du p\u00e9rim\u00e8tre du barrage de Dou\u00e9ra s&rsquo;inscrit dans le cadre de ce plan. A cet effet, les services forestiers, accompagn\u00e9s de repr\u00e9sentants d&rsquo;associations activant dans le domaine de l&rsquo;environnement et de membres des scouts musulmans alg\u00e9riens (SMA), ont plant\u00e9 8.000\u00a0arbustes de diff\u00e9rentes esp\u00e8ces adapt\u00e9es \u00e0 la nature et au relief du barrage, a-t-on constat\u00e9.<\/p>\n<p>Concernant le choix du barrage de Dou\u00e9ra pour abriter cet \u00e9v\u00e8nement, Mme Hadjira Hallas, responsable \u00e0 la cellule de l&rsquo;information, a affirm\u00e9 que le barrage \u00ab\u00a0dispose d&rsquo;une superficie suffisante pour le reboisement par rapport \u00e0 d&rsquo;autres espaces de la wilaya\u00a0\u00bb, soulignant que la superficie\u00a0plant\u00e9e s&rsquo;\u00e9l\u00e8ve \u00e0 pr\u00e8s de 8 hectares et que les nouveaux arbustes seront \u00e0 m\u00eame de \u00ab\u00a0stabiliser les sols au p\u00e9rim\u00e8tre du barrage\u00a0\u00bb.<\/p>\n<p>La wilaya d&rsquo;Alger compte \u00ab\u00a022 for\u00eats urbaines qui ont \u00e9t\u00e9 am\u00e9nag\u00e9es et valoris\u00e9es par la direction des for\u00eats\u00a0\u00bb, dans le cadre d&rsquo;un programme sp\u00e9cial dot\u00e9 d&rsquo;une enveloppe financi\u00e8re, dans l&rsquo;objectif d\u00a0\u00bb&lsquo;\u00e9tendre la superficie des espaces verts au profit des citoyens\u00a0\u00bb.<\/p>\n<p>Pour rappel, une commission sectorielle a \u00e9t\u00e9 cr\u00e9\u00e9e au niveau du minist\u00e8re de l&rsquo;Agriculture, du d\u00e9veloppement rural et de la p\u00eache pour faire r\u00e9ussir la campagne de reboisement qui se poursuivra jusqu&rsquo;au 21 mars 2020, sous le slogan \u00ab\u00a0un arbre pour chaque citoyen\u00a0\u00bb, \u00e0 travers tout le territoire\u00a0national.<\/p>\n<\/div>\n<p>Auteur:<br \/>\n<a href=\"http:\/\/www.aps.dz\/regions\/96301-plan-de-reboisement-plus-de-300-000-arbustes-programmes-dans-la-wilaya-d-alger\">Cliquez ici pour lire l&rsquo;article depuis sa source.<\/a><\/p>\n","protected":false},"excerpt":{"rendered":"<p>ALGER- Les services de la wilaya d&rsquo;Alger ont mis en place, \u00e0 l&rsquo;occasion du lancement de la campagne de reboisement (du 25 octobre 2019 au 21 mars 2020), un programme de plantation de 300.000\u00a0arbustes, dans le cadre du plan annuel de reboisement, a affirm\u00e9, vendredi, la charg\u00e9e de l&rsquo;Information \u00e0 la Direction des for\u00eats et [&hellip;]<\/p>\n","protected":false},"author":1790,"featured_media":0,"comment_status":"closed","ping_status":"closed","sticky":false,"template":"","format":"standard","meta":{"fifu_image_url":"","fifu_image_alt":"","footnotes":""},"categories":[53,76],"tags":[],"class_list":["post-65508","post","type-post","status-publish","format-standard","hentry","category-algerie","category-regions"],"_links":{"self":[{"href":"https:\/\/linitiative.ca\/International\/wp-json\/wp\/v2\/posts\/65508","targetHints":{"allow":["GET"]}}],"collection":[{"href":"https:\/\/linitiative.ca\/International\/wp-json\/wp\/v2\/posts"}],"about":[{"href":"https:\/\/linitiative.ca\/International\/wp-json\/wp\/v2\/types\/post"}],"author":[{"embeddable":true,"href":"https:\/\/linitiative.ca\/International\/wp-json\/wp\/v2\/users\/1790"}],"replies":[{"embeddable":true,"href":"https:\/\/linitiative.ca\/International\/wp-json\/wp\/v2\/comments?post=65508"}],"version-history":[{"count":0,"href":"https:\/\/linitiative.ca\/International\/wp-json\/wp\/v2\/posts\/65508\/revisions"}],"wp:attachment":[{"href":"https:\/\/linitiative.ca\/International\/wp-json\/wp\/v2\/media?parent=65508"}],"wp:term":[{"taxonomy":"category","embeddable":true,"href":"https:\/\/linitiative.ca\/International\/wp-json\/wp\/v2\/categories?post=65508"},{"taxonomy":"post_tag","embeddable":true,"href":"https:\/\/linitiative.ca\/International\/wp-json\/wp\/v2\/tags?post=65508"}],"curies":[{"name":"wp","href":"https:\/\/api.w.org\/{rel}","templated":true}]}}