{"id":65509,"date":"2019-10-25T10:48:43","date_gmt":"2019-10-25T14:48:43","guid":{"rendered":"https:\/\/linitiative.ca\/International\/maison-de-lartiste-transmettre-la-passion-de-lart\/"},"modified":"2019-10-25T10:48:43","modified_gmt":"2019-10-25T14:48:43","slug":"maison-de-lartiste-transmettre-la-passion-de-lart","status":"publish","type":"post","link":"https:\/\/linitiative.ca\/International\/maison-de-lartiste-transmettre-la-passion-de-lart\/","title":{"rendered":"Maison de l\u2019artiste: Transmettre la passion de l\u2019art"},"content":{"rendered":"<p class=\"c1\">Abdelkader Belbachir aurait pu se concentrer uniquement sur sa carri\u00e8re d\u2019artiste peintre, ne se souciant que de ses exp\u00e9riences artistiques m\u00ealant art abstrait, expressionnisme et calligraphie. Il a choisi, au contraire, de transmettre sa passion pour l\u2019art pictural aux g\u00e9n\u00e9rations montantes dans sa ville natale, Taourirt.<\/p>\n<p class=\"c1\">La Maison de l\u2019artiste (Dar Al-Fannan) \u00e0 Taourirt \u00e9tait \u00e0 l\u2019origine son atelier. Il en a fait un lieu de formation artistique o\u00f9 il partage son exp\u00e9rience, lui qui s\u2019est illustr\u00e9 par un style unique, m\u00ealant calligraphie et art abstrait, avec des th\u00e8mes puisant souvent dans le patrimoine culturel et civilisationnel des diff\u00e9rentes r\u00e9gions du Maroc.<\/p>\n<p class=\"c1\">L\u2019artiste, connu pour sa technique de peinture sur fond noir, revient sur cette exp\u00e9rience dans une interview \u00e0 la MAP, en plein pr\u00e9paratifs pour la nouvelle saison scolaire au sein de son \u00e9cole-atelier.<\/p>\n<p class=\"c1\">\u00abIl y\u2019a 3 ans, j\u2019ai eu l\u2019id\u00e9e de faire de mon atelier une Maison de l\u2019artiste pour contribuer \u00e0 faire \u00e9merger de nouvelles g\u00e9n\u00e9rations d\u2019artistes et transmettre ma passion pour l\u2019art. Au d\u00e9part, j\u2019ai commenc\u00e9 avec un nombre r\u00e9duit d\u2019apprenants, avec lesquels j\u2019ai une m\u00e9thode particuli\u00e8re de travail bas\u00e9e sur la confiance et l\u2019amiti\u00e9\u00bb, se rappelle-t-il.<\/p>\n<p class=\"c1\">Pour lui, chaque enfant est dot\u00e9 d\u2019un talent, \u00abil faut juste le d\u00e9couvrir, le faire \u00e9merger et encourager nos enfants \u00e0 poursuivre sur cette voie en les inscrivant dans des instituts ou clubs artistiques, car l\u2019art a un r\u00f4le important dans l\u2019\u00e9ducation de l\u2019enfant, sa formation et son comportement\u00bb.<\/p>\n<p class=\"c1\">L\u2019exp\u00e9rience a \u00e9t\u00e9 une r\u00e9ussite et l\u2019\u00e9cole accueille les enfants \u00e0 partir de 4 ans et jusqu\u2019au jeunes de 18 ou 20 ans, dit-il, affirmant avoir ouvert cet \u00e9tablissement avec ses propres moyens, m\u00eame s\u2019il a \u00e9t\u00e9 encourag\u00e9 par les autorit\u00e9s et les responsables locaux qui ont adh\u00e9r\u00e9 \u00e0 l\u2019id\u00e9e.<\/p>\n<p class=\"c1\">Revenant sur l\u2019objectif de cette initiative, Abdelkader Belbachir affirme vouloir offrir aux jeunes talents une aide qu\u2019il aurait bien aim\u00e9 recevoir \u00e0 ses d\u00e9buts. \u00abMon parcours artistique a commenc\u00e9 t\u00f4t. D\u00e8s mon enfance, je maniais les pinceaux et sentais le besoin de m\u2019exprimer \u00e0 travers l\u2019art. Certes, j\u2019au eu la chance d\u2019\u00eatre soutenu par ma famille, mais cela n\u2019a pas \u00e9t\u00e9 facile de prendre ses rep\u00e8res dans ce domaine lorsqu\u2019on est autodidacte\u00bb.<\/p>\n<p class=\"c1\">Aujourd\u2019hui, l\u2019artiste compte \u00e0 son actif plus de 35 expositions, individuelles et collectives, au Maroc et \u00e0 l\u2019\u00e9tranger, ainsi que des dipl\u00f4mes et des prix artistiques internationaux.<\/p>\n<p class=\"c1\">Apr\u00e8s la cons\u00e9cration, la transmission. Belbachir consacre actuellement tout son temps et son \u00e9nergie \u00e0 Dar Al-Fannan, qui a fait bien du chemin depuis sa cr\u00e9ation. \u00abMaintenant j\u2019ai \u00e0 mes c\u00f4t\u00e9s des encadrants, nous veillons \u00e0 \u00e9duquer les jeunes \u00e0 l\u2019art mais aussi aux valeurs, sachant que l\u2019art est un outil efficace pour l\u2019\u00e9ducation et la sensibilisation\u00bb, indique-t-il.<\/p>\n<p class=\"c1\">Il confie aussi avoir pour projet d\u2019agrandir cette Maison de l\u2019artiste, en construisant sur un terrain de 800 m2 gr\u00e2ce au partenariat avec les autorit\u00e9s locales et les responsables de la culture. Le projet pr\u00e9voit d\u2019inclure la musique et la calligraphie dans le programme de formation de la future structure.<\/p>\n<p class=\"c1\">Une \u00e9tape qu\u2019il est important de franchir, compte tenu du nombre important des \u00e9l\u00e8ves et du succ\u00e8s du mod\u00e8le de formation de cette \u00e9cole, qui ne se limite pas \u00e0 l\u2019espace de l\u2019atelier.<\/p>\n<p class=\"c1\">\u00abOn a commenc\u00e9 \u00e0 organiser des sorties sur le terrain o\u00f9 les \u00e9l\u00e8ves, munis de leurs chevalets, investissent diff\u00e9rents lieux publics de Taourirt pour pratiquer l\u2019art\u00bb, fait savoir Abdelkader Belbachir, qui s\u2019est fait connaitre lui-m\u00eame par ses expositions en plein air, sur la corniche de Saidia par exemple.<\/p>\n<p>Auteur: Soufiane ELAHMAR<br \/>\n<a href=\"http:\/\/www.mapoujda.ma\/fr\/abdelkader-belbachir-un-artiste-passionne-de-lart-pictural\/\">Cliquez ici pour lire l&rsquo;article depuis sa source.<\/a><\/p>\n","protected":false},"excerpt":{"rendered":"<p>Abdelkader Belbachir aurait pu se concentrer uniquement sur sa carri\u00e8re d\u2019artiste peintre, ne se souciant que de ses exp\u00e9riences artistiques m\u00ealant art abstrait, expressionnisme et calligraphie. Il a choisi, au contraire, de transmettre sa passion pour l\u2019art pictural aux g\u00e9n\u00e9rations montantes dans sa ville natale, Taourirt. La Maison de l\u2019artiste (Dar Al-Fannan) \u00e0 Taourirt \u00e9tait [&hellip;]<\/p>\n","protected":false},"author":1788,"featured_media":0,"comment_status":"closed","ping_status":"closed","sticky":false,"template":"","format":"standard","meta":{"fifu_image_url":"","fifu_image_alt":"","footnotes":""},"categories":[54,76],"tags":[],"class_list":["post-65509","post","type-post","status-publish","format-standard","hentry","category-maroc","category-regions"],"_links":{"self":[{"href":"https:\/\/linitiative.ca\/International\/wp-json\/wp\/v2\/posts\/65509","targetHints":{"allow":["GET"]}}],"collection":[{"href":"https:\/\/linitiative.ca\/International\/wp-json\/wp\/v2\/posts"}],"about":[{"href":"https:\/\/linitiative.ca\/International\/wp-json\/wp\/v2\/types\/post"}],"author":[{"embeddable":true,"href":"https:\/\/linitiative.ca\/International\/wp-json\/wp\/v2\/users\/1788"}],"replies":[{"embeddable":true,"href":"https:\/\/linitiative.ca\/International\/wp-json\/wp\/v2\/comments?post=65509"}],"version-history":[{"count":0,"href":"https:\/\/linitiative.ca\/International\/wp-json\/wp\/v2\/posts\/65509\/revisions"}],"wp:attachment":[{"href":"https:\/\/linitiative.ca\/International\/wp-json\/wp\/v2\/media?parent=65509"}],"wp:term":[{"taxonomy":"category","embeddable":true,"href":"https:\/\/linitiative.ca\/International\/wp-json\/wp\/v2\/categories?post=65509"},{"taxonomy":"post_tag","embeddable":true,"href":"https:\/\/linitiative.ca\/International\/wp-json\/wp\/v2\/tags?post=65509"}],"curies":[{"name":"wp","href":"https:\/\/api.w.org\/{rel}","templated":true}]}}