{"id":65510,"date":"2019-10-25T06:45:00","date_gmt":"2019-10-25T10:45:00","guid":{"rendered":"https:\/\/linitiative.ca\/International\/festival-de-fes-de-la-culture-soufie-reinventer-lart-de-vivre-ensemble\/"},"modified":"2019-10-25T06:45:00","modified_gmt":"2019-10-25T10:45:00","slug":"festival-de-fes-de-la-culture-soufie-reinventer-lart-de-vivre-ensemble","status":"publish","type":"post","link":"https:\/\/linitiative.ca\/International\/festival-de-fes-de-la-culture-soufie-reinventer-lart-de-vivre-ensemble\/","title":{"rendered":"Festival de F\u00e8s de la culture soufie \u00abR\u00e9inventer l\u2019art de vivre ensemble\u00bb"},"content":{"rendered":"<div readability=\"34\">\n<p>Lutter contre la religion unique et l\u2019assignation \u00e0 r\u00e9sidence<\/p>\n<p>Un nouveau projet de soci\u00e9t\u00e9 et de solidarit\u00e9 s\u2019impose\u2026<\/p>\n<\/div>\n<div readability=\"152\">\n<div class=\"dnd-atom-wrapper type-image context-sdl_editor_representation\" contenteditable=\"false\" readability=\"34.5\">\n<div class=\"dnd-drop-wrapper image\"><img loading=\"lazy\" decoding=\"async\" typeof=\"foaf:Image\" class=\"img-responsive\" src=\"https:\/\/www.leconomiste.com\/sites\/default\/files\/eco7\/public\/thumbnails\/image\/faouzi-skali-021.jpg\" width=\"660\" height=\"330\" alt=\"faouzi-skali-021.jpg\" title=\"faouzi-skali-021.jpg\"\/><\/div>\n<div class=\"dnd-legend-wrapper\" contenteditable=\"true\" readability=\"14\">\n<p class=\"rtejustify\">\u00abNous remercions vivement L\u2019Economiste qui nous livre, au quotidien, un compte-rendu du festival\u2026 L\u2019\u00e9tat d\u2019esprit de notre \u00e9v\u00e9nement y est restitu\u00e9 avec brio et talent\u00bb, indique Faouzi Skali, pr\u00e9sident du Festival qui se f\u00e9licite de son partenariat avec le groupe Eco-M\u00e9dias <em>(Ph. YSA)<\/em><\/p>\n<\/div>\n<\/div>\n<p class=\"rtejustify\">Esquisser \u00able soufisme comme art de vivre\u00bb. Un exercice auquel se sont donn\u00e9s d\u2019\u00e9minents penseurs lors d\u2019une des tables rondes du festival de F\u00e8s de la culture soufie (FFCS). Dans leur exploration, ils \u00e9taient unanimes \u00e0 dire que \u00abtoutes les religions se vivent et se d\u00e9clinent sur un plan culturel et soci\u00e9tal\u00bb. Le soufisme s\u2019est exprim\u00e9 dans ce sens notamment \u00e0 F\u00e8s, o\u00f9 la nostalgie du savoir-vivre revient assez souvent.<\/p>\n<p class=\"rtejustify\">En effet, la ville de Moulay Idriss abrite toutes les ethnies. \u00abSon pass\u00e9 renvoie \u00e0 un vivre-ensemble p\u00e9tri d\u2019une sorte de sagesse populaire qui a accompagn\u00e9 l\u2019histoire de la m\u00e9dina de mani\u00e8re juste et utile\u00bb, exprime Faouzi Skali, pr\u00e9sident du FFCS. Selon lui, \u00abcette sorte d\u2019acculturation li\u00e9e \u00e0 la spiritualit\u00e9, l\u2019\u00e9ducation et le comportement des gens, offrait un enseignement et une compr\u00e9hension\u00bb. La tol\u00e9rance dont t\u00e9moignaient les \u00e9rudits et leur ouverture \u00e0 la culture populaire vont dans ce sens. Connues sous le nom des \u00abMajdoub\u00bb, des personnes extatiques (loin de la connotation caricaturale), appel\u00e9es aussi les \u00abravies\u00bb, faisaient le lien entre le monde que nous vivons au quotidien.<\/p>\n<p class=\"rtejustify\">\u00abLes comprendre, c\u2019est comprendre cette dynamique en cours qui a produit ce type de culture\u00bb, rench\u00e9rit l\u2019anthropologue. Au FFCS, des experts ont aussi l\u2019occasion de ressusciter \u00abla nostalgie d\u2019un paradis perdu\u00bb. Ils\u00a0 \u00e9voquent le cheminement de F\u00e8s \u00e0 l\u2019Andalousie et conversent \u00e0 travers une circulation d\u2019id\u00e9es. \u00abCe qui est utile dans cette exploration, c\u2019est la conception de soci\u00e9t\u00e9s diff\u00e9rentes dans l\u2019acceptation de l\u2019autre, dans l\u2019ouverture et dans le vivre-ensemble\u00bb, insistent les \u00e9rudits.<\/p>\n<p class=\"rtejustify\">Sur la m\u00eame longueur d\u2019onde, Skali, h\u00e9ritier de ce patrimoine, rappelle que \u00able soufisme a irrigu\u00e9 plusieurs cultures\u2026 ce qui fait que l\u2019Islam n\u2019est pas totalitariste et pas partout pareil\u00bb. L\u2019aspect vivant du soufisme fait que celui-ci \u00e9pouse les lieux et les temps. Ce n\u2019est pas fortuit si l\u2019artiste Sami Ali, pr\u00e9sent au FFCS, s\u2019est inspir\u00e9 de cette culture pour lui donner son propre v\u00e9cu \u00e0 travers la peinture. Un art \u00e0 d\u00e9couvrir, toucher et admirer au Palais Sheherazad.<\/p>\n<p class=\"rtejustify\">\u00abCelui qui go\u00fbte sait de quoi il s\u2019agit\u00bb, disait Rabia\u00e2 Al Adaouiyya. Cette derni\u00e8re savait que \u00abla culture du soufisme peut \u00e9voluer\u00bb. Le retour \u00e0 cette incarnation invite les festivaliers \u00e0 un voyage dans le temps pour retrouver l\u2019Andalousie m\u00e9di\u00e9vale. Dans une \u00e9poque o\u00f9 l\u2019\u00eatre humain est d\u00e9pass\u00e9 par l\u2019innovation qu\u2019il subit, la recherche d\u2019un art de vie s\u2019impose. Ceci, en guise surtout d\u2019exister, partager, et prendre le temps avec les siens.<\/p>\n<p class=\"rtejustify\">Pour y parvenir, il faut r\u00e9inventer l\u2019art de vivre ensemble dans nos diversit\u00e9s et dans nos appartenances. Le but \u00e9tant de \u00ablutter contre l\u2019assignation \u00e0 r\u00e9sidence et le rappel \u00e0 la religion unique\u00bb. Les experts du FFCS continuent d\u2019\u00e9tudier les diff\u00e9rents mod\u00e8les, valeurs, histoires et moralit\u00e9s en vue d\u2019un ressourcement b\u00e9n\u00e9fique pour notre \u00e9poque. Certes, parler de tout cela n\u2019est pas assez audible dans le monde d\u2019aujourd\u2019hui.<\/p>\n<p class=\"rtejustify\">Mais, une telle r\u00e9flexion permet d\u2019\u00e9lever les d\u00e9bats, aller au c\u0153ur des choses, et alimenter les terreaux culturels. Cette pens\u00e9e collective incite \u00e0 comprendre, t\u00e9moigner et restituer une vision et lui donner sens. \u00abUn sens que portait il y a plus de 11 si\u00e8cles Fat\u00e9ma Al Fihriya en \u00e9difiant la Quaraouiyine et en la dotant de 17 portes ouvertes sur les diff\u00e9rents march\u00e9s et corporations de m\u00e9tiers de la m\u00e9dina de F\u00e8s\u00bb, se rem\u00e9more \u00e0 juste titre la journaliste Ikram Bennani, une habitu\u00e9e du festival.<\/p>\n<p class=\"rtejustify\">C\u2019est dans cette ambiance que se poursuivent les journ\u00e9es \u00abtr\u00e8s charg\u00e9es\u00bb du FFCS. En revanche, malgr\u00e9 un calendrier assez dense, les festivaliers sont remu\u00e9s par la puissance spirituelle. L\u2019\u00e9v\u00e9nement leur fait \u00abrevivre l\u2019esprit de F\u00e8s par la culture soufie\u00bb.<\/p>\n<blockquote readability=\"28\">\n<p class=\"rtecenter\"><span class=\"c5\"><strong><span class=\"c4\">Au premier \u00ablyc\u00e9e mixte\u00bb du Maroc<\/span><\/strong><\/span><\/p>\n<div class=\"dnd-atom-wrapper type-image context-sdl_editor_representation atom-align-right\" contenteditable=\"false\">\n<div class=\"dnd-drop-wrapper image\"><img loading=\"lazy\" decoding=\"async\" typeof=\"foaf:Image\" class=\"img-responsive\" src=\"https:\/\/leconomiste.com\/sites\/default\/files\/eco7\/public\/thumbnails\/image\/georges_michel_021.jpg\" width=\"182\" height=\"227\" alt=\"georges_michel_021.jpg\" title=\"georges_michel_021.jpg\"\/><\/div>\n<\/div>\n<p class=\"rtejustify\">Invit\u00e9 au FFCS, Georges Michel est un ancien du \u00ablyc\u00e9e mixte\u00bb de F\u00e8s. Un lyc\u00e9e qui portait tr\u00e8s bien son nom. D\u2019ailleurs, il \u00e9tait le premier du genre au Maroc. On y trouvait une mixit\u00e9 sociale et culturelle, et surtout une perception du Royaume dans tous ses aspects. N\u00e9 \u00e0 F\u00e8s en 1947, Michel quitte le Maroc en 1965, habite Brest. Aujourd\u2019hui, ce psychiatre hospitalier \u00e0 la retraite revient sur son v\u00e9cu \u00e0 F\u00e8s, \u00e0 travers les ouvrages \u00abLes Conf\u00e9rences des Amis de F\u00e8s\u00bb. Dans ses livres, l\u2019auteur nous plonge dans une nostalgie incompr\u00e9hensible et ind\u00e9finissable. Celle d\u2019une cit\u00e9 qui n\u2019appartient pas seulement aux Fassis. Car, elle a un sens universel qu\u2019il faudrait toucher, restituer et adopter\u2026 \u00abdans la compassion, l\u2019amiti\u00e9 et le partage\u00bb, souligne Laeila Noon, une soufie du Pakistan. Pour elle, \u00abF\u00e8s est emprunte du sacr\u00e9. Elle a des similitudes avec M\u00e9dine, la ville du Proph\u00e8te, et nous ram\u00e8ne \u00e0 Dieu, au monde et \u00e0 l\u2019humanisme spirituel\u00bb. En tout cas, cet amour de F\u00e8s serait h\u00e9r\u00e9ditaire. Il est aussi une culture vivante et un \u00e9tat d\u2019esprit.<\/p>\n<\/blockquote>\n<blockquote readability=\"22\">\n<p class=\"rtecenter\"><span class=\"c5\"><strong><span class=\"c4\">Premi\u00e8re sortie pour le Cardinal de Rabat<\/span><\/strong><\/span><\/p>\n<p class=\"rtejustify\">Le FFCS re\u00e7oit, vendredi,\u00a0 Cristobal Lopez, le Cardinal de Rabat, pour une table ronde autour de la th\u00e9matique: \u00abPrier au quotidien selon les trois traditions Abrahamiques: Prier pourquoi faire?\u00bb. C\u2019est la premi\u00e8re sortie de l\u2019ancien archev\u00eaque de Rabat qui vient d\u2019\u00eatre \u00e9lev\u00e9 Cardinal par Sa saintet\u00e9 le Pape. Il participera \u00e0 la r\u00e9flexion de F\u00e8s aux c\u00f4t\u00e9s des fr\u00e8res de Notre Dame de l\u2019Atlas (Midelt). Ces moines viennent chaque ann\u00e9e pour partager leurs histoires, amiti\u00e9s et itin\u00e9raires de voyages. Port\u00e9s par le sens de transmission et du savoir, ils soulignent que \u00abla soci\u00e9t\u00e9 la plus d\u00e9velopp\u00e9e est celle qui \u00e9l\u00e8ve notre humanit\u00e9 d\u00e8s notre naissance\u00bb. Pour cette \u00e9dition 2019, ils devront exprimer le sens de l\u2019humanit\u00e9 et de la solidarit\u00e9 par la religion, l\u2019\u00e9ducation et le sens de l\u2019humain. Mais, pas de crainte. \u00abCar, les valeurs et les personnes rencontr\u00e9es \u00e0 F\u00e8s nous ram\u00e8nent \u00e0 nous d\u00e9voiler, retrouver les attaches et faire r\u00e9sonner les souvenirs\u2026comme dans un cheminement de lib\u00e9ration\u00bb, conclut l\u2019artiste Amal Ayouche.\u00a0 o<\/p>\n<\/blockquote>\n<p class=\"rtecenter\"><strong><u>\u00a0\u00a0\u00a0\u00a0\u00a0\u00a0\u00a0\u00a0\u00a0\u00a0\u00a0\u00a0\u00a0\u00a0\u00a0\u00a0\u00a0\u00a0\u00a0\u00a0\u00a0\u00a0\u00a0\u00a0\u00a0\u00a0\u00a0\u00a0\u00a0\u00a0\u00a0\u00a0\u00a0\u00a0\u00a0\u00a0\u00a0\u00a0\u00a0\u00a0\u00a0\u00a0\u00a0\u00a0\u00a0\u00a0\u00a0\u00a0\u00a0\u00a0\u00a0\u00a0\u00a0\u00a0\u00a0\u00a0\u00a0\u00a0\u00a0\u00a0\u00a0\u00a0\u00a0\u00a0\u00a0\u00a0\u00a0\u00a0\u00a0\u00a0\u00a0\u00a0\u00a0\u00a0<\/u><\/strong><\/p>\n<p class=\"rtecenter\"><strong>Les tariqas animent les nuits de F\u00e8s<\/strong><\/p>\n<div class=\"dnd-atom-wrapper type-image context-sdl_editor_representation\" contenteditable=\"false\">\n<div class=\"dnd-drop-wrapper image\"><img loading=\"lazy\" decoding=\"async\" typeof=\"foaf:Image\" class=\"img-responsive\" src=\"https:\/\/leconomiste.com\/sites\/default\/files\/eco7\/public\/thumbnails\/image\/festival-de-fes-de-la-culture-soufie-tariqas-021.jpg\" width=\"660\" height=\"330\" alt=\"festival-de-fes-de-la-culture-soufie-tariqas-021.jpg\" title=\"festival-de-fes-de-la-culture-soufie-tariqas-021.jpg\"\/><\/div>\n<\/div>\n<p class=\"rtejustify\">Parall\u00e8lement au marathon de la r\u00e9flexion, les chants soufis des tariqas continuent d\u2019animer les soir\u00e9es de F\u00e8s, \u00e0 la grande salle de la Commune de F\u00e8s. Celle du lundi 21 octobre \u00e9tait l\u2019\u0153uvre de la Tariqa Sharqawiya. Elle a invit\u00e9 le public \u00e0 des moments spirituels, d\u2019\u00e9coute de soi et de stimulation. D\u2019autres artistes d\u00e9fileront tout au long de ce festival. Y figurent notamment Fatima Zohra Qortobi, Farzaneh Joorabchi, Ferhat Oguz Korc, le po\u00e8te Khaled Roumo, Leili Anvar, Th\u00e9ophile de Wallensbourg, la confr\u00e9rie turque Halveti ussaki et ses derviches tourneurs, le chef d\u2019orchestre fassi Mostafa Amri, sans oublier la Hadra fassia de femmes. Tous s\u2019inscrivent dans le dialogue et r\u00e9pondent \u00e0 une m\u00eame qu\u00eate de sens: d\u00e9couvrir comment le monde est un dans la diversit\u00e9.<\/p>\n<p class=\"rtejustify\"><em>Youness SAAD ALAMI<\/em><\/p>\n<p class=\"rtejustify\">\u00a0<\/p>\n<\/div>\n<p>Auteur: hlafriqi<br \/>\n<a href=\"https:\/\/www.leconomiste.com\/article\/1052195-festival-de-fes-de-la-culture-soufie-reinventer-l-art-de-vivre-ensemble\">Cliquez ici pour lire l&rsquo;article depuis sa source.<\/a><\/p>\n","protected":false},"excerpt":{"rendered":"<p>Lutter contre la religion unique et l\u2019assignation \u00e0 r\u00e9sidence Un nouveau projet de soci\u00e9t\u00e9 et de solidarit\u00e9 s\u2019impose\u2026 \u00abNous remercions vivement L\u2019Economiste qui nous livre, au quotidien, un compte-rendu du festival\u2026 L\u2019\u00e9tat d\u2019esprit de notre \u00e9v\u00e9nement y est restitu\u00e9 avec brio et talent\u00bb, indique Faouzi Skali, pr\u00e9sident du Festival qui se f\u00e9licite de son partenariat [&hellip;]<\/p>\n","protected":false},"author":1763,"featured_media":65511,"comment_status":"closed","ping_status":"closed","sticky":false,"template":"","format":"standard","meta":{"fifu_image_url":"","fifu_image_alt":"","footnotes":""},"categories":[78,54],"tags":[],"class_list":["post-65510","post","type-post","status-publish","format-standard","has-post-thumbnail","hentry","category-economie","category-maroc"],"_links":{"self":[{"href":"https:\/\/linitiative.ca\/International\/wp-json\/wp\/v2\/posts\/65510","targetHints":{"allow":["GET"]}}],"collection":[{"href":"https:\/\/linitiative.ca\/International\/wp-json\/wp\/v2\/posts"}],"about":[{"href":"https:\/\/linitiative.ca\/International\/wp-json\/wp\/v2\/types\/post"}],"author":[{"embeddable":true,"href":"https:\/\/linitiative.ca\/International\/wp-json\/wp\/v2\/users\/1763"}],"replies":[{"embeddable":true,"href":"https:\/\/linitiative.ca\/International\/wp-json\/wp\/v2\/comments?post=65510"}],"version-history":[{"count":0,"href":"https:\/\/linitiative.ca\/International\/wp-json\/wp\/v2\/posts\/65510\/revisions"}],"wp:featuredmedia":[{"embeddable":true,"href":"https:\/\/linitiative.ca\/International\/wp-json\/"}],"wp:attachment":[{"href":"https:\/\/linitiative.ca\/International\/wp-json\/wp\/v2\/media?parent=65510"}],"wp:term":[{"taxonomy":"category","embeddable":true,"href":"https:\/\/linitiative.ca\/International\/wp-json\/wp\/v2\/categories?post=65510"},{"taxonomy":"post_tag","embeddable":true,"href":"https:\/\/linitiative.ca\/International\/wp-json\/wp\/v2\/tags?post=65510"}],"curies":[{"name":"wp","href":"https:\/\/api.w.org\/{rel}","templated":true}]}}