{"id":65512,"date":"2019-10-25T06:46:00","date_gmt":"2019-10-25T10:46:00","guid":{"rendered":"https:\/\/linitiative.ca\/International\/festival-de-fes-de-la-culture-soufie-la-vie-est-une-preparation-au-grand-voyage\/"},"modified":"2019-10-25T06:46:00","modified_gmt":"2019-10-25T10:46:00","slug":"festival-de-fes-de-la-culture-soufie-la-vie-est-une-preparation-au-grand-voyage","status":"publish","type":"post","link":"https:\/\/linitiative.ca\/International\/festival-de-fes-de-la-culture-soufie-la-vie-est-une-preparation-au-grand-voyage\/","title":{"rendered":"Festival de F\u00e8s de la culture soufie: \u00abLa vie est une pr\u00e9paration au grand voyage\u00bb"},"content":{"rendered":"<div readability=\"38\">\n<p>Un \u00e9change f\u00e9cond sur l\u2019\u00e9ternit\u00e9, l\u2019\u00e2me et la sagesse<\/p>\n<p>Mandela, Mohammed V et l\u2019\u00e9mir Abdelkader\u2026 ressuscit\u00e9s<\/p>\n<p>Redonner \u00e0 la politique ses lettres de noblesse<\/p>\n<\/div>\n<div readability=\"164\">\n<div class=\"dnd-atom-wrapper type-image context-sdl_editor_representation\" contenteditable=\"false\" readability=\"34\">\n<div class=\"dnd-drop-wrapper image\"><img loading=\"lazy\" decoding=\"async\" typeof=\"foaf:Image\" class=\"img-responsive\" src=\"https:\/\/leconomiste.com\/sites\/default\/files\/eco7\/public\/thumbnails\/image\/ffcs-021.jpg\" width=\"660\" height=\"330\" alt=\"ffcs-021.jpg\" title=\"ffcs-021.jpg\"\/><\/div>\n<div class=\"dnd-legend-wrapper\" contenteditable=\"true\" readability=\"13\">\n<p class=\"rtejustify\">De l\u2019avis des panelistes du FFCS, F\u00e8s est forc\u00e9ment le contre-projet du transhumanisme. La ville des 1.000 saints et sanctuaires a pr\u00e9serv\u00e9 son cachet authentique et son \u00e2me spirituelle. \u00abIl faut prolonger l\u2019esprit de F\u00e8s sur le quotidien partout dans la m\u00e9dina, les m\u00e9dersas et les zaou\u00efas\u00bb, souhaite Faouzi Skali <em>(Ph. YSA)<\/em><\/p>\n<\/div>\n<\/div>\n<p class=\"rtejustify\">Cr\u00e9er des liens et \u00eatre dans la capacit\u00e9 d\u2019\u00e9coute et de stimulation. C\u2019est ce qu\u2019on appelle un \u00e9change f\u00e9cond. Et c\u2019est aussi l\u2019un des principaux objectifs du Festival de F\u00e8s de la culture soufie (FFCS). L\u2019\u00e9v\u00e9nement, dont la 12e \u00e9dition se poursuit jusqu\u2019au 26 octobre, ambitionne de faire revivre un mouvement de pens\u00e9e dont le but est de s\u2019\u00e9manciper des ordres transcendants de la religion et du sacr\u00e9.<\/p>\n<p class=\"rtejustify\">\u00abNous voulons prolonger l\u2019esprit de F\u00e8s sur le quotidien partout dans la m\u00e9dina, les m\u00e9dersas et les zaou\u00efas\u00bb, dit Faouzi Skali, initiateur du festival. Selon lui, \u00ables r\u00e9ponses philosophiques qui \u00e9mergent \u00e0 une \u00e9poque ou une autre d\u2019un tel d\u00e9bat ne sont jamais innocentes. Elles sont porteuses d\u2019une promesse de civilisation, d\u2019un choix de soci\u00e9t\u00e9\u00bb. C\u2019est ainsi que les principes de rationalit\u00e9, de d\u00e9mocratie, des droits humains, voire pour certains de lib\u00e9ralisme, ont conquis le monde.<\/p>\n<p class=\"rtejustify\">R\u00e9sultat: Des \u00abenjeux soci\u00e9taux se dessinent face au transhumanisme\u00bb et incitent \u00e0 la r\u00e9flexion. En ce sens, Th\u00e9ophile de Wallensbourg, ancien moine et th\u00e9ologien orthodoxe, et Khaled Roumo, po\u00e8te et chercheur de formation litt\u00e9raire, se sont pench\u00e9s sur la question lors d\u2019une des tables rondes du FFCS. Interpell\u00e9s sur \u00able type de civilisation \u00e0 vivre et ce qui reste en d\u00e9pit de tout\u00bb, chacun d\u2019entre eux a livr\u00e9 sa pens\u00e9e \u00e0 sa mani\u00e8re.<\/p>\n<p class=\"rtejustify\">Selon Khaled Roumo, \u00abdans l\u2019histoire de l\u2019humanit\u00e9, les messagers et mystiques ont essay\u00e9 de redresser l\u2019humanit\u00e9\u00bb. Pour avoir travaill\u00e9 sur le texte sacr\u00e9, l\u2019auteur du livre \u00abLe Coran d\u00e9chiffr\u00e9 selon l\u2019amour\u00bb a \u00e9t\u00e9 \u00abvisit\u00e9\u00bb un jour. Et depuis, \u00abson c\u0153ur bondit de joie en lisant le Coran\u00bb.<\/p>\n<p class=\"rtejustify\">Un t\u00e9moignage qu\u2019il fait pour montrer que \u00abce rapport \u00e0 Dieu est dynamique. Il est fait de joie et d\u2019extase et vient de la main, l\u2019angoisse et la sollicitude\u00bb. Dans cette osmose, les mystiques se rapprochaient de Dieu, puis allaient vers les autres pour mettre tout en partage. Sur les traces des anciens, l\u2019\u00e9crivain fran\u00e7ais d\u2019origine syrienne a recommand\u00e9 \u00able maintien en humanit\u00e9 par la cr\u00e9ation collective, ainsi que par la foi\u00bb. Car, selon lui, \u00abl\u2019\u00eatre humain qui ne discute pas avec Dieu a la foi faible\u00bb.<\/p>\n<p class=\"rtejustify\">De son c\u00f4t\u00e9, Th\u00e9ophile de Wallensbourg a choisi une autre forme d\u2019\u00e9mancipation.\u00a0 \u00abMusulman depuis 13 ans\u00bb, ce dernier a convi\u00e9 le public \u00e0 un voyage de F\u00e8s, \u00abce lieu de saintet\u00e9 qui est forc\u00e9ment le contre-projet du transhumanisme\u00bb, \u00e0 la Silicon Valley, \u00abla cit\u00e9 de la recherche et de la technologie qui ne se donne aucune limite\u00bb. \u00abIci, on construit une humanit\u00e9 hors-sol, qui cherche la royaut\u00e9 sans fin, le pouvoir et l\u2019immortalit\u00e9\u00bb.<\/p>\n<p class=\"rtejustify\">Or, cette destin\u00e9e est inqui\u00e9tante, intrigante, voire m\u00eame fatale. Pour y r\u00e9sister, il faudra du compagnonnage, de la solidarit\u00e9 et de la foi. En ayant ces principes, \u00abtoute la vie devient simplement une pr\u00e9paration au voyage en se nourrissant de ce viatique spirituel\u00bb, estime Skali. Et d\u2019ajouter: \u00abNous sommes dans la fragilit\u00e9 et nous nous pr\u00e9parons \u00e0 cette transformation\u00bb. Car, nous ne sommes pas seulement une physiologie, mais nous avons aussi une \u00e2me qui va pouvoir survivre.<\/p>\n<p class=\"rtejustify\">En attendant, elle doit se nourrir des cultures, dont le soufisme. Cette culture saura peut-\u00eatre nous faire appr\u00e9hender le choix d\u2019une politique comme un art de vivre, l\u2019ouverture \u00e0 des richesses intangibles et immat\u00e9rielles de notre humanit\u00e9, le respect \u00e9vident de la diversit\u00e9 des religions et cultures, l\u2019association fructueuse entre le savoir et la spiritualit\u00e9, l\u2019exaltation po\u00e9tique de notre environnement et de notre humanit\u00e9, fragiles certes, et qu\u2019il nous faut d\u2019autant plus pr\u00e9server.<\/p>\n<p class=\"rtejustify\">\u00abUne spiritualit\u00e9 qui ne viendra pas s\u2019opposer aux acquis de l\u2019humanisme mais plut\u00f4t insuffler une \u00e2me en celui-ci en lui redonnant sens et profondeur\u00bb, insiste le pr\u00e9sident du FFCS. Et de conclure: \u00abLa culture soufie peut ainsi apporter sa contribution, parmi d\u2019autres spiritualit\u00e9s et sagesses du monde, \u00e0 une autre civilisation possible\u00bb.<\/p>\n<blockquote readability=\"25\">\n<p class=\"rtecenter\"><strong><span class=\"c4\">La non-violence<\/span><\/strong><\/p>\n<p class=\"rtejustify\">Malgr\u00e9 un agenda charg\u00e9, les festivaliers maintiennent le cap. Le mardi 22 octobre, le panel matinal discutait de \u00abla pratique de la non-violence au quotidien\u00bb. Dans une p\u00e9riode o\u00f9 l\u2019on assiste \u00e0 une mont\u00e9e de l\u2019incompr\u00e9hension et des malentendus conduisant parfois \u00e0 des finitudes, les anthropologues optent pour le dialogue interculturel pour \u00abstopper l\u2019exacerbation identitaire\u00bb. Ils d\u00e9plorent, toutefois, \u00abcette tragi-com\u00e9die dans les m\u00e9dias o\u00f9 personne n\u2019entend personne, l\u2019\u00e9mergence des technologies qui a rendu la communication de plus en plus difficile, ou encore les discours politiques haineux favorisant les extr\u00eames\u00bb. Pour y rem\u00e9dier, ils appellent \u00e0 la sagesse, \u00e0 l\u2019\u00e9l\u00e9gance politique de Mandela (lui-m\u00eame inspir\u00e9 de Ghandi), la noblesse de l\u2019\u00e2me de l\u2019\u00e9mir Abdelkader, ou encore le pacifisme de Mohammed V qui ne faisait pas dans la r\u00e9action (y compris dans les moments difficiles, notamment celui de l\u2019exil). Gr\u00e2ce \u00e0 l\u2019exp\u00e9rience de ces derniers, l\u2019on pourrait \u00abredonner \u00e0 la politique ses lettres de noblesse\u00bb. Pour apaiser notre pratique au quotidien, il faut \u00abagir tout en se d\u00e9tachant des fruits de l\u2019action\u00bb. La non-violence en soi est une exp\u00e9rience spirituelle du soufisme, de la noblesse de l\u2019\u00e2me et de la sagesse. \u00abIl faut se lib\u00e9rer du cercle action-r\u00e9action, et essayer d\u2019agir juste tout en exigeant des autres de faire autant\u00bb, souligne Skali.\u00a0<\/p>\n<\/blockquote>\n<blockquote readability=\"21\">\n<p class=\"rtecenter\"><strong><span class=\"c4\">Ne pas instrumentaliser le spirituel<\/span><\/strong><\/p>\n<p class=\"rtejustify\">De l\u2019avis d\u2019Ibrahim Salama, directeur de la Division des trait\u00e9s relatifs aux droits de l\u2019Homme au Bureau des Nations unies du Haut-Commissariat aux droits de l\u2019Homme, \u00ables droits de l\u2019Homme ne suffisent pas \u00e0 instaurer la non-violence\u00bb. \u00abA la sagesse du soufisme, il faut ajouter des outils, du sens et une interdisciplinarit\u00e9\u2026 afin de produire des discours sans haine, contenir les masses et utiliser les technologies de mani\u00e8re cr\u00e9ative\u00bb, dit-il. Et d\u2019ajouter: \u00abLa s\u00e9cularit\u00e9 ne doit pas devenir s\u00e9cularisme\u00bb. Faisant r\u00e9f\u00e9rence \u00e0 la r\u00e9flexion occidentale concernant les probl\u00e8mes d\u2019immigration, Salama a alert\u00e9 quant \u00e0 \u00abla d\u00e9s\u00e9cularisation que vit l\u2019Europe\u00bb. \u00abIl faut faire de la politique citoyenne, spiritualiser le politique et non pas politiser le spirituel\u00bb, r\u00e9torque un autre intervenant. En d\u2019autres termes, \u00e9viter d\u2019instrumentaliser le spirituel pour ne pas le d\u00e9proc\u00e9der de la sagesse. Enfin, il faut toujours appliquer \u00e0 soi-m\u00eame ce qu\u2019on veut appliquer aux autres.<\/p>\n<\/blockquote>\n<p class=\"rtecenter\"><strong><u>\u00a0\u00a0\u00a0\u00a0\u00a0\u00a0\u00a0\u00a0\u00a0\u00a0\u00a0\u00a0\u00a0\u00a0\u00a0\u00a0\u00a0\u00a0\u00a0\u00a0\u00a0\u00a0\u00a0\u00a0\u00a0\u00a0\u00a0\u00a0\u00a0\u00a0\u00a0\u00a0\u00a0\u00a0\u00a0\u00a0\u00a0\u00a0\u00a0\u00a0\u00a0\u00a0\u00a0\u00a0\u00a0\u00a0\u00a0\u00a0\u00a0\u00a0\u00a0\u00a0\u00a0\u00a0\u00a0\u00a0\u00a0\u00a0\u00a0\u00a0\u00a0\u00a0<\/u><\/strong><\/p>\n<p class=\"rtecenter\"><strong>Tariqa Rissounya<\/strong><\/p>\n<div class=\"dnd-atom-wrapper type-image context-sdl_editor_representation\" contenteditable=\"false\">\n<div class=\"dnd-drop-wrapper image\"><img loading=\"lazy\" decoding=\"async\" typeof=\"foaf:Image\" class=\"img-responsive\" src=\"https:\/\/leconomiste.com\/sites\/default\/files\/eco7\/public\/thumbnails\/image\/tariqa-rissounya-021.jpg\" width=\"660\" height=\"330\" alt=\"tariqa-rissounya-021.jpg\" title=\"tariqa-rissounya-021.jpg\"\/><\/div>\n<\/div>\n<p class=\"rtejustify\">Le d\u00e9fil\u00e9 des tariqas continue de servir des \u00abdisciples\u00bb assoiff\u00e9s de chants spirituels. C\u2019est ainsi que la Tariqa Rissounya a anim\u00e9 la soir\u00e9e du 22 octobre, \u00e0 la grande salle de la mairie. Notons que la zaou\u00efa Rissounya a \u00e9t\u00e9 fond\u00e9e par Sidi Mhammed Ben Ali Ben Rissoun, de descendance ch\u00e9rifienne, en 1609, sous l\u2019instigation de son ma\u00eetre Sidi Abd Allah ben al Hussayn al Mghari dont le sanctuaire se trouve dans la petite ville de Tamesloht, pr\u00e8s de Marrakech. Son ma\u00eetre actuel est Sidi Ali Rissouni qui est un \u00e9rudit et un ma\u00eetre du soufisme. Il organise chaque ann\u00e9e un grand moussem (rencontre) de la zaou\u00efa au mois de juillet.<\/p>\n<p class=\"rtejustify\"><em>Youness SAAD ALAMI<\/em><br \/>\u00a0<\/p>\n<p class=\"rtejustify\">\u00a0<\/p>\n<\/div>\n<p>Auteur: hlafriqi<br \/>\n<a href=\"https:\/\/www.leconomiste.com\/article\/1052196-festival-de-fes-de-la-culture-soufie-la-vie-est-une-preparation-au-grand-voyage\">Cliquez ici pour lire l&rsquo;article depuis sa source.<\/a><\/p>\n","protected":false},"excerpt":{"rendered":"<p>Un \u00e9change f\u00e9cond sur l\u2019\u00e9ternit\u00e9, l\u2019\u00e2me et la sagesse Mandela, Mohammed V et l\u2019\u00e9mir Abdelkader\u2026 ressuscit\u00e9s Redonner \u00e0 la politique ses lettres de noblesse De l\u2019avis des panelistes du FFCS, F\u00e8s est forc\u00e9ment le contre-projet du transhumanisme. La ville des 1.000 saints et sanctuaires a pr\u00e9serv\u00e9 son cachet authentique et son \u00e2me spirituelle. \u00abIl faut [&hellip;]<\/p>\n","protected":false},"author":1763,"featured_media":65513,"comment_status":"closed","ping_status":"closed","sticky":false,"template":"","format":"standard","meta":{"fifu_image_url":"","fifu_image_alt":"","footnotes":""},"categories":[78,54],"tags":[],"class_list":["post-65512","post","type-post","status-publish","format-standard","has-post-thumbnail","hentry","category-economie","category-maroc"],"_links":{"self":[{"href":"https:\/\/linitiative.ca\/International\/wp-json\/wp\/v2\/posts\/65512","targetHints":{"allow":["GET"]}}],"collection":[{"href":"https:\/\/linitiative.ca\/International\/wp-json\/wp\/v2\/posts"}],"about":[{"href":"https:\/\/linitiative.ca\/International\/wp-json\/wp\/v2\/types\/post"}],"author":[{"embeddable":true,"href":"https:\/\/linitiative.ca\/International\/wp-json\/wp\/v2\/users\/1763"}],"replies":[{"embeddable":true,"href":"https:\/\/linitiative.ca\/International\/wp-json\/wp\/v2\/comments?post=65512"}],"version-history":[{"count":0,"href":"https:\/\/linitiative.ca\/International\/wp-json\/wp\/v2\/posts\/65512\/revisions"}],"wp:featuredmedia":[{"embeddable":true,"href":"https:\/\/linitiative.ca\/International\/wp-json\/"}],"wp:attachment":[{"href":"https:\/\/linitiative.ca\/International\/wp-json\/wp\/v2\/media?parent=65512"}],"wp:term":[{"taxonomy":"category","embeddable":true,"href":"https:\/\/linitiative.ca\/International\/wp-json\/wp\/v2\/categories?post=65512"},{"taxonomy":"post_tag","embeddable":true,"href":"https:\/\/linitiative.ca\/International\/wp-json\/wp\/v2\/tags?post=65512"}],"curies":[{"name":"wp","href":"https:\/\/api.w.org\/{rel}","templated":true}]}}