{"id":65514,"date":"2019-10-25T07:00:00","date_gmt":"2019-10-25T11:00:00","guid":{"rendered":"https:\/\/linitiative.ca\/International\/syrie-ankara-met-fin-a-son-offensive-militaire\/"},"modified":"2019-10-25T07:00:00","modified_gmt":"2019-10-25T11:00:00","slug":"syrie-ankara-met-fin-a-son-offensive-militaire","status":"publish","type":"post","link":"https:\/\/linitiative.ca\/International\/syrie-ankara-met-fin-a-son-offensive-militaire\/","title":{"rendered":"Syrie: Ankara met fin \u00e0 son offensive militaire"},"content":{"rendered":"<div readability=\"35\">\n<p>Un accord russo-turc pour contr\u00f4ler la fronti\u00e8re<\/p>\n<p>Lutter contre le terrorisme, faciliter le retour des r\u00e9fugi\u00e9s<\/p>\n<\/div>\n<div readability=\"82.5\">\n<p class=\"rtejustify\">La Turquie a annonc\u00e9 qu&rsquo;elle ne re\u00adprendrait pas son offensive militaire contre les forces kurdes dans le nord de la Syrie. Car ces derni\u00e8res se sont retir\u00e9es des zones frontali\u00e8res. Ceci conform\u00e9ment \u00e0 l&rsquo;accord arrach\u00e9 il y a quelques jours par le vice-pr\u00e9\u00adsident am\u00e9ricain Mike Pence. Pour \u00e9viter un conflit turco-kurde exacerb\u00e9, les pr\u00e9sidents turc et russe, Recep Tayyip Erdogan et Vla\u00addimir Poutine, se sont accord\u00e9s sur un retrait des forces kurdes du nord-est de la Syrie et le contr\u00f4le en commun d&rsquo;une large par\u00adtie de la fronti\u00e8re turco-syrienne. Voici les principaux points du m\u00e9morandum conclu \u00e0 Sotchi:<\/p>\n<p class=\"rtejustify\"><strong>\u25a0 Diff\u00e9rentes zones:<\/strong> Ankara garde la haute main dans une zone de 120 km le long de la fronti\u00e8re syro-turque et de 32 km de profondeur, entre la ville de Tal-Abyad (que la Turquie a prise au d\u00e9but de l&rsquo;offensive) et celle de Ras al-A\u00efn (dont les derniers combattants kurdes se sont reti\u00adr\u00e9s dimanche dernier). L&rsquo;accord parle d&rsquo;un maintien du statu quo dans cette r\u00e9gion et n&rsquo;\u00e9voque aucune date de retrait pour les Turcs. Pour les secteurs frontaliers bordant cette zone o\u00f9 l&rsquo;arm\u00e9e turque est pr\u00e9sente, un autre r\u00e9gime a \u00e9t\u00e9 d\u00e9cid\u00e9. Les forces kurdes YPG doivent se retirer avec leurs armes dans un d\u00e9lai de \u00ab150 heures \u00e0 partir du 23 octobre\u00bb, au-del\u00e0 de 30 km de la fronti\u00e8re turco-syrienne. La police militaire russe et les gardes-fronti\u00e8res devront faciliter ce retrait, y compris de Minbej o\u00f9 les Russes et les Syriens sont d\u00e9j\u00e0 pr\u00e9sents. A l&rsquo;issue de ce d\u00e9lai, des patrouilles communes turques et russes vont circuler dans une zone de 10 km de profondeur depuis la fronti\u00e8re, \u00e0 l&rsquo;ouest et \u00e0 l&rsquo;est du secteur pris par la Turquie lors de son offensive baptis\u00e9e \u00abSource de Paix\u00bb.<\/p>\n<p class=\"rtejustify\"><strong>\u25a0 Terrorisme et r\u00e9fugi\u00e9s:<\/strong> Dans l&rsquo;ac\u00adcord, la Russie et la Turquie r\u00e9it\u00e8rent leur volont\u00e9 de lutter contre le terrorisme dans toutes ses formes. Poutine a explicitement fait r\u00e9f\u00e9rence au risque de r\u00e9surgence du groupe Etat islamique, dont des milliers de v\u00e9t\u00e9rans sont d\u00e9tenus par les Kurdes. De son c\u00f4t\u00e9 Erdogan, qui a salu\u00e9 un accord historique, avait en t\u00eate la menace que repr\u00e9sente, selon lui, pour son pays le s\u00e9\u00adparatisme kurde. L&rsquo;accord pr\u00e9voit par ail\u00adleurs des efforts russo-turcs pour faciliter le retour volontaire et s\u00e9curis\u00e9 de r\u00e9fugi\u00e9s. La Turquie, qui accueille sur son territoire 3,6 millions de r\u00e9fugi\u00e9, a dit vouloir que deux millions d&rsquo;entre eux retournent en Syrie dans la zone de s\u00e9curit\u00e9 qu&rsquo;elle est en passe de mettre en place.<\/p>\n<p class=\"rtejustify\"><strong>\u25a0 R\u00e8glement politique:<\/strong> La Russie et la Turquie, bien que soutenant diff\u00e9rents camps de la guerre civile, ont insist\u00e9 sur la pr\u00e9servation de l&rsquo;int\u00e9grit\u00e9 territoriale de la Syrie. Ils assurent poursuivre leurs efforts visant \u00e0 trouver une \u00ab\u00a0solution poli\u00adtique durable\u00a0\u00bb au conflit syrien. Ceci dans le cadre du processus de paix d&rsquo;Astana, l&rsquo;ancien nom de Nur-Sultan, la capitale du Kazakhstan, o\u00f9 les n\u00e9gociations se tiennent depuis 2017.<\/p>\n<p class=\"rtejustify\">Dans le m\u00eame temps, des forces du r\u00e9gime syrien se dirigent vers la zone fron\u00adtali\u00e8re apr\u00e8s avoir \u00e9t\u00e9 appel\u00e9es \u00e0 l&rsquo;aide par les forces kurdes.<\/p>\n<blockquote readability=\"14\">\n<p class=\"rtecenter\"><strong><span class=\"c4\">R\u00e9union tendue \u00e0 l&rsquo;Otan<\/span><\/strong><\/p>\n<p class=\"rtejustify\">Une r\u00e9union des ministres de la D\u00e9fense de l&rsquo;Otan se tient ce jeudi 24 octobre \u00e0 Bruxelles. Elle doit permettre d&rsquo;aplanir les divergences apparues au sein de l&rsquo;Alliance apr\u00e8s l&rsquo;op\u00e9ration lanc\u00e9e par la Turquie, l&rsquo;un de ses membres, dans le nord-est de la Syrie, a annonc\u00e9 le secr\u00e9taire g\u00e9n\u00e9ral de l&rsquo;Otan Jens Stoltenberg. De son c\u00f4t\u00e9, le pr\u00e9sident am\u00e9ricain Donald Trump a qualifi\u00e9 de \u00abgrand succ\u00e8s la cr\u00e9ation d&rsquo;une zone de s\u00e9curit\u00e9 en Syrie\u00bb. Il ferait une d\u00e9claration sur le sujet depuis la Maison-Blanche.<\/p>\n<\/blockquote>\n<p class=\"rtejustify\"><em>F. Z. T. avec agences<\/em><\/p>\n<\/div>\n<p>Auteur: hlafriqi<br \/>\n<a href=\"https:\/\/www.leconomiste.com\/article\/1052172-syrie-ankara-met-fin-son-offensive-militaire\">Cliquez ici pour lire l&rsquo;article depuis sa source.<\/a><\/p>\n","protected":false},"excerpt":{"rendered":"<p>Un accord russo-turc pour contr\u00f4ler la fronti\u00e8re Lutter contre le terrorisme, faciliter le retour des r\u00e9fugi\u00e9s La Turquie a annonc\u00e9 qu&rsquo;elle ne re\u00adprendrait pas son offensive militaire contre les forces kurdes dans le nord de la Syrie. Car ces derni\u00e8res se sont retir\u00e9es des zones frontali\u00e8res. Ceci conform\u00e9ment \u00e0 l&rsquo;accord arrach\u00e9 il y a quelques [&hellip;]<\/p>\n","protected":false},"author":1763,"featured_media":0,"comment_status":"closed","ping_status":"closed","sticky":false,"template":"","format":"standard","meta":{"fifu_image_url":"","fifu_image_alt":"","footnotes":""},"categories":[78,54],"tags":[],"class_list":["post-65514","post","type-post","status-publish","format-standard","hentry","category-economie","category-maroc"],"_links":{"self":[{"href":"https:\/\/linitiative.ca\/International\/wp-json\/wp\/v2\/posts\/65514","targetHints":{"allow":["GET"]}}],"collection":[{"href":"https:\/\/linitiative.ca\/International\/wp-json\/wp\/v2\/posts"}],"about":[{"href":"https:\/\/linitiative.ca\/International\/wp-json\/wp\/v2\/types\/post"}],"author":[{"embeddable":true,"href":"https:\/\/linitiative.ca\/International\/wp-json\/wp\/v2\/users\/1763"}],"replies":[{"embeddable":true,"href":"https:\/\/linitiative.ca\/International\/wp-json\/wp\/v2\/comments?post=65514"}],"version-history":[{"count":0,"href":"https:\/\/linitiative.ca\/International\/wp-json\/wp\/v2\/posts\/65514\/revisions"}],"wp:attachment":[{"href":"https:\/\/linitiative.ca\/International\/wp-json\/wp\/v2\/media?parent=65514"}],"wp:term":[{"taxonomy":"category","embeddable":true,"href":"https:\/\/linitiative.ca\/International\/wp-json\/wp\/v2\/categories?post=65514"},{"taxonomy":"post_tag","embeddable":true,"href":"https:\/\/linitiative.ca\/International\/wp-json\/wp\/v2\/tags?post=65514"}],"curies":[{"name":"wp","href":"https:\/\/api.w.org\/{rel}","templated":true}]}}