{"id":65517,"date":"2019-10-25T07:30:00","date_gmt":"2019-10-25T11:30:00","guid":{"rendered":"https:\/\/linitiative.ca\/International\/projet-de-loi-de-finances-la-fin-des-regimes-preferentiels\/"},"modified":"2019-10-25T07:30:00","modified_gmt":"2019-10-25T11:30:00","slug":"projet-de-loi-de-finances-la-fin-des-regimes-preferentiels","status":"publish","type":"post","link":"https:\/\/linitiative.ca\/International\/projet-de-loi-de-finances-la-fin-des-regimes-preferentiels\/","title":{"rendered":"Projet de loi de finances: La fin des r\u00e9gimes pr\u00e9f\u00e9rentiels?"},"content":{"rendered":"<div class=\"dnd-atom-wrapper type-image context-sdl_editor_representation\" contenteditable=\"false\">\n<div class=\"dnd-drop-wrapper image\"><img loading=\"lazy\" decoding=\"async\" typeof=\"foaf:Image\" class=\"img-responsive\" src=\"https:\/\/www.leconomiste.com\/sites\/default\/files\/eco7\/public\/thumbnails\/image\/cari_cl_020.jpg\" width=\"800\" height=\"371\" alt=\"cari_cl_020.jpg\" title=\"cari_cl_020.jpg\"\/><\/div>\n<\/div>\n<p class=\"rtejustify\"><strong>\u25a0 Les salari\u00e9s, ces mal lotis du syst\u00e8me\u2026<\/strong><\/p>\n<p class=\"rtejustify\">Quid de la d\u00e9clinaison des recommandations des Assises Fiscales relatives \u00e0 la r\u00e9vision des taux et des tranches de l\u2019IR, retenu \u00e0 la source aupr\u00e8s des fonctionnaires, des salari\u00e9s ou encore des retrait\u00e9s? Encore une fois, les mesures d\u00e9cr\u00e9t\u00e9es sont avant tout favorables au patronat (\u00e0 travers l\u2019IS), aux fraudeurs et aux dealers corrompus\u2026. N\u2019y a t-il pas quelqu\u2019un apte \u00e0 penser aux mal lotis du syst\u00e8me fiscal marocain, lesquels subissent une retenue \u00e0 la source du premier jour de leur carri\u00e8re \u00e0 leur d\u00e9c\u00e8s? Messieurs les repr\u00e9sentants des salari\u00e9s, il\u00a0 est temps de vous r\u00e9veiller! A moins que vous aussi n\u2019attendiez les \u00e9lections de 2021 pour rempiler pour un nouveau mandat en douceur.<\/p>\n<p class=\"rtejustify\"><em>D.C.<\/em><\/p>\n<p class=\"rtejustify\"><strong>\u25a0 Promesses non tenues<\/strong><br \/>En tant qu\u2019int\u00e9ress\u00e9 puisque contribuable \u00e0 l\u2019IR, je m\u2019attendais \u00e0 ce que le projet de loi de finances 2020 annonce la r\u00e9vision des tranches et des taux de cet imp\u00f4t dans un objectif d\u2019\u00e9quit\u00e9 et de justice fiscale.<br \/>A la place, il a \u00e9t\u00e9 annonc\u00e9 une amnistie fiscale, mesure qui profiterait \u00e0 l\u2019inverse \u00e0 une poign\u00e9e de fraudeurs et qui ne fait aucunement partie des recommandations des Assises fiscales tenues en mai dernier. Adieu promesses et justice fiscale\u2026<br \/>C.D.<\/p>\n<p class=\"rtejustify\"><strong>\u25a0\u00a0A quand la fin de la cotisation minimale ?<\/strong><br \/>La cotisation minimale est un imp\u00f4t absurde qui doit absolument \u00eatre supprim\u00e9, \u00e9tant donn\u00e9 ses nombreux effets pervers. En effet, taxer les professionnels \u00e0 hauteur de 6% du chiffre d\u2019affaires est contre-productif. Les assises de la fiscalit\u00e9 avaient envisag\u00e9 la suppression de cet imp\u00f4t. Mais tout porte \u00e0 croire que ces assises n&rsquo;auront servi \u00e0 rien, si ce n\u2019est \u00e0 taxer davantage les acteurs \u00e9conomiques pour pouvoir alimenter le budget d&rsquo;administrations de plus en plus boulimiques et dans l&rsquo;incapacit\u00e9 totale de se r\u00e9former.<br \/><em>S.L.<\/em><\/p>\n<p class=\"rtecenter\"><em><strong><u>\u00a0\u00a0\u00a0\u00a0\u00a0\u00a0\u00a0\u00a0\u00a0\u00a0\u00a0\u00a0\u00a0\u00a0\u00a0\u00a0\u00a0\u00a0\u00a0\u00a0\u00a0\u00a0\u00a0\u00a0\u00a0\u00a0\u00a0\u00a0\u00a0\u00a0\u00a0\u00a0\u00a0\u00a0\u00a0\u00a0\u00a0\u00a0\u00a0\u00a0\u00a0\u00a0\u00a0\u00a0\u00a0\u00a0\u00a0\u00a0\u00a0\u00a0\u00a0\u00a0\u00a0\u00a0\u00a0\u00a0\u00a0\u00a0\u00a0\u00a0\u00a0\u00a0\u00a0\u00a0\u00a0\u00a0\u00a0\u00a0\u00a0<\/u><\/strong><\/em><\/p>\n<p class=\"rtecenter\"><strong>Hajar Raissouni: Une peine non m\u00e9rit\u00e9e \u00e9vit\u00e9e de justesse!<\/strong><\/p>\n<div class=\"dnd-atom-wrapper type-image context-sdl_editor_representation atom-align-right\" contenteditable=\"false\">\n<div class=\"dnd-drop-wrapper image\"><img loading=\"lazy\" decoding=\"async\" typeof=\"foaf:Image\" class=\"img-responsive\" src=\"https:\/\/www.leconomiste.com\/sites\/default\/files\/eco7\/public\/thumbnails\/image\/hajar_raissouni_021.jpg\" width=\"340\" height=\"230\" alt=\"hajar_raissouni_021.jpg\" title=\"hajar_raissouni_021.jpg\"\/><\/div>\n<\/div>\n<p class=\"rtejustify\">Hajar Raissouni a \u00e9t\u00e9 condamn\u00e9e injustement. Elle n&rsquo;a en effet tu\u00e9 ou agress\u00e9 personne! Elle n\u2019a pas non plus commis de vol ou d\u2019escroquerie\u2026 Pourtant, des hommes ont voulu l\u2019enfermer de force au nom de la \u00abmorale\u00bb. Rappelons simplement qu\u2019il y a quelques ann\u00e9es \u00e0 Casablanca, un chauffard a percut\u00e9 de plein fouet un enfant\u00a0 n\u2019\u00e9copant au final que de 3 mois de prison. Un grand merci \u00e0 tous ceux et \u00e0 toutes celles qui se sont mobilis\u00e9s pour d\u00e9fendre cette cause qui nous concerne tous.<br \/><em>O.H.<\/em><\/p>\n<p class=\"rtecenter\"><em><strong><u>\u00a0\u00a0\u00a0\u00a0\u00a0\u00a0\u00a0\u00a0\u00a0\u00a0\u00a0\u00a0\u00a0\u00a0\u00a0\u00a0\u00a0\u00a0\u00a0\u00a0\u00a0\u00a0\u00a0\u00a0\u00a0\u00a0\u00a0\u00a0\u00a0\u00a0\u00a0\u00a0\u00a0\u00a0\u00a0\u00a0\u00a0\u00a0\u00a0\u00a0\u00a0\u00a0\u00a0\u00a0\u00a0\u00a0\u00a0\u00a0\u00a0\u00a0\u00a0\u00a0\u00a0\u00a0\u00a0\u00a0\u00a0\u00a0\u00a0\u00a0\u00a0\u00a0\u00a0\u00a0\u00a0\u00a0\u00a0\u00a0\u00a0<\/u><\/strong><\/em><\/p>\n<p class=\"rtecenter\"><strong>PME: Un investissement\u00a0 limit\u00e9 \u00e0 nos fronti\u00e8res!<\/strong><\/p>\n<p class=\"rtejustify\"><strong>\u25a0\u00a0Le travail des ambassades avant tout !<\/strong><br \/>Les PME n\u2019investissent pas suffisamment hors de nos fronti\u00e8res. Pour changer la donne, il faudrait s\u2019inspirer de la technique espagnole d&rsquo;investissement au Maroc. En effet, les services consulaires de la p\u00e9ninsule ib\u00e9rique accompagnent r\u00e9guli\u00e8rement leurs citoyens souhaitant investir chez nous. Aussi, les attach\u00e9s \u00e9conomiques de nos ambassades devraient r\u00e9aliser un travail similaire, ce qui ouvrirait des opportunit\u00e9s multiples. Un moyen d\u2019encourager les PME locales \u00e0 sauter le pas et \u00e0 int\u00e9grer le march\u00e9 ext\u00e9rieur.<br \/><em>B.B.<\/em><\/p>\n<p class=\"rtejustify\"><strong>\u25a0 Un moyen de booster l\u2019\u00e9conomie et de contrer le ch\u00f4mage<\/strong><br \/>Donner l\u2019occasion aux petites et moyennes entreprises d\u2019investir \u00e0 l\u2019\u00e9tranger, c\u2019est leur redonner en quelque sorte un second souffle. Une parade contre le ch\u00f4mage qui boosterait indiscutablement notre \u00e9conomie. A ce titre, la FMDPA vient d\u2019organise justement la Partnerships &#038; Alliances Day. Ce genre de rencontres strat\u00e9giques devrait \u00eatre multipli\u00e9 puisque tr\u00e8s b\u00e9n\u00e9fique dans ce sens.<br \/><em>S.Y<\/em>.<\/p>\n<p class=\"rtecenter\"><em><strong><u>\u00a0\u00a0\u00a0\u00a0\u00a0\u00a0\u00a0\u00a0\u00a0\u00a0\u00a0\u00a0\u00a0\u00a0\u00a0\u00a0\u00a0\u00a0\u00a0\u00a0\u00a0\u00a0\u00a0\u00a0\u00a0\u00a0\u00a0\u00a0\u00a0\u00a0\u00a0\u00a0\u00a0\u00a0\u00a0\u00a0\u00a0\u00a0\u00a0\u00a0\u00a0\u00a0\u00a0\u00a0\u00a0\u00a0\u00a0\u00a0\u00a0\u00a0\u00a0\u00a0\u00a0\u00a0\u00a0\u00a0\u00a0\u00a0\u00a0\u00a0\u00a0\u00a0\u00a0\u00a0\u00a0\u00a0\u00a0\u00a0\u00a0<\/u><\/strong><\/em><\/p>\n<p class=\"rtecenter\"><strong>Remorquage pour infraction: Quid de la facture?<\/strong><\/p>\n<div class=\"dnd-atom-wrapper type-image context-sdl_editor_representation\" contenteditable=\"false\">\n<div class=\"dnd-drop-wrapper image\"><img loading=\"lazy\" decoding=\"async\" typeof=\"foaf:Image\" class=\"img-responsive\" src=\"https:\/\/www.leconomiste.com\/sites\/default\/files\/eco7\/public\/thumbnails\/image\/remorquage-fourriere-021.jpg\" width=\"660\" height=\"330\" alt=\"remorquage-fourriere-021.jpg\" title=\"remorquage-fourriere-021.jpg\"\/><\/div>\n<\/div>\n<p class=\"rtejustify\"><strong>\u25a0 Une activit\u00e9 qui baigne depuis longtemps dans l\u2019informel<\/strong><br \/>C\u2019est \u00e9trange que l\u2019on commence \u00e0 peine \u00e0 \u00e9voquer le probl\u00e8me de l\u2019absence de re\u00e7u ou de facture lors du remorquage d\u2019un v\u00e9hicule ou d\u2019une nuit\u00e9e \u00e0 la fourri\u00e8re! Une activit\u00e9 qui baigne malheureusement en grande partie dans l\u2019informel et le graissage de pattes!<br \/><em>A.B.<\/em><\/p>\n<p class=\"rtejustify\"><strong>\u25a0 Beaucoup trop d\u2019abus!<\/strong><br \/>Le remorquage dans les cas de stationnement interdit me semble abusif! Je peux comprendre une mise en fourri\u00e8re si un v\u00e9hicule bloque la circulation dans les \u00e9coles. Mais, pour un simple stationnement non autoris\u00e9, cela me semble abusif\u2026 Il faudrait \u00e0 la place augmenter l\u2019amende. Quant \u00e0 l\u2019\u00e9tat m\u00eame de nos fourri\u00e8res, j\u2019en ai tout simplement honte!<br \/><em>S.T.<\/em><\/p>\n<p class=\"rtejustify\">\u00a0<\/p>\n<p>Auteur: hlafriqi<br \/>\n<a href=\"https:\/\/www.leconomiste.com\/article\/1052193-projet-de-loi-de-finances-la-fin-des-regimes-preferentiels\">Cliquez ici pour lire l&rsquo;article depuis sa source.<\/a><\/p>\n","protected":false},"excerpt":{"rendered":"<p>\u25a0 Les salari\u00e9s, ces mal lotis du syst\u00e8me\u2026 Quid de la d\u00e9clinaison des recommandations des Assises Fiscales relatives \u00e0 la r\u00e9vision des taux et des tranches de l\u2019IR, retenu \u00e0 la source aupr\u00e8s des fonctionnaires, des salari\u00e9s ou encore des retrait\u00e9s? Encore une fois, les mesures d\u00e9cr\u00e9t\u00e9es sont avant tout favorables au patronat (\u00e0 travers [&hellip;]<\/p>\n","protected":false},"author":1763,"featured_media":65518,"comment_status":"closed","ping_status":"closed","sticky":false,"template":"","format":"standard","meta":{"fifu_image_url":"","fifu_image_alt":"","footnotes":""},"categories":[78,54],"tags":[],"class_list":["post-65517","post","type-post","status-publish","format-standard","has-post-thumbnail","hentry","category-economie","category-maroc"],"_links":{"self":[{"href":"https:\/\/linitiative.ca\/International\/wp-json\/wp\/v2\/posts\/65517","targetHints":{"allow":["GET"]}}],"collection":[{"href":"https:\/\/linitiative.ca\/International\/wp-json\/wp\/v2\/posts"}],"about":[{"href":"https:\/\/linitiative.ca\/International\/wp-json\/wp\/v2\/types\/post"}],"author":[{"embeddable":true,"href":"https:\/\/linitiative.ca\/International\/wp-json\/wp\/v2\/users\/1763"}],"replies":[{"embeddable":true,"href":"https:\/\/linitiative.ca\/International\/wp-json\/wp\/v2\/comments?post=65517"}],"version-history":[{"count":0,"href":"https:\/\/linitiative.ca\/International\/wp-json\/wp\/v2\/posts\/65517\/revisions"}],"wp:featuredmedia":[{"embeddable":true,"href":"https:\/\/linitiative.ca\/International\/wp-json\/"}],"wp:attachment":[{"href":"https:\/\/linitiative.ca\/International\/wp-json\/wp\/v2\/media?parent=65517"}],"wp:term":[{"taxonomy":"category","embeddable":true,"href":"https:\/\/linitiative.ca\/International\/wp-json\/wp\/v2\/categories?post=65517"},{"taxonomy":"post_tag","embeddable":true,"href":"https:\/\/linitiative.ca\/International\/wp-json\/wp\/v2\/tags?post=65517"}],"curies":[{"name":"wp","href":"https:\/\/api.w.org\/{rel}","templated":true}]}}