{"id":65519,"date":"2019-10-25T15:14:23","date_gmt":"2019-10-25T19:14:23","guid":{"rendered":"https:\/\/linitiative.ca\/International\/pros-ligue-1-france-abeid-face-a-slimani-en-ouverture-de-la-11-journee\/"},"modified":"2019-10-25T15:14:23","modified_gmt":"2019-10-25T19:14:23","slug":"pros-ligue-1-france-abeid-face-a-slimani-en-ouverture-de-la-11-journee","status":"publish","type":"post","link":"https:\/\/linitiative.ca\/International\/pros-ligue-1-france-abeid-face-a-slimani-en-ouverture-de-la-11-journee\/","title":{"rendered":"Pros : Ligue 1 (France) : Abeid face \u00e0 Slimani en ouverture de la 11 journ\u00e9e"},"content":{"rendered":"<div readability=\"32\">\n<p>Auteur : <span class=\"time\">vendredi 25 octobre 2019 09:59<\/span><\/p>\n<\/div>\n<div id=\"post_core\" readability=\"52\">\n<p>Nos internationaux Mehdi Abeid et Islma Slimani devraient \u00eatre titulaires \u00e0 l&rsquo;occasion de cette rencontre. Voici la composition probable des deux \u00e9quipes.<\/p>\n<p><strong>Nantes :<\/strong> Lafont &#8211; Appiah, Girotto, Pallois, Fabio &#8211; Abeid, Tour\u00e9 (c) &#8211; Bamba, Blas, Simon &#8211; Coulibaly.<\/p>\n<p><strong>Monaco :<\/strong> Lecomte &#8211; Jemerson, Glik (c), Badiashile &#8211; Martins, Bakayoko, Fabregas, Golovin, Ballo-Tour\u00e9 &#8211; Ben Yedder, Slimani.<\/p>\n<p><strong>Publi\u00e9 dans :<\/strong> <span>nantes<\/span><\/p>\n<\/div>\n<p>Auteur:<br \/>\n<a href=\"http:\/\/www.lebuteur.com\/article\/detail?titre=ligue-1-france-abeid-face-a-slimani-en-ouverture-de-la-11-journee&#038;id=92521&#038;utm_source=feedburner&#038;utm_medium=feed&#038;utm_campaign=Feed%3A+GalerieFArtciles+%28Les+derniers+articles++-+lebuteur.com%29\">Cliquez ici pour lire l&rsquo;article depuis sa source.<\/a><\/p>\n","protected":false},"excerpt":{"rendered":"<p>Auteur : vendredi 25 octobre 2019 09:59 Nos internationaux Mehdi Abeid et Islma Slimani devraient \u00eatre titulaires \u00e0 l&rsquo;occasion de cette rencontre. Voici la composition probable des deux \u00e9quipes. Nantes : Lafont &#8211; Appiah, Girotto, Pallois, Fabio &#8211; Abeid, Tour\u00e9 (c) &#8211; Bamba, Blas, Simon &#8211; Coulibaly. Monaco : Lecomte &#8211; Jemerson, Glik (c), Badiashile [&hellip;]<\/p>\n","protected":false},"author":1738,"featured_media":65520,"comment_status":"closed","ping_status":"closed","sticky":false,"template":"","format":"standard","meta":{"fifu_image_url":"","fifu_image_alt":"","footnotes":""},"categories":[53,75],"tags":[],"class_list":["post-65519","post","type-post","status-publish","format-standard","has-post-thumbnail","hentry","category-algerie","category-sport"],"_links":{"self":[{"href":"https:\/\/linitiative.ca\/International\/wp-json\/wp\/v2\/posts\/65519","targetHints":{"allow":["GET"]}}],"collection":[{"href":"https:\/\/linitiative.ca\/International\/wp-json\/wp\/v2\/posts"}],"about":[{"href":"https:\/\/linitiative.ca\/International\/wp-json\/wp\/v2\/types\/post"}],"author":[{"embeddable":true,"href":"https:\/\/linitiative.ca\/International\/wp-json\/wp\/v2\/users\/1738"}],"replies":[{"embeddable":true,"href":"https:\/\/linitiative.ca\/International\/wp-json\/wp\/v2\/comments?post=65519"}],"version-history":[{"count":0,"href":"https:\/\/linitiative.ca\/International\/wp-json\/wp\/v2\/posts\/65519\/revisions"}],"wp:featuredmedia":[{"embeddable":true,"href":"https:\/\/linitiative.ca\/International\/wp-json\/"}],"wp:attachment":[{"href":"https:\/\/linitiative.ca\/International\/wp-json\/wp\/v2\/media?parent=65519"}],"wp:term":[{"taxonomy":"category","embeddable":true,"href":"https:\/\/linitiative.ca\/International\/wp-json\/wp\/v2\/categories?post=65519"},{"taxonomy":"post_tag","embeddable":true,"href":"https:\/\/linitiative.ca\/International\/wp-json\/wp\/v2\/tags?post=65519"}],"curies":[{"name":"wp","href":"https:\/\/api.w.org\/{rel}","templated":true}]}}