{"id":65523,"date":"2019-10-25T15:14:28","date_gmt":"2019-10-25T19:14:28","guid":{"rendered":"https:\/\/linitiative.ca\/International\/pros-montpellier-delort-une-grosse-nouvelle-est-tombee-avant-angers\/"},"modified":"2019-10-25T15:14:28","modified_gmt":"2019-10-25T19:14:28","slug":"pros-montpellier-delort-une-grosse-nouvelle-est-tombee-avant-angers","status":"publish","type":"post","link":"https:\/\/linitiative.ca\/International\/pros-montpellier-delort-une-grosse-nouvelle-est-tombee-avant-angers\/","title":{"rendered":"Pros : Montpellier : Delort, une grosse nouvelle est tomb\u00e9e avant Angers"},"content":{"rendered":"<div readability=\"32\">\n<p>Auteur : <span class=\"time\">vendredi 25 octobre 2019 14:17<\/span><\/p>\n<\/div>\n<div id=\"post_core\" readability=\"46\">\n<p>Bonne nouvelle pour Michel Der Zakarian. Battu (1-0) lors du d\u00e9placement \u00e0 Reims lors de la derni\u00e8re journ\u00e9e de Ligue 1, le coach de Montpellier pourrait retrouver le sourire cette semaine \u00e0 l\u2019issue de la r\u00e9ception d\u2019Angers \u00e0 la Mosson. Le coach montpelli\u00e9rain pourra en effet compter sur Andy Delort. L\u2019entra\u00eeneur de Montpellier s\u2019est exprim\u00e9 au sujet de l\u2019\u00e9tat de son joueur jeudi en conf\u00e9rence de presse. \u00ab Oui, Andy Delort est en mesure de jouer \u00bb, a d\u00e9clar\u00e9 Michel Der Zakarian selon les propos rapport\u00e9s par Bertrand Queneutte, de France Bleu H\u00e9rault. Touch\u00e9 aux adducteurs, l\u2019attaquant de Montpellier a manqu\u00e9 le dernier match perdu \u00e0 Reims. Le buteur alg\u00e9rien a sign\u00e9 son retour aux entra\u00eenements il y a quelques jours et a donn\u00e9 des nouvelles rassurantes mardi. \u00ab \u00c7a va beaucoup mieux! J\u2019ai bien r\u00e9cup\u00e9r\u00e9, j\u2019ai pu m\u2019entra\u00eener ce matin normalement avec le groupe \u00e7a fait du bien. J\u2019adore m\u2019entra\u00eener et \u00e7a m\u2019a manqu\u00e9 pendant ces 15 jours. Je suis l\u00e0 et esp\u00e8re \u00eatre pr\u00e9sent samedi. Aucune douleur, un peu d\u2019appr\u00e9hension, c\u2019est normal avec ce terrain qui glisse un peu, mais l\u2019entrainement s\u2019est bien pass\u00e9, j\u2019ai claqu\u00e9 donc \u00e7a va (sourire) \u00bb, avait-il indiqu\u00e9 dans une vid\u00e9o post\u00e9e sur les r\u00e9seaux sociaux par le club rapporte foot-sur7.fr.<\/p>\n<p><strong>Publi\u00e9 dans :<\/strong> <span>Delort<\/span><\/p>\n<\/div>\n<p>Auteur:<br \/>\n<a href=\"http:\/\/www.lebuteur.com\/article\/detail?titre=montpellier-delort-une-grosse-nouvelle-est-tombee-avant-angers&#038;id=92523&#038;utm_source=feedburner&#038;utm_medium=feed&#038;utm_campaign=Feed%3A+GalerieFArtciles+%28Les+derniers+articles++-+lebuteur.com%29\">Cliquez ici pour lire l&rsquo;article depuis sa source.<\/a><\/p>\n","protected":false},"excerpt":{"rendered":"<p>Auteur : vendredi 25 octobre 2019 14:17 Bonne nouvelle pour Michel Der Zakarian. Battu (1-0) lors du d\u00e9placement \u00e0 Reims lors de la derni\u00e8re journ\u00e9e de Ligue 1, le coach de Montpellier pourrait retrouver le sourire cette semaine \u00e0 l\u2019issue de la r\u00e9ception d\u2019Angers \u00e0 la Mosson. Le coach montpelli\u00e9rain pourra en effet compter sur [&hellip;]<\/p>\n","protected":false},"author":1738,"featured_media":65524,"comment_status":"closed","ping_status":"closed","sticky":false,"template":"","format":"standard","meta":{"fifu_image_url":"","fifu_image_alt":"","footnotes":""},"categories":[53,75],"tags":[],"class_list":["post-65523","post","type-post","status-publish","format-standard","has-post-thumbnail","hentry","category-algerie","category-sport"],"_links":{"self":[{"href":"https:\/\/linitiative.ca\/International\/wp-json\/wp\/v2\/posts\/65523","targetHints":{"allow":["GET"]}}],"collection":[{"href":"https:\/\/linitiative.ca\/International\/wp-json\/wp\/v2\/posts"}],"about":[{"href":"https:\/\/linitiative.ca\/International\/wp-json\/wp\/v2\/types\/post"}],"author":[{"embeddable":true,"href":"https:\/\/linitiative.ca\/International\/wp-json\/wp\/v2\/users\/1738"}],"replies":[{"embeddable":true,"href":"https:\/\/linitiative.ca\/International\/wp-json\/wp\/v2\/comments?post=65523"}],"version-history":[{"count":0,"href":"https:\/\/linitiative.ca\/International\/wp-json\/wp\/v2\/posts\/65523\/revisions"}],"wp:featuredmedia":[{"embeddable":true,"href":"https:\/\/linitiative.ca\/International\/wp-json\/"}],"wp:attachment":[{"href":"https:\/\/linitiative.ca\/International\/wp-json\/wp\/v2\/media?parent=65523"}],"wp:term":[{"taxonomy":"category","embeddable":true,"href":"https:\/\/linitiative.ca\/International\/wp-json\/wp\/v2\/categories?post=65523"},{"taxonomy":"post_tag","embeddable":true,"href":"https:\/\/linitiative.ca\/International\/wp-json\/wp\/v2\/tags?post=65523"}],"curies":[{"name":"wp","href":"https:\/\/api.w.org\/{rel}","templated":true}]}}