{"id":65525,"date":"2019-10-25T15:14:30","date_gmt":"2019-10-25T19:14:30","guid":{"rendered":"https:\/\/linitiative.ca\/International\/international-tottenham-les-spurs-veulent-signer-un-bresilien\/"},"modified":"2019-10-25T15:14:30","modified_gmt":"2019-10-25T19:14:30","slug":"international-tottenham-les-spurs-veulent-signer-un-bresilien","status":"publish","type":"post","link":"https:\/\/linitiative.ca\/International\/international-tottenham-les-spurs-veulent-signer-un-bresilien\/","title":{"rendered":"International : Tottenham : Les Spurs veulent signer un Br\u00e9silien"},"content":{"rendered":"<div readability=\"32\">\n<p>Auteur : <span class=\"time\">vendredi 25 octobre 2019 18:30<\/span><\/p>\n<\/div>\n<div id=\"post_core\" readability=\"38\">\n<p>En effet, si l\u2019on en croit Sky Sports Les-Transferts, Tottenham envisagerait de le signer et pourquoi pas d\u00e8s cet hiver. Il aurait m\u00eame \u00e9t\u00e9 supervis\u00e9 contre Flamengo en Copa Libertadores o\u00f9 il a inscrit un but.<\/p>\n<p><strong>Publi\u00e9 dans :<\/strong> <span>Tottenham<\/span> <span>Everton<\/span><\/p>\n<\/div>\n<p>Auteur:<br \/>\n<a href=\"http:\/\/www.lebuteur.com\/article\/detail?titre=tottenham-les-spurs-veulent-signer-un-bresilien&#038;id=92524&#038;utm_source=feedburner&#038;utm_medium=feed&#038;utm_campaign=Feed%3A+GalerieFArtciles+%28Les+derniers+articles++-+lebuteur.com%29\">Cliquez ici pour lire l&rsquo;article depuis sa source.<\/a><\/p>\n","protected":false},"excerpt":{"rendered":"<p>Auteur : vendredi 25 octobre 2019 18:30 En effet, si l\u2019on en croit Sky Sports Les-Transferts, Tottenham envisagerait de le signer et pourquoi pas d\u00e8s cet hiver. Il aurait m\u00eame \u00e9t\u00e9 supervis\u00e9 contre Flamengo en Copa Libertadores o\u00f9 il a inscrit un but. Publi\u00e9 dans : Tottenham Everton Auteur: Cliquez ici pour lire l&rsquo;article depuis [&hellip;]<\/p>\n","protected":false},"author":1738,"featured_media":65526,"comment_status":"closed","ping_status":"closed","sticky":false,"template":"","format":"standard","meta":{"fifu_image_url":"","fifu_image_alt":"","footnotes":""},"categories":[53,75],"tags":[],"class_list":["post-65525","post","type-post","status-publish","format-standard","has-post-thumbnail","hentry","category-algerie","category-sport"],"_links":{"self":[{"href":"https:\/\/linitiative.ca\/International\/wp-json\/wp\/v2\/posts\/65525","targetHints":{"allow":["GET"]}}],"collection":[{"href":"https:\/\/linitiative.ca\/International\/wp-json\/wp\/v2\/posts"}],"about":[{"href":"https:\/\/linitiative.ca\/International\/wp-json\/wp\/v2\/types\/post"}],"author":[{"embeddable":true,"href":"https:\/\/linitiative.ca\/International\/wp-json\/wp\/v2\/users\/1738"}],"replies":[{"embeddable":true,"href":"https:\/\/linitiative.ca\/International\/wp-json\/wp\/v2\/comments?post=65525"}],"version-history":[{"count":0,"href":"https:\/\/linitiative.ca\/International\/wp-json\/wp\/v2\/posts\/65525\/revisions"}],"wp:featuredmedia":[{"embeddable":true,"href":"https:\/\/linitiative.ca\/International\/wp-json\/"}],"wp:attachment":[{"href":"https:\/\/linitiative.ca\/International\/wp-json\/wp\/v2\/media?parent=65525"}],"wp:term":[{"taxonomy":"category","embeddable":true,"href":"https:\/\/linitiative.ca\/International\/wp-json\/wp\/v2\/categories?post=65525"},{"taxonomy":"post_tag","embeddable":true,"href":"https:\/\/linitiative.ca\/International\/wp-json\/wp\/v2\/tags?post=65525"}],"curies":[{"name":"wp","href":"https:\/\/api.w.org\/{rel}","templated":true}]}}