{"id":65529,"date":"2019-10-25T13:30:00","date_gmt":"2019-10-25T17:30:00","guid":{"rendered":"https:\/\/linitiative.ca\/International\/deces-dali-fodil-p-dg-du-groupe-echourouk-les-messages-de-condoleance-se-succedent\/"},"modified":"2019-10-25T13:30:00","modified_gmt":"2019-10-25T17:30:00","slug":"deces-dali-fodil-p-dg-du-groupe-echourouk-les-messages-de-condoleance-se-succedent","status":"publish","type":"post","link":"https:\/\/linitiative.ca\/International\/deces-dali-fodil-p-dg-du-groupe-echourouk-les-messages-de-condoleance-se-succedent\/","title":{"rendered":"D\u00e9c\u00e8s d&rsquo;Ali Fodil, P-DG du groupe Echourouk  : Les messages de condol\u00e9ance se succ\u00e8dent"},"content":{"rendered":"<p>Le pr\u00e9sident-directeur g\u00e9n\u00e9ral du groupe Echourouk, Ali Fodil, est d\u00e9c\u00e9d\u00e9 jeudi \u00e0 l&rsquo;\u00e2ge de 63 ans, a-t-on appris aupr\u00e8s de son groupe m\u00e9diatique. Ali Fodil a \u00e9t\u00e9 victime, il y a quelques jours, d&rsquo;une attaque cardiaque avant que son \u00e9tat de sant\u00e9 se d\u00e9grade.<\/p>\n<p>Le Premier ministre adresse ses condol\u00e9ances \u00e0 la famille du d\u00e9funt :<br \/><strong>\u00ab Un \u00e9minent journaliste \u00bb<\/strong><br \/>Le Premier ministre, Noureddine Bedoui, a adress\u00e9 un message de condol\u00e9ances \u00e0 la famille d&rsquo;Ali Fodil, PDG du Groupe Echourouk, d\u00e9c\u00e9d\u00e9 jeudi \u00e0 l&rsquo;\u00e2ge de 63 ans, dans lequel il a affirm\u00e9 que le d\u00e9funt comptait parmi \u00ables \u00e9minents journalistes, qui ont su occuper une place de choix dans le paysage audiovisuel\u00bb. \u00abC&rsquo;est avec une profonde tristesse et affliction que j&rsquo;ai appris le d\u00e9c\u00e8s du fr\u00e8re journaliste Ali Fodil, PDG du Groupe Echourouk, et en cette douloureuse circonstance, nos pens\u00e9es vont \u00e0 sa famille, aux travailleurs du Groupe Echourouk et \u00e0 l&rsquo;ensemble de la corporation qui a perdu l&rsquo;un de ses \u00e9minents journalistes, qui ont su occuper une place de choix dans le paysage audiovisuel priv\u00e9 gr\u00e2ce \u00e0 leur travail et \u00e0 leur s\u00e9rieux\u00bb, a \u00e9crit le Premier ministre dans son message de condol\u00e9ances. \u00abEn cette p\u00e9nible \u00e9preuve, je vous adresse mes condol\u00e9ances les plus attrist\u00e9es et vous assure de ma profonde compassion, priant Dieu Tout-Puissant d&rsquo;accorder au d\u00e9funt Sa sainte mis\u00e9ricorde et de l&rsquo;accueillir en Son vaste paradis\u00bb, a ajout\u00e9 M. Bedoui dans son message.<\/p>\n<p>Le pr\u00e9sident du Conseil de la Nation par int\u00e9rim :<br \/><strong>\u00abLe d\u00e9funt comptait\u00a0 parmi l\u2019\u00e9lite m\u00e9diatique pionni\u00e8re \u00bb<\/strong><br \/>Le pr\u00e9sident du Conseil de la nation par int\u00e9rim, Salah Goudjil, a aussi adress\u00e9 un message de condol\u00e9ances dans lequel il a affirm\u00e9 que le d\u00e9funt \u00e9tait parmi \u00abl&rsquo;\u00e9lite m\u00e9diatique pionni\u00e8re\u00bb.<br \/>Le d\u00e9funt comptait parmi \u00abcette \u00e9lite m\u00e9diatique pionni\u00e8re\u00bb et parmi \u00ables journalistes qui se sont acquitt\u00e9s, des ann\u00e9es durant, de leur noble mission avec engagement, d\u00e9vouement et professionnalisme\u00bb, a \u00e9crit M. Goudjil dans son message, avant de rappeler \u00ables qualit\u00e9s et les hauts faits qui t\u00e9moigneront toujours de son parcours professionnel et de son humanisme\u00bb.<\/p>\n<p><strong>Message de condol\u00e9ances du ministre de la Communication, porte-parole du Gouvernement et ministre de la Culture par int\u00e9rim<\/strong><br \/>Le ministre de la Communication, porte-parole du Gouvernement et ministre de la Culture par int\u00e9rim, Hassan Rabehi, a lui aussi pr\u00e9sent\u00e9 ses condol\u00e9ances \u00e0 la famille d&rsquo;Ali Fodil. \u00abAfflig\u00e9 par le d\u00e9c\u00e8s d&rsquo;Ali Fodil, PDG du Groupe Echourouk\u00bb, le ministre de la Communication \u00abpr\u00e9sente \u00e0 la famille du d\u00e9funt ses sinc\u00e8res condol\u00e9ances et l&rsquo;assure de sa profonde compassion, priant Dieu Tout-Puissant d&rsquo;accorder au d\u00e9funt Sa sainte mis\u00e9ricorde et de l&rsquo;accueillir en Son vaste paradis et de pr\u00eater r\u00e9confort \u00e0 sa famille\u00bb, lit-on sur le site du minist\u00e8re de la Communication.<\/p>\n<p><strong>Condol\u00e9ances<\/strong><br \/>Le pr\u00e9sident-directeur g\u00e9n\u00e9ral d\u2019El Moudjahid, M. Achour Cheurfi, et l\u2019ensemble du personnel, ayant appris avec tristesse le d\u00e9c\u00e8s de Ali Fodil, P-dg du groupe Echourouk, pr\u00e9sentent \u00e0 sa famille et \u00e0 ses proches leurs sinc\u00e8res condol\u00e9ances et les prient de trouver ici l\u2019expression de leur sympathie \u00e9mue et de leur profonde compassion.<br \/>Que Dieu Tout-Puissant accueille le d\u00e9funt en Son Vaste Paradis et lui accorde Sa Sainte Mis\u00e9ricorde.<br \/>\u00ab \u00c0 Dieu nous appartenons,\u00a0 et \u00e0 Dieu nous retournons. \u00bb<\/p>\n<p>Auteur: elmoudjahid<br \/>\n<a href=\"http:\/\/www.elmoudjahid.com\/fr\/actualites\/143565\">Cliquez ici pour lire l&rsquo;article depuis sa source.<\/a><\/p>\n","protected":false},"excerpt":{"rendered":"<p>Le pr\u00e9sident-directeur g\u00e9n\u00e9ral du groupe Echourouk, Ali Fodil, est d\u00e9c\u00e9d\u00e9 jeudi \u00e0 l&rsquo;\u00e2ge de 63 ans, a-t-on appris aupr\u00e8s de son groupe m\u00e9diatique. Ali Fodil a \u00e9t\u00e9 victime, il y a quelques jours, d&rsquo;une attaque cardiaque avant que son \u00e9tat de sant\u00e9 se d\u00e9grade. Le Premier ministre adresse ses condol\u00e9ances \u00e0 la famille du d\u00e9funt [&hellip;]<\/p>\n","protected":false},"author":1744,"featured_media":0,"comment_status":"closed","ping_status":"closed","sticky":false,"template":"","format":"standard","meta":{"fifu_image_url":"","fifu_image_alt":"","footnotes":""},"categories":[73,53],"tags":[],"class_list":["post-65529","post","type-post","status-publish","format-standard","hentry","category-actualite","category-algerie"],"_links":{"self":[{"href":"https:\/\/linitiative.ca\/International\/wp-json\/wp\/v2\/posts\/65529","targetHints":{"allow":["GET"]}}],"collection":[{"href":"https:\/\/linitiative.ca\/International\/wp-json\/wp\/v2\/posts"}],"about":[{"href":"https:\/\/linitiative.ca\/International\/wp-json\/wp\/v2\/types\/post"}],"author":[{"embeddable":true,"href":"https:\/\/linitiative.ca\/International\/wp-json\/wp\/v2\/users\/1744"}],"replies":[{"embeddable":true,"href":"https:\/\/linitiative.ca\/International\/wp-json\/wp\/v2\/comments?post=65529"}],"version-history":[{"count":0,"href":"https:\/\/linitiative.ca\/International\/wp-json\/wp\/v2\/posts\/65529\/revisions"}],"wp:attachment":[{"href":"https:\/\/linitiative.ca\/International\/wp-json\/wp\/v2\/media?parent=65529"}],"wp:term":[{"taxonomy":"category","embeddable":true,"href":"https:\/\/linitiative.ca\/International\/wp-json\/wp\/v2\/categories?post=65529"},{"taxonomy":"post_tag","embeddable":true,"href":"https:\/\/linitiative.ca\/International\/wp-json\/wp\/v2\/tags?post=65529"}],"curies":[{"name":"wp","href":"https:\/\/api.w.org\/{rel}","templated":true}]}}