{"id":65535,"date":"2019-10-25T11:50:00","date_gmt":"2019-10-25T15:50:00","guid":{"rendered":"https:\/\/linitiative.ca\/International\/tribunal-des-conflits-le-ministre-de-la-justice-installe-le-nouveau-president\/"},"modified":"2019-10-25T11:50:00","modified_gmt":"2019-10-25T15:50:00","slug":"tribunal-des-conflits-le-ministre-de-la-justice-installe-le-nouveau-president","status":"publish","type":"post","link":"https:\/\/linitiative.ca\/International\/tribunal-des-conflits-le-ministre-de-la-justice-installe-le-nouveau-president\/","title":{"rendered":"TRIBUNAL DES CONFLITS : Le ministre de la justice  installe le nouveau pr\u00e9sident"},"content":{"rendered":"<p><br id=\"sep_para_1\" class=\"sep_para access\"\/><\/p>\n<div id=\"para_1\" class=\"para_33665261 resize\">\n<div class=\"texte access firstletter\">Le ministre de la Justice, Garde des Sceaux, Belkacem Zeghmati, a pr\u00e9sid\u00e9 ce jeudi \u00e0 Alger, la c\u00e9r\u00e9monie d&rsquo;installation de Abdelhamid Hassan, au poste de pr\u00e9sident du Tribunal des conflits, en remplacement de Abdelkader Dhaoui. Dans une allocution lors de cette c\u00e9r\u00e9monie, le ministre affirm\u00e9 que cette installation \u00ab\u00a0est le couronnement d&rsquo;une louable carri\u00e8re professionnelle pour M. Abdelhamid Hassan connu pour son s\u00e9rieux, sa droiture, sa pers\u00e9v\u00e9rance et son abn\u00e9gation dans toutes les missions qui lui ont \u00e9t\u00e9 confi\u00e9es\u00a0\u00bb. Le ministre a mis en avant ensuite \u00ab\u00a0l&rsquo;importance majeure\u00a0\u00bb que rev\u00eat le Tribunal des conflits dans la pyramide du syst\u00e8me juridique, en tant que juridiction de r\u00e8glement des conflits entre les juridictions de l&rsquo;Ordre judiciaire et les juridictions de l&rsquo;Ordre administratif. Soulignant que le Tribunal des Conflits s&rsquo;est prononc\u00e9 sur 239 affaires sur un total de 281, M. Zeghmati est revenu sur sa cr\u00e9ation en 1996 et sa faible audience jusqu&rsquo;au 10 avril 2000, date du prononc\u00e9 de son premier arr\u00eat. Constitu\u00e9e de 7 membres d\u00e9sign\u00e9s parmi les magistrats de la Cour supr\u00eame et le Conseil d&rsquo;Etat (CE), la composante du Tribunal des conflits a \u00e9t\u00e9 renouvel\u00e9e \u00e0 la faveur du d\u00e9cret pr\u00e9sidentiel du 9 juillet 2019. Abordant les d\u00e9veloppements de la situation politique dans le pays, le ministre a d\u00e9clar\u00e9 qu'\u00a0\u00bbau moment o\u00f9 les pouvoirs publics s&rsquo;att\u00e8lent au parach\u00e8vement de l&rsquo;\u00e9dification des institutions et \u00e0 la satisfaction des revendications du peuple, des cercles malveillants agissent dans l&rsquo;ombre \u00e0 l&rsquo;entrave du processus de sortie de crise, mis sur rail par les hommes int\u00e8gres de ce pays\u00a0\u00bb. \u00ab\u00a0Brandissant des slogans flamboyants pour des vis\u00e9es subversives en r\u00e9alit\u00e9, ces cercles de l&rsquo;ombre instrumentalisent l&rsquo;innocence de citoyens anim\u00e9s de la volont\u00e9 de servir la patrie\u00a0\u00bb, a-t-il ajout\u00e9.\u00a0\u00a0\u00a0\u00a0\u00a0\u00a0\u00a0\u00a0<\/div>\n<\/div>\n<p>Auteur: Ismain<br \/>\n<a href=\"https:\/\/www.reflexiondz.net\/TRIBUNAL-DES-CONFLITS-Le-ministre-de-la-justice-installe-le-nouveau-president_a58433.html\">Cliquez ici pour lire l&rsquo;article depuis sa source.<\/a><\/p>\n","protected":false},"excerpt":{"rendered":"<p>Le ministre de la Justice, Garde des Sceaux, Belkacem Zeghmati, a pr\u00e9sid\u00e9 ce jeudi \u00e0 Alger, la c\u00e9r\u00e9monie d&rsquo;installation de Abdelhamid Hassan, au poste de pr\u00e9sident du Tribunal des conflits, en remplacement de Abdelkader Dhaoui. Dans une allocution lors de cette c\u00e9r\u00e9monie, le ministre affirm\u00e9 que cette installation \u00ab\u00a0est le couronnement d&rsquo;une louable carri\u00e8re professionnelle [&hellip;]<\/p>\n","protected":false},"author":1740,"featured_media":0,"comment_status":"closed","ping_status":"closed","sticky":false,"template":"","format":"standard","meta":{"fifu_image_url":"","fifu_image_alt":"","footnotes":""},"categories":[53,76],"tags":[],"class_list":["post-65535","post","type-post","status-publish","format-standard","hentry","category-algerie","category-regions"],"_links":{"self":[{"href":"https:\/\/linitiative.ca\/International\/wp-json\/wp\/v2\/posts\/65535","targetHints":{"allow":["GET"]}}],"collection":[{"href":"https:\/\/linitiative.ca\/International\/wp-json\/wp\/v2\/posts"}],"about":[{"href":"https:\/\/linitiative.ca\/International\/wp-json\/wp\/v2\/types\/post"}],"author":[{"embeddable":true,"href":"https:\/\/linitiative.ca\/International\/wp-json\/wp\/v2\/users\/1740"}],"replies":[{"embeddable":true,"href":"https:\/\/linitiative.ca\/International\/wp-json\/wp\/v2\/comments?post=65535"}],"version-history":[{"count":0,"href":"https:\/\/linitiative.ca\/International\/wp-json\/wp\/v2\/posts\/65535\/revisions"}],"wp:attachment":[{"href":"https:\/\/linitiative.ca\/International\/wp-json\/wp\/v2\/media?parent=65535"}],"wp:term":[{"taxonomy":"category","embeddable":true,"href":"https:\/\/linitiative.ca\/International\/wp-json\/wp\/v2\/categories?post=65535"},{"taxonomy":"post_tag","embeddable":true,"href":"https:\/\/linitiative.ca\/International\/wp-json\/wp\/v2\/tags?post=65535"}],"curies":[{"name":"wp","href":"https:\/\/api.w.org\/{rel}","templated":true}]}}