{"id":65536,"date":"2019-10-25T11:50:00","date_gmt":"2019-10-25T15:50:00","guid":{"rendered":"https:\/\/linitiative.ca\/International\/fares-mesdour-lance-un-sos-aux-pretendants-a-la-presidentielle\/"},"modified":"2019-10-25T11:50:00","modified_gmt":"2019-10-25T15:50:00","slug":"fares-mesdour-lance-un-sos-aux-pretendants-a-la-presidentielle","status":"publish","type":"post","link":"https:\/\/linitiative.ca\/International\/fares-mesdour-lance-un-sos-aux-pretendants-a-la-presidentielle\/","title":{"rendered":"Fares Mesdour lance un SOS aux pr\u00e9tendants \u00e0 la pr\u00e9sidentielle"},"content":{"rendered":"<p><br id=\"sep_para_1\" class=\"sep_para access\"\/><\/p>\n<div id=\"para_1\" class=\"para_33665277 resize\">\n<div class=\"texte access firstletter\">Fares Mesdour, pr\u00e9tendant \u00e0 la pr\u00e9sidentielle, n\u2019a visiblement pas r\u00e9uni suffisamment de parrainages pour d\u00e9poser son dossier de candidature aupr\u00e8s de l\u2019Autorit\u00e9 nationale ind\u00e9pendante des \u00e9lections (ANIE). Sur Facebook, l\u2019\u00e9conomiste, adul\u00e9 par certains et d\u00e9cri\u00e9 par d\u2019autres, a lanc\u00e9 un appel aux \u00ab pr\u00e9tendants \u00bb charitables. \u00ab Le professeur Fares Mesdour appelle tout candidat libre (\u00e0 la pr\u00e9sidentielle) n\u2019ayant pas recueilli suffisamment de parrainage \u00e0 se solidariser avec lui et le soutenir avec ses formulaires de souscription pour \u00eatre en force lors des \u00e9lections \u00bb, a-t-il demand\u00e9. Pour ce faire, il a donn\u00e9 rendez-vous aux potentiels candidats s\u00e9duits par son offre dans sa permanence. \u00ab Le soutien se fera avec un proc\u00e8s verbal officiel \u00bb, a-t-il pr\u00e9cis\u00e9.<\/div>\n<\/div>\n<p>Auteur: R\u00e9flexion<br \/>\n<a href=\"https:\/\/www.reflexiondz.net\/Fares-Mesdour-lance-un-SOS-aux-pretendants-a-la-presidentielle_a58436.html\">Cliquez ici pour lire l&rsquo;article depuis sa source.<\/a><\/p>\n","protected":false},"excerpt":{"rendered":"<p>Fares Mesdour, pr\u00e9tendant \u00e0 la pr\u00e9sidentielle, n\u2019a visiblement pas r\u00e9uni suffisamment de parrainages pour d\u00e9poser son dossier de candidature aupr\u00e8s de l\u2019Autorit\u00e9 nationale ind\u00e9pendante des \u00e9lections (ANIE). Sur Facebook, l\u2019\u00e9conomiste, adul\u00e9 par certains et d\u00e9cri\u00e9 par d\u2019autres, a lanc\u00e9 un appel aux \u00ab pr\u00e9tendants \u00bb charitables. \u00ab Le professeur Fares Mesdour appelle tout candidat libre [&hellip;]<\/p>\n","protected":false},"author":1740,"featured_media":0,"comment_status":"closed","ping_status":"closed","sticky":false,"template":"","format":"standard","meta":{"fifu_image_url":"","fifu_image_alt":"","footnotes":""},"categories":[53,76],"tags":[],"class_list":["post-65536","post","type-post","status-publish","format-standard","hentry","category-algerie","category-regions"],"_links":{"self":[{"href":"https:\/\/linitiative.ca\/International\/wp-json\/wp\/v2\/posts\/65536","targetHints":{"allow":["GET"]}}],"collection":[{"href":"https:\/\/linitiative.ca\/International\/wp-json\/wp\/v2\/posts"}],"about":[{"href":"https:\/\/linitiative.ca\/International\/wp-json\/wp\/v2\/types\/post"}],"author":[{"embeddable":true,"href":"https:\/\/linitiative.ca\/International\/wp-json\/wp\/v2\/users\/1740"}],"replies":[{"embeddable":true,"href":"https:\/\/linitiative.ca\/International\/wp-json\/wp\/v2\/comments?post=65536"}],"version-history":[{"count":0,"href":"https:\/\/linitiative.ca\/International\/wp-json\/wp\/v2\/posts\/65536\/revisions"}],"wp:attachment":[{"href":"https:\/\/linitiative.ca\/International\/wp-json\/wp\/v2\/media?parent=65536"}],"wp:term":[{"taxonomy":"category","embeddable":true,"href":"https:\/\/linitiative.ca\/International\/wp-json\/wp\/v2\/categories?post=65536"},{"taxonomy":"post_tag","embeddable":true,"href":"https:\/\/linitiative.ca\/International\/wp-json\/wp\/v2\/tags?post=65536"}],"curies":[{"name":"wp","href":"https:\/\/api.w.org\/{rel}","templated":true}]}}