{"id":65538,"date":"2019-10-25T11:50:00","date_gmt":"2019-10-25T15:50:00","guid":{"rendered":"https:\/\/linitiative.ca\/International\/presidentielle-du-12-decembre-abdelkader-bengrina-depose-son-dossier-de-candidature\/"},"modified":"2019-10-25T11:50:00","modified_gmt":"2019-10-25T15:50:00","slug":"presidentielle-du-12-decembre-abdelkader-bengrina-depose-son-dossier-de-candidature","status":"publish","type":"post","link":"https:\/\/linitiative.ca\/International\/presidentielle-du-12-decembre-abdelkader-bengrina-depose-son-dossier-de-candidature\/","title":{"rendered":"PRESIDENTIELLE DU 12 DECEMBRE  : Abdelkader Bengrina d\u00e9pose son dossier de candidature"},"content":{"rendered":"<p><br id=\"sep_para_1\" class=\"sep_para access\"\/><\/p>\n<div id=\"para_1\" class=\"para_33665257 resize\">\n<div class=\"texte access firstletter\">Le pr\u00e9sident du Mouvement El Bina, Abdelkader Bengrina a d\u00e9pos\u00e9, ce jeudi, son dossier de candidature pour l&rsquo;\u00e9lection pr\u00e9sidentielle du 12 d\u00e9cembre prochain au si\u00e8ge de l&rsquo;Autorit\u00e9 nationale ind\u00e9pendante des \u00e9lections (ANIE) sis \u00e0 Club des pins (Alger). \u00ab\u00a0Le peuple alg\u00e9rien a besoin de restaurer la confiance et l&rsquo;espoir\u00a0\u00bb, a indiqu\u00e9 M. Bengrina dans une d\u00e9claration \u00e0 la presse, \u00e0 l&rsquo;issue du d\u00e9p\u00f4t de son dossier de candidature, estimant que la prochaine \u00e9ch\u00e9ance \u00e9lectorale constituera \u00ab\u00a0un nouveau pas vers la concr\u00e9tisation des aspirations du peuple et le parach\u00e8vement du processus de changement enclench\u00e9 par le Hirak \u00e0 travers les marches organis\u00e9es sur l&rsquo;ensemble du territoire national\u00a0\u00bb.\u00a0\u00bbLe Hirak a souffl\u00e9 un vent d&rsquo;espoir pour le peuple, avort\u00e9 le discours de la hantise, et fait \u00e9chou\u00e9 le plan des corrompus visant \u00e0 mettre le pays dans une spirale d&rsquo;incertitudes. Il a r\u00e9tabli la confiance chez les enfants de ce pays pour les encourager \u00e0 assumer leurs responsabilit\u00e9s nationales\u00a0\u00bb, a-t-il soutenu. Faisant savoir que sa campagne \u00e9lectorale sera plac\u00e9e sous le th\u00e8me \u2018\u2019ensemble pour construire une Alg\u00e9rie nouvelle\u00a0\u00bb, M. Bengrina a indiqu\u00e9 que son programme \u00e9tait \u00ab\u00a0ambitieux\u00a0\u00bb et visait \u00ab\u00a0une sortie de crise de l&rsquo;Alg\u00e9rie\u00a0\u00bb, avant d&rsquo;exprimer son souhait d&rsquo;organiser des d\u00e9bats t\u00e9l\u00e9vis\u00e9s entre les candidats.\u00a0\u00a0\u00a0\u00a0\u00a0\u00a0\u00a0\u00a0\u00a0\u00a0<\/div>\n<\/div>\n<p>Auteur: Nadine<br \/>\n<a href=\"https:\/\/www.reflexiondz.net\/PRESIDENTIELLE-DU-12-DECEMBRE-Abdelkader-Bengrina-depose-son-dossier-de-candidature_a58432.html\">Cliquez ici pour lire l&rsquo;article depuis sa source.<\/a><\/p>\n","protected":false},"excerpt":{"rendered":"<p>Le pr\u00e9sident du Mouvement El Bina, Abdelkader Bengrina a d\u00e9pos\u00e9, ce jeudi, son dossier de candidature pour l&rsquo;\u00e9lection pr\u00e9sidentielle du 12 d\u00e9cembre prochain au si\u00e8ge de l&rsquo;Autorit\u00e9 nationale ind\u00e9pendante des \u00e9lections (ANIE) sis \u00e0 Club des pins (Alger). \u00ab\u00a0Le peuple alg\u00e9rien a besoin de restaurer la confiance et l&rsquo;espoir\u00a0\u00bb, a indiqu\u00e9 M. Bengrina dans une [&hellip;]<\/p>\n","protected":false},"author":1740,"featured_media":0,"comment_status":"closed","ping_status":"closed","sticky":false,"template":"","format":"standard","meta":{"fifu_image_url":"","fifu_image_alt":"","footnotes":""},"categories":[53,76],"tags":[],"class_list":["post-65538","post","type-post","status-publish","format-standard","hentry","category-algerie","category-regions"],"_links":{"self":[{"href":"https:\/\/linitiative.ca\/International\/wp-json\/wp\/v2\/posts\/65538","targetHints":{"allow":["GET"]}}],"collection":[{"href":"https:\/\/linitiative.ca\/International\/wp-json\/wp\/v2\/posts"}],"about":[{"href":"https:\/\/linitiative.ca\/International\/wp-json\/wp\/v2\/types\/post"}],"author":[{"embeddable":true,"href":"https:\/\/linitiative.ca\/International\/wp-json\/wp\/v2\/users\/1740"}],"replies":[{"embeddable":true,"href":"https:\/\/linitiative.ca\/International\/wp-json\/wp\/v2\/comments?post=65538"}],"version-history":[{"count":0,"href":"https:\/\/linitiative.ca\/International\/wp-json\/wp\/v2\/posts\/65538\/revisions"}],"wp:attachment":[{"href":"https:\/\/linitiative.ca\/International\/wp-json\/wp\/v2\/media?parent=65538"}],"wp:term":[{"taxonomy":"category","embeddable":true,"href":"https:\/\/linitiative.ca\/International\/wp-json\/wp\/v2\/categories?post=65538"},{"taxonomy":"post_tag","embeddable":true,"href":"https:\/\/linitiative.ca\/International\/wp-json\/wp\/v2\/tags?post=65538"}],"curies":[{"name":"wp","href":"https:\/\/api.w.org\/{rel}","templated":true}]}}