{"id":65539,"date":"2019-10-25T11:50:00","date_gmt":"2019-10-25T15:50:00","guid":{"rendered":"https:\/\/linitiative.ca\/International\/cour-supreme-abdelkader-zoukh-laisse-en-liberte\/"},"modified":"2019-10-25T11:50:00","modified_gmt":"2019-10-25T15:50:00","slug":"cour-supreme-abdelkader-zoukh-laisse-en-liberte","status":"publish","type":"post","link":"https:\/\/linitiative.ca\/International\/cour-supreme-abdelkader-zoukh-laisse-en-liberte\/","title":{"rendered":"COUR SUPREME : Abdelkader Zoukh  laiss\u00e9 en libert\u00e9"},"content":{"rendered":"<p><br id=\"sep_para_1\" class=\"sep_para access\"\/><\/p>\n<div id=\"para_1\" class=\"para_33665250 resize\">\n<div class=\"texte access firstletter\">Abdelkader Zoukh, ancien wali d\u2019Alger, a \u00e9t\u00e9 mis en libert\u00e9 ce jeudi 24 octobre par le juge enqu\u00eateur pr\u00e8s la Cour supr\u00eame, rapporte Ennahar Online. Plus t\u00f4t dans la journ\u00e9e, Abdelkader Zoukh s\u2019est pr\u00e9sent\u00e9 \u00e0 la Cour supr\u00eame pour \u00eatre auditionn\u00e9 dans cadre d\u2019une enqu\u00eate sur l\u2019affaire\u00a0 \u00ab des fr\u00e8res Benhamadi \u00bb. Il \u00e9tait soup\u00e7onn\u00e9 d\u2019abus de pouvoir et d\u2019octroi d\u2019avantages indus. C\u2019est la cinqui\u00e8me fois qu\u2019Abdelkader Zoukh est\u00a0 auditionn\u00e9 par la Cour supr\u00eame. En effet, son nom est cit\u00e9 dans plusieurs affaires sans qu\u2019il ne soit inqui\u00e9t\u00e9 outre mesure.\u00a0\u00a0\u00a0\u00a0\u00a0\u00a0\u00a0\u00a0\u00a0\u00a0<\/div>\n<\/div>\n<p>Auteur: Ismain<br \/>\n<a href=\"https:\/\/www.reflexiondz.net\/COUR-SUPREME-Abdelkader-Zoukh-laisse-en-liberte_a58431.html\">Cliquez ici pour lire l&rsquo;article depuis sa source.<\/a><\/p>\n","protected":false},"excerpt":{"rendered":"<p>Abdelkader Zoukh, ancien wali d\u2019Alger, a \u00e9t\u00e9 mis en libert\u00e9 ce jeudi 24 octobre par le juge enqu\u00eateur pr\u00e8s la Cour supr\u00eame, rapporte Ennahar Online. Plus t\u00f4t dans la journ\u00e9e, Abdelkader Zoukh s\u2019est pr\u00e9sent\u00e9 \u00e0 la Cour supr\u00eame pour \u00eatre auditionn\u00e9 dans cadre d\u2019une enqu\u00eate sur l\u2019affaire\u00a0 \u00ab des fr\u00e8res Benhamadi \u00bb. Il \u00e9tait soup\u00e7onn\u00e9 [&hellip;]<\/p>\n","protected":false},"author":1740,"featured_media":0,"comment_status":"closed","ping_status":"closed","sticky":false,"template":"","format":"standard","meta":{"fifu_image_url":"","fifu_image_alt":"","footnotes":""},"categories":[53,76],"tags":[],"class_list":["post-65539","post","type-post","status-publish","format-standard","hentry","category-algerie","category-regions"],"_links":{"self":[{"href":"https:\/\/linitiative.ca\/International\/wp-json\/wp\/v2\/posts\/65539","targetHints":{"allow":["GET"]}}],"collection":[{"href":"https:\/\/linitiative.ca\/International\/wp-json\/wp\/v2\/posts"}],"about":[{"href":"https:\/\/linitiative.ca\/International\/wp-json\/wp\/v2\/types\/post"}],"author":[{"embeddable":true,"href":"https:\/\/linitiative.ca\/International\/wp-json\/wp\/v2\/users\/1740"}],"replies":[{"embeddable":true,"href":"https:\/\/linitiative.ca\/International\/wp-json\/wp\/v2\/comments?post=65539"}],"version-history":[{"count":0,"href":"https:\/\/linitiative.ca\/International\/wp-json\/wp\/v2\/posts\/65539\/revisions"}],"wp:attachment":[{"href":"https:\/\/linitiative.ca\/International\/wp-json\/wp\/v2\/media?parent=65539"}],"wp:term":[{"taxonomy":"category","embeddable":true,"href":"https:\/\/linitiative.ca\/International\/wp-json\/wp\/v2\/categories?post=65539"},{"taxonomy":"post_tag","embeddable":true,"href":"https:\/\/linitiative.ca\/International\/wp-json\/wp\/v2\/tags?post=65539"}],"curies":[{"name":"wp","href":"https:\/\/api.w.org\/{rel}","templated":true}]}}