{"id":65540,"date":"2019-10-25T15:46:27","date_gmt":"2019-10-25T19:46:27","guid":{"rendered":"https:\/\/linitiative.ca\/International\/karate-do-le-junior-algerien-anis-hallassa-sacre-champion-du-monde\/"},"modified":"2019-10-25T15:46:27","modified_gmt":"2019-10-25T19:46:27","slug":"karate-do-le-junior-algerien-anis-hallassa-sacre-champion-du-monde","status":"publish","type":"post","link":"https:\/\/linitiative.ca\/International\/karate-do-le-junior-algerien-anis-hallassa-sacre-champion-du-monde\/","title":{"rendered":"Karat\u00e9 Do : Le junior alg\u00e9rien Anis Hallassa sacr\u00e9 champion du monde"},"content":{"rendered":"<h4 class=\"title-14\"\/>\n<div class=\"featured_image\"><img width=\"720\" height=\"586\" data-cfsrc=\"https:\/\/www.elwatan.com\/wp-content\/uploads\/2019\/10\/anis-hallassa.jpg\" class=\"attachment-post-thumbnail size-post-thumbnail wp-post-image c2\" alt=\"\" srcset=\"https:\/\/www.elwatan.com\/wp-content\/uploads\/2019\/10\/anis-hallassa.jpg 720w, https:\/\/www.elwatan.com\/wp-content\/uploads\/2019\/10\/anis-hallassa-300x244.jpg 300w\" sizes=\"(max-width: 720px) 100vw, 720px\"\/><noscript><\/p>\n<p><img loading=\"lazy\" decoding=\"async\" width=\"720\" height=\"586\" src=\"https:\/\/www.elwatan.com\/wp-content\/uploads\/2019\/10\/anis-hallassa.jpg\" class=\"attachment-post-thumbnail size-post-thumbnail wp-post-image\" alt=\"\" srcset=\"https:\/\/www.elwatan.com\/wp-content\/uploads\/2019\/10\/anis-hallassa.jpg 720w, https:\/\/www.elwatan.com\/wp-content\/uploads\/2019\/10\/anis-hallassa-300x244.jpg 300w\" sizes=\"auto, (max-width: 720px) 100vw, 720px\"\/><\/p>\n<p><\/noscript> <span class=\"featured-image-caption\">Anis Hallassa, champion du monde de Karat\u00e9 Do.<\/span><\/div>\n<p>Une premi\u00e8re dans l\u2019histoire du\u00a0 Karat\u00e9\u00a0 alg\u00e9rien. Le junior Anis Hallassa (-55kg) a \u00e9t\u00e9\u00a0 sacr\u00e9 aujourd\u2019hui champion\u00a0 du monde\u00a0 en battant le marocain Jina \u00a0Abdelali, lors\u00a0de la 3e \u00e9dition des mondiaux de Karat\u00e9 Do qui se d\u00e9roulent \u00e0 Santiago,\u00a0au Chili.<\/p>\n<p>Le Constantinois Hallassa, 3e au\u00a0championnat m\u00e9diterran\u00e9en disput\u00e9 en Italie (2018), a confirm\u00e9 son talent suite a cette cons\u00e9cration qui a r\u00e9uni les meilleurs sp\u00e9cialistes mondiaux. \u00ab\u00a0J\u2019avoue\u00a0 que je suis totalement surpris par mon titre mondial. J\u2019avais la rage de remporter la m\u00e9daille d\u2019or. C\u2019est\u00a0 le fruit d\u2019une excellente\u00a0 pr\u00e9paration\u00a0\u00bb, confie Anis Hallassa, juste apr\u00e8s le combat.<\/p>\n<p><span class=\"post-views-label\">Post Views:<\/span> <span class=\"post-views-count\">785<\/span><\/p>\n<p><br class=\"c5\"\/><\/p>\n<p>Auteur: Farouk Djouadi<br \/>\n<a href=\"https:\/\/www.elwatan.com\/edition\/sports\/karate-do-le-junior-algerien-anis-hallassa-sacre-champion-du-monde-25-10-2019\">Cliquez ici pour lire l&rsquo;article depuis sa source.<\/a><\/p>\n","protected":false},"excerpt":{"rendered":"<p>Anis Hallassa, champion du monde de Karat\u00e9 Do. Une premi\u00e8re dans l\u2019histoire du\u00a0 Karat\u00e9\u00a0 alg\u00e9rien. Le junior Anis Hallassa (-55kg) a \u00e9t\u00e9\u00a0 sacr\u00e9 aujourd\u2019hui champion\u00a0 du monde\u00a0 en battant le marocain Jina \u00a0Abdelali, lors\u00a0de la 3e \u00e9dition des mondiaux de Karat\u00e9 Do qui se d\u00e9roulent \u00e0 Santiago,\u00a0au Chili. Le Constantinois Hallassa, 3e au\u00a0championnat m\u00e9diterran\u00e9en disput\u00e9 [&hellip;]<\/p>\n","protected":false},"author":1743,"featured_media":65541,"comment_status":"closed","ping_status":"closed","sticky":false,"template":"","format":"standard","meta":{"fifu_image_url":"","fifu_image_alt":"","footnotes":""},"categories":[73,53],"tags":[],"class_list":["post-65540","post","type-post","status-publish","format-standard","has-post-thumbnail","hentry","category-actualite","category-algerie"],"_links":{"self":[{"href":"https:\/\/linitiative.ca\/International\/wp-json\/wp\/v2\/posts\/65540","targetHints":{"allow":["GET"]}}],"collection":[{"href":"https:\/\/linitiative.ca\/International\/wp-json\/wp\/v2\/posts"}],"about":[{"href":"https:\/\/linitiative.ca\/International\/wp-json\/wp\/v2\/types\/post"}],"author":[{"embeddable":true,"href":"https:\/\/linitiative.ca\/International\/wp-json\/wp\/v2\/users\/1743"}],"replies":[{"embeddable":true,"href":"https:\/\/linitiative.ca\/International\/wp-json\/wp\/v2\/comments?post=65540"}],"version-history":[{"count":0,"href":"https:\/\/linitiative.ca\/International\/wp-json\/wp\/v2\/posts\/65540\/revisions"}],"wp:featuredmedia":[{"embeddable":true,"href":"https:\/\/linitiative.ca\/International\/wp-json\/"}],"wp:attachment":[{"href":"https:\/\/linitiative.ca\/International\/wp-json\/wp\/v2\/media?parent=65540"}],"wp:term":[{"taxonomy":"category","embeddable":true,"href":"https:\/\/linitiative.ca\/International\/wp-json\/wp\/v2\/categories?post=65540"},{"taxonomy":"post_tag","embeddable":true,"href":"https:\/\/linitiative.ca\/International\/wp-json\/wp\/v2\/tags?post=65540"}],"curies":[{"name":"wp","href":"https:\/\/api.w.org\/{rel}","templated":true}]}}